{"id":74654,"date":"2024-12-02T14:06:48","date_gmt":"2024-12-02T13:06:48","guid":{"rendered":"https:\/\/www.ubfc.fr\/?p=74654"},"modified":"2024-12-02T14:06:48","modified_gmt":"2024-12-02T13:06:48","slug":"ubfc-devient-un-epe-au-1er-janvier-2025","status":"publish","type":"post","link":"https:\/\/www.ubfc.fr\/en\/ubfc-devient-un-epe-au-1er-janvier-2025\/","title":{"rendered":"COMMUNIQU\u00c9 &#8211; Au 1er janvier 2025 UBFC devient un \u00c9tablissement Public Exp\u00e9rimental"},"content":{"rendered":"\t\t<div data-elementor-type=\"wp-post\" data-elementor-id=\"74654\" class=\"elementor elementor-74654\" data-elementor-post-type=\"post\">\n\t\t\t\t\t\t<section class=\"elementor-section elementor-top-section elementor-element elementor-element-a4c36dc elementor-section-boxed elementor-section-height-default elementor-section-height-default\" data-id=\"a4c36dc\" data-element_type=\"section\" data-e-type=\"section\">\n\t\t\t\t\t\t<div class=\"elementor-container elementor-column-gap-default\">\n\t\t\t\t\t<div class=\"elementor-column elementor-col-100 elementor-top-column elementor-element elementor-element-e60f97a\" data-id=\"e60f97a\" data-element_type=\"column\" data-e-type=\"column\">\n\t\t\t<div class=\"elementor-widget-wrap elementor-element-populated\">\n\t\t\t\t\t\t<div class=\"elementor-element elementor-element-e7eff39 elementor-widget elementor-widget-text-editor\" data-id=\"e7eff39\" data-element_type=\"widget\" data-e-type=\"widget\" data-widget_type=\"text-editor.default\">\n\t\t\t\t<div class=\"elementor-widget-container\">\n\t\t\t\t\t\t\t\t\t<div id=\"zimbraEditorContainer\" class=\"6\"><div><h5>Le d\u00e9cret actant la cr\u00e9ation de l&#8217;\u00c9tablissement Public Exp\u00e9rimental (EPE) au 1er <span id=\"OBJ_PREFIX_DWT4793_com_zimbra_date\" class=\"Object\"><span id=\"OBJ_PREFIX_DWT4800_com_zimbra_date\" class=\"Object\"><span id=\"OBJ_PREFIX_DWT11267_com_zimbra_date\" class=\"Object\" role=\"link\"><span id=\"OBJ_PREFIX_DWT11273_com_zimbra_date\" class=\"Object\" role=\"link\">janvier 2025<\/span><\/span><\/span><\/span> est paru le <span id=\"OBJ_PREFIX_DWT4620_com_zimbra_date\" class=\"Object\"><span id=\"OBJ_PREFIX_DWT4794_com_zimbra_date\" class=\"Object\"><span id=\"OBJ_PREFIX_DWT4801_com_zimbra_date\" class=\"Object\"><span id=\"OBJ_PREFIX_DWT11268_com_zimbra_date\" class=\"Object\" role=\"link\"><span id=\"OBJ_PREFIX_DWT11274_com_zimbra_date\" class=\"Object\" role=\"link\">samedi 30 novembre 2024<\/span><\/span><\/span><\/span><\/span>.<\/h5><br \/><div>Ce dernier acte administratif met un terme \u00e0 l&#8217;existence d&#8217;UBFC sous sa forme actuelle. L&#8217;EPE se substitue \u00e0 la ComUE UBFC et \u00e0 l&#8217;UFC.<div><p>Il est compos\u00e9 en outre de deux \u00e9tablissements composantes qui conservent leur personnalit\u00e9 morale : l\u2019UTBM et SUPMICROTECH ENSMM, et de six \u00e9tablissements associ\u00e9s : l\u2019ENSAM au titre de son campus de Cluny, le CHU de Besan\u00e7on, l\u2019ISBA, l\u2019ESTA, l\u2019EFS-BFC et le CROUS-BFC. L\u2019Institut Agro au titre de son \u00e9cole dijonnaise (IAD) sera associ\u00e9 par convention simple.<\/p><\/div><div>\u00a0<\/div>La cr\u00e9ation de l&#8217;EPE \u00e9tant effective le lendemain de la parution de ce d\u00e9cret, la pr\u00e9sidente de l&#8217;UFC, Macha Woronoff exerce d\u00e8s <span id=\"OBJ_PREFIX_DWT189_com_zimbra_date\" class=\"Object\">aujourd&#8217;hui <\/span><em>&#8221; les attributions de pr\u00e9sident de l&#8217;EPE<\/em>\u00a0&#8221; (article 9). <\/div><\/div><\/div><div class=\"6\">\u00a0<\/div><div class=\"6\">En savoir +\u00a0<span id=\"OBJ_PREFIX_DWT729_com_zimbra_url\" class=\"Object\"><span id=\"OBJ_PREFIX_DWT730_com_zimbra_url\" class=\"Object\"><span id=\"OBJ_PREFIX_DWT4621_com_zimbra_url\" class=\"Object\"><span id=\"OBJ_PREFIX_DWT4795_com_zimbra_url\" class=\"Object\"><span id=\"OBJ_PREFIX_DWT4802_com_zimbra_url\" class=\"Object\"><span id=\"OBJ_PREFIX_DWT11269_com_zimbra_url\" class=\"Object\" role=\"link\"><span id=\"OBJ_PREFIX_DWT11275_com_zimbra_url\" class=\"Object\" role=\"link\"><a href=\"https:\/\/www.legifrance.gouv.fr\/jorf\/id\/JORFTEXT000050685936\" target=\"_blank\" rel=\"noopener nofollow noopener noreferrer nofollow noopener noreferrer nofollow noopener noreferrer nofollow noopener noreferrer nofollow noopener noreferrer nofollow noopener noreferrer nofollow noopener noreferrer nofollow noopener noreferrer nofollow noopener noreferrer\">https:\/\/www.legifrance.gouv.fr\/jorf\/id\/JORFTEXT000050685936<\/a><\/span><\/span><\/span><\/span><\/span><\/span><\/span><\/div>\t\t\t\t\t\t\t\t<\/div>\n\t\t\t\t<\/div>\n\t\t\t\t\t<\/div>\n\t\t<\/div>\n\t\t\t\t\t<\/div>\n\t\t<\/section>\n\t\t\t\t<\/div>\n\t\t","protected":false},"excerpt":{"rendered":"<p>Le d\u00e9cret actant la cr\u00e9ation de l&#8217;\u00c9tablissement Public Exp\u00e9rimental (EPE) au 1er janvier 2025 est paru le samedi 30 novembre 2024. Ce dernier acte administratif met un terme \u00e0 l&#8217;existence d&#8217;UBFC sous sa forme actuelle. L&#8217;EPE se substitue \u00e0 la ComUE UBFC et \u00e0 l&#8217;UFC. Il est compos\u00e9 en outre de deux \u00e9tablissements composantes qui &hellip; <a href=\"https:\/\/www.ubfc.fr\/en\/ubfc-devient-un-epe-au-1er-janvier-2025\/\">Continued<\/a><\/p>\n","protected":false},"author":60,"featured_media":74659,"comment_status":"closed","ping_status":"closed","sticky":false,"template":"","format":"standard","meta":{"_acf_changed":false,"footnotes":""},"categories":[14],"class_list":["post-74654","post","type-post","status-publish","format-standard","has-post-thumbnail","hentry","category-ubfc"],"acf":[],"yoast_head":"<!-- This site is optimized with the Yoast SEO plugin v27.4 - https:\/\/yoast.com\/product\/yoast-seo-wordpress\/ -->\n<title>COMMUNIQU\u00c9 - Au 1er janvier 2025 UBFC devient un \u00c9tablissement Public Exp\u00e9rimental - COMUE Universit\u00e9 Bourgogne-Franche-Comt\u00e9<\/title>\n<meta name=\"robots\" content=\"index, follow, max-snippet:-1, max-image-preview:large, max-video-preview:-1\" \/>\n<link rel=\"canonical\" href=\"https:\/\/www.ubfc.fr\/ubfc-devient-un-epe-au-1er-janvier-2025\/\" \/>\n<meta property=\"og:locale\" content=\"en_US\" \/>\n<meta property=\"og:type\" content=\"article\" \/>\n<meta property=\"og:title\" content=\"COMMUNIQU\u00c9 - Au 1er janvier 2025 UBFC devient un \u00c9tablissement Public Exp\u00e9rimental - COMUE Universit\u00e9 Bourgogne-Franche-Comt\u00e9\" \/>\n<meta property=\"og:description\" content=\"Le d\u00e9cret actant la cr\u00e9ation de l&#8217;\u00c9tablissement Public Exp\u00e9rimental (EPE) au 1er janvier 2025 est paru le samedi 30 novembre 2024. Ce dernier acte administratif met un terme \u00e0 l&#8217;existence d&#8217;UBFC sous sa forme actuelle. L&#8217;EPE se substitue \u00e0 la ComUE UBFC et \u00e0 l&#8217;UFC. Il est compos\u00e9 en outre de deux \u00e9tablissements composantes qui &hellip; Continued\" \/>\n<meta property=\"og:url\" content=\"https:\/\/www.ubfc.fr\/ubfc-devient-un-epe-au-1er-janvier-2025\/\" \/>\n<meta property=\"og:site_name\" content=\"COMUE Universit\u00e9 Bourgogne-Franche-Comt\u00e9\" \/>\n<meta property=\"article:publisher\" content=\"https:\/\/www.facebook.com\/UnivBFC\/\" \/>\n<meta property=\"article:published_time\" content=\"2024-12-02T13:06:48+00:00\" \/>\n<meta property=\"og:image\" content=\"https:\/\/www.ubfc.fr\/wp-content\/uploads\/2024\/12\/Decret-vignette.png\" \/>\n\t<meta property=\"og:image:width\" content=\"422\" \/>\n\t<meta property=\"og:image:height\" content=\"572\" \/>\n\t<meta property=\"og:image:type\" content=\"image\/png\" \/>\n<meta name=\"author\" content=\"Fanny Ajak\" \/>\n<meta name=\"twitter:card\" content=\"summary_large_image\" \/>\n<meta name=\"twitter:creator\" content=\"@univ_bfc\" \/>\n<meta name=\"twitter:site\" content=\"@univ_bfc\" \/>\n<meta name=\"twitter:label1\" content=\"Written by\" \/>\n\t<meta name=\"twitter:data1\" content=\"Fanny Ajak\" \/>\n\t<meta name=\"twitter:label2\" content=\"Est. reading time\" \/>\n\t<meta name=\"twitter:data2\" content=\"1 minute\" \/>\n<script type=\"application\/ld+json\" class=\"yoast-schema-graph\">{\"@context\":\"https:\\\/\\\/schema.org\",\"@graph\":[{\"@type\":\"Article\",\"@id\":\"https:\\\/\\\/www.ubfc.fr\\\/ubfc-devient-un-epe-au-1er-janvier-2025\\\/#article\",\"isPartOf\":{\"@id\":\"https:\\\/\\\/www.ubfc.fr\\\/ubfc-devient-un-epe-au-1er-janvier-2025\\\/\"},\"author\":{\"name\":\"Fanny Ajak\",\"@id\":\"https:\\\/\\\/www.ubfc.fr\\\/#\\\/schema\\\/person\\\/692829a283f52bc4a247708371ee307a\"},\"headline\":\"COMMUNIQU\u00c9 &#8211; Au 1er janvier 2025 UBFC devient un \u00c9tablissement Public Exp\u00e9rimental\",\"datePublished\":\"2024-12-02T13:06:48+00:00\",\"mainEntityOfPage\":{\"@id\":\"https:\\\/\\\/www.ubfc.fr\\\/ubfc-devient-un-epe-au-1er-janvier-2025\\\/\"},\"wordCount\":171,\"publisher\":{\"@id\":\"https:\\\/\\\/www.ubfc.fr\\\/#organization\"},\"image\":{\"@id\":\"https:\\\/\\\/www.ubfc.fr\\\/ubfc-devient-un-epe-au-1er-janvier-2025\\\/#primaryimage\"},\"thumbnailUrl\":\"https:\\\/\\\/www.ubfc.fr\\\/wp-content\\\/uploads\\\/2024\\\/12\\\/Decret-vignette.png\",\"articleSection\":[\"UBFC\"],\"inLanguage\":\"en-US\"},{\"@type\":\"WebPage\",\"@id\":\"https:\\\/\\\/www.ubfc.fr\\\/ubfc-devient-un-epe-au-1er-janvier-2025\\\/\",\"url\":\"https:\\\/\\\/www.ubfc.fr\\\/ubfc-devient-un-epe-au-1er-janvier-2025\\\/\",\"name\":\"COMMUNIQU\u00c9 - Au 1er janvier 2025 UBFC devient un \u00c9tablissement Public Exp\u00e9rimental - COMUE Universit\u00e9 Bourgogne-Franche-Comt\u00e9\",\"isPartOf\":{\"@id\":\"https:\\\/\\\/www.ubfc.fr\\\/#website\"},\"primaryImageOfPage\":{\"@id\":\"https:\\\/\\\/www.ubfc.fr\\\/ubfc-devient-un-epe-au-1er-janvier-2025\\\/#primaryimage\"},\"image\":{\"@id\":\"https:\\\/\\\/www.ubfc.fr\\\/ubfc-devient-un-epe-au-1er-janvier-2025\\\/#primaryimage\"},\"thumbnailUrl\":\"https:\\\/\\\/www.ubfc.fr\\\/wp-content\\\/uploads\\\/2024\\\/12\\\/Decret-vignette.png\",\"datePublished\":\"2024-12-02T13:06:48+00:00\",\"breadcrumb\":{\"@id\":\"https:\\\/\\\/www.ubfc.fr\\\/ubfc-devient-un-epe-au-1er-janvier-2025\\\/#breadcrumb\"},\"inLanguage\":\"en-US\",\"potentialAction\":[{\"@type\":\"ReadAction\",\"target\":[\"https:\\\/\\\/www.ubfc.fr\\\/ubfc-devient-un-epe-au-1er-janvier-2025\\\/\"]}]},{\"@type\":\"ImageObject\",\"inLanguage\":\"en-US\",\"@id\":\"https:\\\/\\\/www.ubfc.fr\\\/ubfc-devient-un-epe-au-1er-janvier-2025\\\/#primaryimage\",\"url\":\"https:\\\/\\\/www.ubfc.fr\\\/wp-content\\\/uploads\\\/2024\\\/12\\\/Decret-vignette.png\",\"contentUrl\":\"https:\\\/\\\/www.ubfc.fr\\\/wp-content\\\/uploads\\\/2024\\\/12\\\/Decret-vignette.png\",\"width\":422,\"height\":572},{\"@type\":\"BreadcrumbList\",\"@id\":\"https:\\\/\\\/www.ubfc.fr\\\/ubfc-devient-un-epe-au-1er-janvier-2025\\\/#breadcrumb\",\"itemListElement\":[{\"@type\":\"ListItem\",\"position\":1,\"name\":\"Accueil\",\"item\":\"https:\\\/\\\/www.ubfc.fr\\\/en\\\/\"},{\"@type\":\"ListItem\",\"position\":2,\"name\":\"COMMUNIQU\u00c9 &#8211; Au 1er janvier 2025 UBFC devient un \u00c9tablissement Public Exp\u00e9rimental\"}]},{\"@type\":\"WebSite\",\"@id\":\"https:\\\/\\\/www.ubfc.fr\\\/#website\",\"url\":\"https:\\\/\\\/www.ubfc.fr\\\/\",\"name\":\"COMUE Universit\u00e9 Bourgogne-Franche-Comt\u00e9\",\"description\":\"\",\"publisher\":{\"@id\":\"https:\\\/\\\/www.ubfc.fr\\\/#organization\"},\"potentialAction\":[{\"@type\":\"SearchAction\",\"target\":{\"@type\":\"EntryPoint\",\"urlTemplate\":\"https:\\\/\\\/www.ubfc.fr\\\/?s={search_term_string}\"},\"query-input\":{\"@type\":\"PropertyValueSpecification\",\"valueRequired\":true,\"valueName\":\"search_term_string\"}}],\"inLanguage\":\"en-US\"},{\"@type\":\"Organization\",\"@id\":\"https:\\\/\\\/www.ubfc.fr\\\/#organization\",\"name\":\"Universit\u00e9 Bourgogne-Franche-Comt\u00e9\",\"url\":\"https:\\\/\\\/www.ubfc.fr\\\/\",\"logo\":{\"@type\":\"ImageObject\",\"inLanguage\":\"en-US\",\"@id\":\"https:\\\/\\\/www.ubfc.fr\\\/#\\\/schema\\\/logo\\\/image\\\/\",\"url\":\"https:\\\/\\\/www.ubfc.fr\\\/wp-content\\\/uploads\\\/2022\\\/03\\\/vagueUBFC_favicon.png\",\"contentUrl\":\"https:\\\/\\\/www.ubfc.fr\\\/wp-content\\\/uploads\\\/2022\\\/03\\\/vagueUBFC_favicon.png\",\"width\":512,\"height\":512,\"caption\":\"Universit\u00e9 Bourgogne-Franche-Comt\u00e9\"},\"image\":{\"@id\":\"https:\\\/\\\/www.ubfc.fr\\\/#\\\/schema\\\/logo\\\/image\\\/\"},\"sameAs\":[\"https:\\\/\\\/www.facebook.com\\\/UnivBFC\\\/\",\"https:\\\/\\\/x.com\\\/univ_bfc\",\"https:\\\/\\\/www.linkedin.com\\\/school\\\/universitebourgognefranchecomte\\\/mycompany\\\/\"]},{\"@type\":\"Person\",\"@id\":\"https:\\\/\\\/www.ubfc.fr\\\/#\\\/schema\\\/person\\\/692829a283f52bc4a247708371ee307a\",\"name\":\"Fanny Ajak\"}]}<\/script>\n<!-- \/ Yoast SEO plugin. -->","yoast_head_json":{"title":"COMMUNIQU\u00c9 - Au 1er janvier 2025 UBFC devient un \u00c9tablissement Public Exp\u00e9rimental - COMUE Universit\u00e9 Bourgogne-Franche-Comt\u00e9","robots":{"index":"index","follow":"follow","max-snippet":"max-snippet:-1","max-image-preview":"max-image-preview:large","max-video-preview":"max-video-preview:-1"},"canonical":"https:\/\/www.ubfc.fr\/ubfc-devient-un-epe-au-1er-janvier-2025\/","og_locale":"en_US","og_type":"article","og_title":"COMMUNIQU\u00c9 - Au 1er janvier 2025 UBFC devient un \u00c9tablissement Public Exp\u00e9rimental - COMUE Universit\u00e9 Bourgogne-Franche-Comt\u00e9","og_description":"Le d\u00e9cret actant la cr\u00e9ation de l&#8217;\u00c9tablissement Public Exp\u00e9rimental (EPE) au 1er janvier 2025 est paru le samedi 30 novembre 2024. Ce dernier acte administratif met un terme \u00e0 l&#8217;existence d&#8217;UBFC sous sa forme actuelle. L&#8217;EPE se substitue \u00e0 la ComUE UBFC et \u00e0 l&#8217;UFC. Il est compos\u00e9 en outre de deux \u00e9tablissements composantes qui &hellip; Continued","og_url":"https:\/\/www.ubfc.fr\/ubfc-devient-un-epe-au-1er-janvier-2025\/","og_site_name":"COMUE Universit\u00e9 Bourgogne-Franche-Comt\u00e9","article_publisher":"https:\/\/www.facebook.com\/UnivBFC\/","article_published_time":"2024-12-02T13:06:48+00:00","og_image":[{"width":422,"height":572,"url":"https:\/\/www.ubfc.fr\/wp-content\/uploads\/2024\/12\/Decret-vignette.png","type":"image\/png"}],"author":"Fanny Ajak","twitter_card":"summary_large_image","twitter_creator":"@univ_bfc","twitter_site":"@univ_bfc","twitter_misc":{"Written by":"Fanny Ajak","Est. reading time":"1 minute"},"schema":{"@context":"https:\/\/schema.org","@graph":[{"@type":"Article","@id":"https:\/\/www.ubfc.fr\/ubfc-devient-un-epe-au-1er-janvier-2025\/#article","isPartOf":{"@id":"https:\/\/www.ubfc.fr\/ubfc-devient-un-epe-au-1er-janvier-2025\/"},"author":{"name":"Fanny Ajak","@id":"https:\/\/www.ubfc.fr\/#\/schema\/person\/692829a283f52bc4a247708371ee307a"},"headline":"COMMUNIQU\u00c9 &#8211; Au 1er janvier 2025 UBFC devient un \u00c9tablissement Public Exp\u00e9rimental","datePublished":"2024-12-02T13:06:48+00:00","mainEntityOfPage":{"@id":"https:\/\/www.ubfc.fr\/ubfc-devient-un-epe-au-1er-janvier-2025\/"},"wordCount":171,"publisher":{"@id":"https:\/\/www.ubfc.fr\/#organization"},"image":{"@id":"https:\/\/www.ubfc.fr\/ubfc-devient-un-epe-au-1er-janvier-2025\/#primaryimage"},"thumbnailUrl":"https:\/\/www.ubfc.fr\/wp-content\/uploads\/2024\/12\/Decret-vignette.png","articleSection":["UBFC"],"inLanguage":"en-US"},{"@type":"WebPage","@id":"https:\/\/www.ubfc.fr\/ubfc-devient-un-epe-au-1er-janvier-2025\/","url":"https:\/\/www.ubfc.fr\/ubfc-devient-un-epe-au-1er-janvier-2025\/","name":"COMMUNIQU\u00c9 - Au 1er janvier 2025 UBFC devient un \u00c9tablissement Public Exp\u00e9rimental - COMUE Universit\u00e9 Bourgogne-Franche-Comt\u00e9","isPartOf":{"@id":"https:\/\/www.ubfc.fr\/#website"},"primaryImageOfPage":{"@id":"https:\/\/www.ubfc.fr\/ubfc-devient-un-epe-au-1er-janvier-2025\/#primaryimage"},"image":{"@id":"https:\/\/www.ubfc.fr\/ubfc-devient-un-epe-au-1er-janvier-2025\/#primaryimage"},"thumbnailUrl":"https:\/\/www.ubfc.fr\/wp-content\/uploads\/2024\/12\/Decret-vignette.png","datePublished":"2024-12-02T13:06:48+00:00","breadcrumb":{"@id":"https:\/\/www.ubfc.fr\/ubfc-devient-un-epe-au-1er-janvier-2025\/#breadcrumb"},"inLanguage":"en-US","potentialAction":[{"@type":"ReadAction","target":["https:\/\/www.ubfc.fr\/ubfc-devient-un-epe-au-1er-janvier-2025\/"]}]},{"@type":"ImageObject","inLanguage":"en-US","@id":"https:\/\/www.ubfc.fr\/ubfc-devient-un-epe-au-1er-janvier-2025\/#primaryimage","url":"https:\/\/www.ubfc.fr\/wp-content\/uploads\/2024\/12\/Decret-vignette.png","contentUrl":"https:\/\/www.ubfc.fr\/wp-content\/uploads\/2024\/12\/Decret-vignette.png","width":422,"height":572},{"@type":"BreadcrumbList","@id":"https:\/\/www.ubfc.fr\/ubfc-devient-un-epe-au-1er-janvier-2025\/#breadcrumb","itemListElement":[{"@type":"ListItem","position":1,"name":"Accueil","item":"https:\/\/www.ubfc.fr\/en\/"},{"@type":"ListItem","position":2,"name":"COMMUNIQU\u00c9 &#8211; Au 1er janvier 2025 UBFC devient un \u00c9tablissement Public Exp\u00e9rimental"}]},{"@type":"WebSite","@id":"https:\/\/www.ubfc.fr\/#website","url":"https:\/\/www.ubfc.fr\/","name":"COMUE Universit\u00e9 Bourgogne-Franche-Comt\u00e9","description":"","publisher":{"@id":"https:\/\/www.ubfc.fr\/#organization"},"potentialAction":[{"@type":"SearchAction","target":{"@type":"EntryPoint","urlTemplate":"https:\/\/www.ubfc.fr\/?s={search_term_string}"},"query-input":{"@type":"PropertyValueSpecification","valueRequired":true,"valueName":"search_term_string"}}],"inLanguage":"en-US"},{"@type":"Organization","@id":"https:\/\/www.ubfc.fr\/#organization","name":"Universit\u00e9 Bourgogne-Franche-Comt\u00e9","url":"https:\/\/www.ubfc.fr\/","logo":{"@type":"ImageObject","inLanguage":"en-US","@id":"https:\/\/www.ubfc.fr\/#\/schema\/logo\/image\/","url":"https:\/\/www.ubfc.fr\/wp-content\/uploads\/2022\/03\/vagueUBFC_favicon.png","contentUrl":"https:\/\/www.ubfc.fr\/wp-content\/uploads\/2022\/03\/vagueUBFC_favicon.png","width":512,"height":512,"caption":"Universit\u00e9 Bourgogne-Franche-Comt\u00e9"},"image":{"@id":"https:\/\/www.ubfc.fr\/#\/schema\/logo\/image\/"},"sameAs":["https:\/\/www.facebook.com\/UnivBFC\/","https:\/\/x.com\/univ_bfc","https:\/\/www.linkedin.com\/school\/universitebourgognefranchecomte\/mycompany\/"]},{"@type":"Person","@id":"https:\/\/www.ubfc.fr\/#\/schema\/person\/692829a283f52bc4a247708371ee307a","name":"Fanny Ajak"}]}},"_links":{"self":[{"href":"https:\/\/www.ubfc.fr\/en\/wp-json\/wp\/v2\/posts\/74654","targetHints":{"allow":["GET"]}}],"collection":[{"href":"https:\/\/www.ubfc.fr\/en\/wp-json\/wp\/v2\/posts"}],"about":[{"href":"https:\/\/www.ubfc.fr\/en\/wp-json\/wp\/v2\/types\/post"}],"author":[{"embeddable":true,"href":"https:\/\/www.ubfc.fr\/en\/wp-json\/wp\/v2\/users\/60"}],"replies":[{"embeddable":true,"href":"https:\/\/www.ubfc.fr\/en\/wp-json\/wp\/v2\/comments?post=74654"}],"version-history":[{"count":5,"href":"https:\/\/www.ubfc.fr\/en\/wp-json\/wp\/v2\/posts\/74654\/revisions"}],"predecessor-version":[{"id":74660,"href":"https:\/\/www.ubfc.fr\/en\/wp-json\/wp\/v2\/posts\/74654\/revisions\/74660"}],"wp:featuredmedia":[{"embeddable":true,"href":"https:\/\/www.ubfc.fr\/en\/wp-json\/wp\/v2\/media\/74659"}],"wp:attachment":[{"href":"https:\/\/www.ubfc.fr\/en\/wp-json\/wp\/v2\/media?parent=74654"}],"wp:term":[{"taxonomy":"category","embeddable":true,"href":"https:\/\/www.ubfc.fr\/en\/wp-json\/wp\/v2\/categories?post=74654"}],"curies":[{"name":"wp","href":"https:\/\/api.w.org\/{rel}","templated":true}]}}