{"id":62782,"date":"2022-06-30T10:20:41","date_gmt":"2022-06-30T08:20:41","guid":{"rendered":"https:\/\/www.ubfc.fr\/?p=62782"},"modified":"2022-06-30T10:24:33","modified_gmt":"2022-06-30T08:24:33","slug":"comment-le-secteur-audiovisuel-mondial-a-ete-radicalement-bouleverse-par-le-covid-19","status":"publish","type":"post","link":"https:\/\/www.ubfc.fr\/en\/comment-le-secteur-audiovisuel-mondial-a-ete-radicalement-bouleverse-par-le-covid-19\/","title":{"rendered":"Comment le secteur audiovisuel mondial a \u00e9t\u00e9 radicalement boulevers\u00e9 par le Covid-19"},"content":{"rendered":"\t\t<div data-elementor-type=\"wp-post\" data-elementor-id=\"62782\" class=\"elementor elementor-62782\" data-elementor-post-type=\"post\">\n\t\t\t\t\t\t<section class=\"elementor-section elementor-top-section elementor-element elementor-element-40a88b7 elementor-section-boxed elementor-section-height-default elementor-section-height-default\" data-id=\"40a88b7\" data-element_type=\"section\" data-e-type=\"section\">\n\t\t\t\t\t\t<div class=\"elementor-container elementor-column-gap-default\">\n\t\t\t\t\t<div class=\"elementor-column elementor-col-25 elementor-top-column elementor-element elementor-element-ae4c653\" data-id=\"ae4c653\" data-element_type=\"column\" data-e-type=\"column\">\n\t\t\t<div class=\"elementor-widget-wrap\">\n\t\t\t\t\t\t\t<\/div>\n\t\t<\/div>\n\t\t\t\t<div class=\"elementor-column elementor-col-50 elementor-top-column elementor-element elementor-element-2fdfd84\" data-id=\"2fdfd84\" data-element_type=\"column\" data-e-type=\"column\">\n\t\t\t<div class=\"elementor-widget-wrap elementor-element-populated\">\n\t\t\t\t\t\t<div class=\"elementor-element elementor-element-e7ce593 elementor-widget elementor-widget-text-editor\" data-id=\"e7ce593\" data-element_type=\"widget\" data-e-type=\"widget\" data-widget_type=\"text-editor.default\">\n\t\t\t\t<div class=\"elementor-widget-container\">\n\t\t\t\t\t\t\t\t\t<figure><img decoding=\"async\" src=\"https:\/\/images.theconversation.com\/files\/470331\/original\/file-20220622-7895-iw6y88.jpg?ixlib=rb-1.1.0&amp;rect=3%2C3%2C1017%2C662&amp;q=45&amp;auto=format&amp;w=754&amp;fit=clip\" \/><figcaption>Un cin\u00e9ma ferm\u00e9, \u00e0 l&#8217;\u00e9t\u00e9 2020.\n<span class=\"attribution\"><span class=\"source\">AFP<\/span><\/span><\/figcaption><\/figure>\t\t\t\t\t\t\t\t<\/div>\n\t\t\t\t<\/div>\n\t\t\t\t\t<\/div>\n\t\t<\/div>\n\t\t\t\t<div class=\"elementor-column elementor-col-25 elementor-top-column elementor-element elementor-element-65d6ddf\" data-id=\"65d6ddf\" data-element_type=\"column\" data-e-type=\"column\">\n\t\t\t<div class=\"elementor-widget-wrap\">\n\t\t\t\t\t\t\t<\/div>\n\t\t<\/div>\n\t\t\t\t\t<\/div>\n\t\t<\/section>\n\t\t\t\t<section class=\"elementor-section elementor-top-section elementor-element elementor-element-b620b82 elementor-section-boxed elementor-section-height-default elementor-section-height-default\" data-id=\"b620b82\" data-element_type=\"section\" data-e-type=\"section\">\n\t\t\t\t\t\t<div class=\"elementor-container elementor-column-gap-default\">\n\t\t\t\t\t<div class=\"elementor-column elementor-col-100 elementor-top-column elementor-element elementor-element-630a59a\" data-id=\"630a59a\" data-element_type=\"column\" data-e-type=\"column\">\n\t\t\t<div class=\"elementor-widget-wrap elementor-element-populated\">\n\t\t\t\t\t\t<div class=\"elementor-element elementor-element-a8125d2 elementor-widget elementor-widget-text-editor\" data-id=\"a8125d2\" data-element_type=\"widget\" data-e-type=\"widget\" data-widget_type=\"text-editor.default\">\n\t\t\t\t<div class=\"elementor-widget-container\">\n\t\t\t\t\t\t\t\t\t<p><a href=\"https:\/\/theconversation.com\/profiles\/marilena-vecco-1295341\">Marilena Vecco<\/a>, <em><a href=\"https:\/\/theconversation.com\/institutions\/burgundy-school-of-business-2355\">Burgundy School of Business <\/a><\/em><\/p>\t\t\t\t\t\t\t\t<\/div>\n\t\t\t\t<\/div>\n\t\t\t\t\t<\/div>\n\t\t<\/div>\n\t\t\t\t\t<\/div>\n\t\t<\/section>\n\t\t\t\t<section class=\"elementor-section elementor-top-section elementor-element elementor-element-03bb3fd elementor-section-boxed elementor-section-height-default elementor-section-height-default\" data-id=\"03bb3fd\" data-element_type=\"section\" data-e-type=\"section\">\n\t\t\t\t\t\t<div class=\"elementor-container elementor-column-gap-default\">\n\t\t\t\t\t<div class=\"elementor-column elementor-col-100 elementor-top-column elementor-element elementor-element-1df24c5\" data-id=\"1df24c5\" data-element_type=\"column\" data-e-type=\"column\">\n\t\t\t<div class=\"elementor-widget-wrap elementor-element-populated\">\n\t\t\t\t\t\t<div class=\"elementor-element elementor-element-bfa5632 elementor-widget elementor-widget-text-editor\" data-id=\"bfa5632\" data-element_type=\"widget\" data-e-type=\"widget\" data-widget_type=\"text-editor.default\">\n\t\t\t\t<div class=\"elementor-widget-container\">\n\t\t\t\t\t\t\t\t\t<p>\u00ab Le Covid-19 a fait perdre 19 milliards d\u2019euros aux cin\u00e9mas en Europe \u00bb, titrait le <em>Monde<\/em> le 22 juin dernier.<\/p><p>Afin de mesurer l\u2019impact du Covid-19 sur l\u2019ensemble des secteurs artistiques et culturels \u00e0 travers le monde, et tout particuli\u00e8rement le secteur de l\u2019audiovisuel, <a href=\"https:\/\/www.wipo.int\/meetings\/en\/2022\/info-session-impact-covid-19-copyright-ecosystems.html\">nous avons men\u00e9 une recherche au niveau mondial<\/a> \u00e0 la demande de l\u2019Organisation mondiale de la propri\u00e9t\u00e9 intellectuelle (OMPI).<\/p><p>Celui-ci se divise en plusieurs segments : cin\u00e9ma, t\u00e9l\u00e9vision, radio, industries de la vid\u00e9o et du multim\u00e9dia, incluant les services de vid\u00e9o \u00e0 la demande (SVOD) ou de t\u00e9l\u00e9vision en replay. Les premi\u00e8res analyses montrent un renforcement sans pr\u00e9c\u00e9dent des plates-formes mondiales en ligne (Netflix, Amazon Prime Video, Disney Plus, Apple TV Plus ou HBO Max) qui indiquent un <a href=\"https:\/\/journals.sagepub.com\/doi\/full\/10.1177\/0163443721994537\">changement radical<\/a> dans la production, la diffusion et la consommation de contenu audiovisuel, imposant ce secteur comme le <a href=\"https:\/\/unesdoc.unesco.org\/ark:\/48223\/pf0000375307\">mod\u00e8le infrastructurel et \u00e9conomique dominant<\/a>.<\/p><p>Cependant, l\u2019instabilit\u00e9 li\u00e9e \u00e0 la pand\u00e9mie pourrait relancer la dynamique de concentration dans le secteur de l\u2019audiovisuel en raison de l\u2019action des plates-formes mondiales de streaming.<\/p>\t\t\t\t\t\t\t\t<\/div>\n\t\t\t\t<\/div>\n\t\t\t\t\t<\/div>\n\t\t<\/div>\n\t\t\t\t\t<\/div>\n\t\t<\/section>\n\t\t\t\t<section class=\"elementor-section elementor-top-section elementor-element elementor-element-194e332 elementor-section-boxed elementor-section-height-default elementor-section-height-default\" data-id=\"194e332\" data-element_type=\"section\" data-e-type=\"section\">\n\t\t\t\t\t\t<div class=\"elementor-container elementor-column-gap-default\">\n\t\t\t\t\t<div class=\"elementor-column elementor-col-100 elementor-top-column elementor-element elementor-element-2518f64\" data-id=\"2518f64\" data-element_type=\"column\" data-e-type=\"column\">\n\t\t\t<div class=\"elementor-widget-wrap elementor-element-populated\">\n\t\t\t\t\t\t<div class=\"elementor-element elementor-element-482ab65 elementor-widget elementor-widget-text-editor\" data-id=\"482ab65\" data-element_type=\"widget\" data-e-type=\"widget\" data-widget_type=\"text-editor.default\">\n\t\t\t\t<div class=\"elementor-widget-container\">\n\t\t\t\t\t\t\t\t\t<h2>Le cin\u00e9ma durement frapp\u00e9<\/h2><p>La pand\u00e9mie et les confinements ont mis la production et la distribution \u00e0 l\u2019arr\u00eat et r\u00e9duit de moiti\u00e9 les recettes des salles de cin\u00e9ma. En outre, la production de films a d\u00fb \u00eatre annul\u00e9e ou report\u00e9e.<\/p><p>La fermeture massive des cin\u00e9mas courant 2020 \u2013 et en d\u00e9pit d\u2019une tentative de promotion par la SVOD \u2013 a conduit les distributeurs\/producteurs \u00e0 se tourner vers les plates-formes en ligne pour diffuser des films initialement pr\u00e9vus pour la salle, ce qui a perturb\u00e9 <a href=\"https:\/\/rm.coe.int\/iris-plus-2020-2-the-european-audiovisual-industry-in-the-time-%20of-covi\/16809f9a46%20-%20Europe%20-%202020\">ce mod\u00e8le \u00e9conomique traditionnel<\/a> et les circuits de production.<\/p><p>Par exemple, en Chine, les <a href=\"https:\/\/research.hktdc.com\/en\/article\/NDI5NjcxNjA5\">recettes du box-office<\/a> pour les trois mois de f\u00e9vrier-avril 2020 ont baiss\u00e9 de 80 % par rapport \u00e0 la m\u00eame p\u00e9riode en 2019. <a href=\"https:\/\/www.britishcouncil.org\/research-policy-insight\/insight-articles\/impact-covid-19-arts-sector-china\">Une autre source<\/a> rapporte que plus de 6 000 entreprises li\u00e9es au cin\u00e9ma vont mettre la cl\u00e9 sous la porte et que plus de 1 000 cin\u00e9mas vont fermer d\u00e9finitivement \u00e0 travers le pays.<\/p>\t\t\t\t\t\t\t\t<\/div>\n\t\t\t\t<\/div>\n\t\t\t\t\t<\/div>\n\t\t<\/div>\n\t\t\t\t\t<\/div>\n\t\t<\/section>\n\t\t\t\t<section class=\"elementor-section elementor-top-section elementor-element elementor-element-9bbd3db elementor-section-boxed elementor-section-height-default elementor-section-height-default\" data-id=\"9bbd3db\" data-element_type=\"section\" data-e-type=\"section\">\n\t\t\t\t\t\t<div class=\"elementor-container elementor-column-gap-default\">\n\t\t\t\t\t<div class=\"elementor-column elementor-col-100 elementor-top-column elementor-element elementor-element-eefef88\" data-id=\"eefef88\" data-element_type=\"column\" data-e-type=\"column\">\n\t\t\t<div class=\"elementor-widget-wrap elementor-element-populated\">\n\t\t\t\t\t\t<div class=\"elementor-element elementor-element-610806f elementor-widget elementor-widget-text-editor\" data-id=\"610806f\" data-element_type=\"widget\" data-e-type=\"widget\" data-widget_type=\"text-editor.default\">\n\t\t\t\t<div class=\"elementor-widget-container\">\n\t\t\t\t\t\t\t\t\t<h2>Un secteur redynamis\u00e9 par les plates-formes<\/h2><p>Cependant, la nouvelle vague d\u2019expansion des plates-formes num\u00e9riques a paradoxalement contribu\u00e9 \u00e0 la croissance du secteur.<\/p><p>L\u2019Inde, qui <a href=\"https:\/\/www2.deloitte.com\/in\/en\/pages\/technology-media-and-telecommunications\/articles\/indywood-indian-film-industry.html\">produisait<\/a> entre 1 500 et 2 000 films environ par an (en 2016) illustre bien ce ph\u00e9nom\u00e8ne.<\/p><p>Alors que la pand\u00e9mie a entra\u00een\u00e9 la fermeture des salles de cin\u00e9ma, le <a href=\"https:\/\/www.rfi.fr\/en\/culture\/20210801-covid-19-crisis-hits-india-s-booming-film-industry-hard-bollywood-culture-%20television-economy\">march\u00e9 indien du streaming devrait conna\u00eetre une croissance<\/a> de 31 % entre 2019 et 2024.<\/p><p>Les effets \u00e0 long terme de la pand\u00e9mie sur le d\u00e9veloppement du secteur restent flous et d\u00e9pendront tr\u00e8s probablement des mesures politiques prises pour faire face \u00e0 la nouvelle situation normale des march\u00e9s audiovisuels. Ce qui est certain, c\u2019est que les effets de la pand\u00e9mie ne dispara\u00eetront pas avec la <a href=\"https:\/\/screendirectors.eu\/joint-film-and-audiovisual-sector-covid-19-%20statement-7-april-2020\/\">simple reprise des activit\u00e9s pr\u00e9-pand\u00e9mie<\/a> de production traditionnelle.<\/p>\t\t\t\t\t\t\t\t<\/div>\n\t\t\t\t<\/div>\n\t\t\t\t\t<\/div>\n\t\t<\/div>\n\t\t\t\t\t<\/div>\n\t\t<\/section>\n\t\t\t\t<section class=\"elementor-section elementor-top-section elementor-element elementor-element-ac890dd elementor-section-boxed elementor-section-height-default elementor-section-height-default\" data-id=\"ac890dd\" data-element_type=\"section\" data-e-type=\"section\">\n\t\t\t\t\t\t<div class=\"elementor-container elementor-column-gap-default\">\n\t\t\t\t\t<div class=\"elementor-column elementor-col-100 elementor-top-column elementor-element elementor-element-7219e07\" data-id=\"7219e07\" data-element_type=\"column\" data-e-type=\"column\">\n\t\t\t<div class=\"elementor-widget-wrap elementor-element-populated\">\n\t\t\t\t\t\t<div class=\"elementor-element elementor-element-0c529c4 elementor-widget elementor-widget-text-editor\" data-id=\"0c529c4\" data-element_type=\"widget\" data-e-type=\"widget\" data-widget_type=\"text-editor.default\">\n\t\t\t\t<div class=\"elementor-widget-container\">\n\t\t\t\t\t\t\t\t\t<h2>La diversit\u00e9 des programmes en p\u00e9ril<\/h2><p>La pand\u00e9mie a \u00e9galement r\u00e9v\u00e9l\u00e9 des probl\u00e8mes structurels dans le secteur et certains auteurs sugg\u00e8rent qu\u2019elle pourrait conduire <a href=\"https:\/\/rm.coe.int\/iris-plus-2020-2-the-european-audiovisual-industry-in-the-time-%20of-covi\/16809f9a46%20-%20Europe%20-%202020\">\u00e0 une crise syst\u00e9mique<\/a>.<\/p><p>Le <a href=\"https:\/\/rm.coe.int\/iris-plus-2020-2-the-european-audiovisual-industry-in-the-time-%20of-covi\/16809f9a46%20-%20Europe%20-%202020\">rapport<\/a> de l\u2019Observatoire europ\u00e9en de l\u2019audiovisuel (OEA) montre ainsi que d\u2019apr\u00e8s les donn\u00e9es pr\u00e9-pand\u00e9mie (de 2014 \u00e0 2019), le secteur \u00e9tait d\u00e9j\u00e0 en d\u00e9clin sur la plupart de ses segments. Le taux de croissance annuel n\u2019a repr\u00e9sent\u00e9 que 0,2 % en termes r\u00e9els. Le march\u00e9 \u00e0 la demande (SVOD) a \u00e9t\u00e9 le principal moteur du secteur et poursuit sur sa lanc\u00e9e, repr\u00e9sentant plus de 75 % des recettes suppl\u00e9mentaires en 2016-2020. Ce secteur a aussi gagn\u00e9 de <a href=\"https:\/\/rm.coe.int\/yearbook-key-trends-2020-2021-en\/1680a26056\">nouvelles parts de march\u00e9 en Europe<\/a>.<\/p><p><a href=\"https:\/\/rm.coe.int\/iris-plus-2020-2-the-european-audiovisual-industry-in-the-time-%20of-covi\/16809f9a46%20-%20Europe%20-%202020\">Selon un rapport de l\u2019OEA<\/a>, la crise syst\u00e9mique touchera particuli\u00e8rement les cin\u00e9mas et les films d\u2019art et d\u2019essai ind\u00e9pendants, qui ont peu de chances de s\u2019en remettre. On s\u2019attend \u00e0 ce que les cin\u00e9mas se concentrent davantage sur l\u2019exploitation des superproductions europ\u00e9ennes et am\u00e9ricaines et que les films d\u2019art et d\u2019essai europ\u00e9ens d\u00e9pendent de plus en plus du financement des grandes plates-formes de SVOD.<\/p><p>De m\u00eame, le r\u00f4le des fournisseurs de services m\u00e9dias dans la production des films pourrait \u00eatre affect\u00e9 par les mesures d\u2019aust\u00e9rit\u00e9 post-Covid-19.<\/p><p>Cela pourrait mettre en p\u00e9ril le volume et la diversit\u00e9 des <a href=\"https:\/\/www.rebuilding-europe.eu\/_files\/ugd\/4b2ba2_1ca8a0803d8b4ced9d2b683db60c18ae.pdf\">programmes europ\u00e9ens<\/a> (films et s\u00e9ries t\u00e9l\u00e9vis\u00e9es), car les programmes financ\u00e9s par la SVOD et les recettes provenant des abonnements en ligne ne compenseraient probablement pas la diminution des investissements des acteurs historiques et le manque d\u2019options de distribution et d\u2019exploitation physiques.<\/p><p>D\u2019un autre c\u00f4t\u00e9, certains auteurs estiment que la tendance \u00e0 la \u00ab plateformisation \u00bb, qui s\u2019est intensifi\u00e9e en raison de la pand\u00e9mie, de sorte que les principales plates-formes fournissant des abonnements \u00e0 la demande ont connu une croissance substantielle au cours des six premiers mois, a eu une incidence positive sur la <a href=\"https:\/\/journals.sagepub.com\/doi\/full\/10.1177\/0163443721994537\">coop\u00e9ration r\u00e9gionale et la production originale<\/a>.<\/p><p>Dans le contexte de la pand\u00e9mie, une telle strat\u00e9gie a encourag\u00e9 la <a href=\"https:\/\/journals.sagepub.com\/doi\/full\/10.1177\/0163443721994537\">cr\u00e9ation de fonds priv\u00e9s<\/a> dont ont b\u00e9n\u00e9fici\u00e9 de nombreuses personnes touch\u00e9es par la pand\u00e9mie, mais elle a \u00e9galement encourag\u00e9 la production originale et initi\u00e9 une nouvelle vague de r\u00e9gionalisation des m\u00e9dias.<\/p>\t\t\t\t\t\t\t\t<\/div>\n\t\t\t\t<\/div>\n\t\t\t\t\t<\/div>\n\t\t<\/div>\n\t\t\t\t\t<\/div>\n\t\t<\/section>\n\t\t\t\t<section class=\"elementor-section elementor-top-section elementor-element elementor-element-5b02da9 elementor-section-boxed elementor-section-height-default elementor-section-height-default\" data-id=\"5b02da9\" data-element_type=\"section\" data-e-type=\"section\">\n\t\t\t\t\t\t<div class=\"elementor-container elementor-column-gap-default\">\n\t\t\t\t\t<div class=\"elementor-column elementor-col-100 elementor-top-column elementor-element elementor-element-d6c34a2\" data-id=\"d6c34a2\" data-element_type=\"column\" data-e-type=\"column\">\n\t\t\t<div class=\"elementor-widget-wrap elementor-element-populated\">\n\t\t\t\t\t\t<div class=\"elementor-element elementor-element-d4922ce elementor-widget elementor-widget-text-editor\" data-id=\"d4922ce\" data-element_type=\"widget\" data-e-type=\"widget\" data-widget_type=\"text-editor.default\">\n\t\t\t\t<div class=\"elementor-widget-container\">\n\t\t\t\t\t\t\t\t\t<h2>Les nouveaux leaders du march\u00e9<\/h2><p>La tendance \u00e0 la \u00ab plateformisation \u00bb s\u2019inscrit dans un mouvement plus large qui touche les march\u00e9s audiovisuels \u00e0 l\u2019\u00e9chelle mondiale. La Covid-19 a massivement acc\u00e9l\u00e9r\u00e9 la demande de services audiovisuels dits de contournement ou \u00ab Over-The-Top \u00bb (OTT) dans le monde entier dont Hulu, Netflix ou Salto sont de bons exemples. Ces services font r\u00e9f\u00e9rence \u00e0 la distribution de contenu d\u00e9pendant de l\u2019internet plut\u00f4t que des canaux conventionnels tels que la t\u00e9l\u00e9vision par ondes hertziennes, la t\u00e9l\u00e9vision par c\u00e2ble ou le satellite direct \u00e0 domicile.<\/p><p>Les blocages, l\u2019augmentation de la gamme et de la vari\u00e9t\u00e9 des produits, la promotion de contenus localis\u00e9s et l\u2019augmentation de la connexion des m\u00e9nages au haut d\u00e9bit fixe de haute qualit\u00e9 ont entra\u00een\u00e9 une <a href=\"https:\/\/www.wipo.int\/meetings\/en\/2022\/info-session-impact-covid-19-copyright-ecosystems.html\">croissance des abonnements OTT de 26 % en 2021<\/a> par rapport \u00e0 l\u2019ann\u00e9e pr\u00e9c\u00e9dente. Le mod\u00e8le \u00e9conomique OTT devient lentement dominant en termes de croissance et sera tr\u00e8s probablement le futur leader du secteur audiovisuel.<\/p><p>L\u2019arriv\u00e9e des services OTT dans les foyers s\u2019est accompagn\u00e9e d\u2019un ph\u00e9nom\u00e8ne de \u00ab cord cutting \u00bb, c\u2019est-\u00e0-dire que les t\u00e9l\u00e9spectateurs r\u00e9silient leurs abonnements aux services audiovisuels classiques (t\u00e9l\u00e9vision multicanal, c\u00e2ble satellite).<\/p><p>En outre, les donn\u00e9es de 2021 sugg\u00e8rent que la consommation de streaming est rest\u00e9e plus \u00e9lev\u00e9e qu\u2019avant la pand\u00e9mie, ce qui indique que le changement induit par la pand\u00e9mie restera probablement la nouvelle norme.<\/p><p>Ce ph\u00e9nom\u00e8ne est particuli\u00e8rement marqu\u00e9 en <a href=\"https:\/\/www.imf.org\/external\/datamapper\/NGDP_RPCH@WEO\/OEMDC\/ADVEC\/WEOWORLD\">Am\u00e9rique latine, r\u00e9gion \u00e9conomiquement tr\u00e8s fragilis\u00e9e par pand\u00e9mie<\/a>, avec une contraction de 7 % du PIB pour 2020.<\/p><p>Les consommateurs confront\u00e9s \u00e0 l\u2019instabilit\u00e9 financi\u00e8re ont pr\u00e9f\u00e9r\u00e9 les plates-formes \u00ab tout en un \u00bb offrant une <a href=\"https:\/\/fia-actors.com\/fileadmin\/user_upload\/News\/Documents\/2021\/January\/Informe_Final_EN_-_v2.pdf\">plus grande vari\u00e9t\u00e9 de contenus<\/a> renforc\u00e9e par une production en langues locales, un atout concurrentiel pour les plates-formes.<\/p>\t\t\t\t\t\t\t\t<\/div>\n\t\t\t\t<\/div>\n\t\t\t\t\t<\/div>\n\t\t<\/div>\n\t\t\t\t\t<\/div>\n\t\t<\/section>\n\t\t\t\t<section class=\"elementor-section elementor-top-section elementor-element elementor-element-b90c296 elementor-section-boxed elementor-section-height-default elementor-section-height-default\" data-id=\"b90c296\" data-element_type=\"section\" data-e-type=\"section\">\n\t\t\t\t\t\t<div class=\"elementor-container elementor-column-gap-default\">\n\t\t\t\t\t<div class=\"elementor-column elementor-col-100 elementor-top-column elementor-element elementor-element-5bf3043\" data-id=\"5bf3043\" data-element_type=\"column\" data-e-type=\"column\">\n\t\t\t<div class=\"elementor-widget-wrap elementor-element-populated\">\n\t\t\t\t\t\t<div class=\"elementor-element elementor-element-5f55657 elementor-widget elementor-widget-text-editor\" data-id=\"5f55657\" data-element_type=\"widget\" data-e-type=\"widget\" data-widget_type=\"text-editor.default\">\n\t\t\t\t<div class=\"elementor-widget-container\">\n\t\t\t\t\t\t\t\t\t<h2>De nombreuses r\u00e9percussions sociales<\/h2><p>L\u2019importante suspension des activit\u00e9s dans le secteur audiovisuel a durablement frapp\u00e9 les travailleurs du secteur, davantage expos\u00e9s au ch\u00f4mage.<\/p><p>Ils n\u2019ont pas pu compter sur la s\u00e9curit\u00e9 sociale, les cong\u00e9s pay\u00e9s, les soins de sant\u00e9 et les fonds d\u2019aide. Par exemple, en Argentine, selon une \u00e9tude men\u00e9e par l\u2019Universit\u00e9 m\u00e9tropolitaine de l\u2019\u00e9ducation et du travail (UMET) et la F\u00e9d\u00e9ration internationale des acteurs (FIA), la pand\u00e9mie de Covid-19 a provoqu\u00e9 une baisse de 58,2 % de l\u2019emploi dans le secteur par rapport \u00e0 l\u2019ann\u00e9e pr\u00e9c\u00e9dente pendant la m\u00eame p\u00e9riode (baisse de 20,9 % en termes g\u00e9n\u00e9raux de l\u2019emploi total).<\/p><p>De nombreuses autorit\u00e9s nationales ont pris l\u2019initiative d\u2019accorder des all\u00e9gements aux travailleurs informels et ind\u00e9pendants. Par exemple, la <a href=\"https:\/\/www.wipo.int\/export\/sites\/www\/meetings\/en\/docs\/ministry-of_economic-development-and-technology-slovenian-intellectual-property-office.pdf\">Slov\u00e9nie<\/a> a mis en \u0153uvre une s\u00e9rie de mesures fiscales, sociales et \u00e9conomiques temporaires peu apr\u00e8s l\u2019apparition de la pand\u00e9mie visant les professionnels du secteur.<\/p><p>Le Centre cin\u00e9matographique marocain (CCM) a quant \u00e0 lui allou\u00e9 1 million de dirhams (soit pr\u00e8s de 95 000 euros) \u00e0 un fonds d\u2019urgence Covid pour le secteur audiovisuel. Au Portugal, le Bureau de la strat\u00e9gie, de la planification et de l\u2019\u00e9valuation culturelles a allou\u00e9 un montant de <a href=\"https:\/\/www.wipo.int\/export\/sites\/www\/meetings\/en\/docs\/impact-cr-portuguese-ministry-of-culture.pdf\">34,3 millions d\u2019euros<\/a> \u00e0 r\u00e9partir entre diff\u00e9rentes lignes de soutien, notamment pour le cin\u00e9ma et l\u2019audiovisuel.<\/p><p>En d\u00e9pit de ces mesures souvent temporaires, le secteur reste dans son ensemble relativement fragile et d\u00e9pendant de la r\u00e9gulation et mainmise des plates-formes.<\/p><p>La Soci\u00e9t\u00e9 des auteurs de l\u2019audiovisuel europ\u00e9enne <a href=\"https:\/\/www.saa-authors.eu\/en\/news\/689-press-release-cmos-are-a-safety-net-for-authors-but-there-must-be-other-lifelines-in-the-current-crisis#.YrxWJuxBzCR\">a ainsi r\u00e9cemment appel\u00e9<\/a> \u00e0 des solutions durables \u00e0 long terme pour soutenir le secteur audiovisuel, qui devra faire face aux cons\u00e9quences de la crise dans les ann\u00e9es \u00e0 venir.<\/p>\t\t\t\t\t\t\t\t<\/div>\n\t\t\t\t<\/div>\n\t\t\t\t\t<\/div>\n\t\t<\/div>\n\t\t\t\t\t<\/div>\n\t\t<\/section>\n\t\t\t\t<section class=\"elementor-section elementor-top-section elementor-element elementor-element-50fba52 elementor-section-boxed elementor-section-height-default elementor-section-height-default\" data-id=\"50fba52\" data-element_type=\"section\" data-e-type=\"section\">\n\t\t\t\t\t\t<div class=\"elementor-container elementor-column-gap-default\">\n\t\t\t\t\t<div class=\"elementor-column elementor-col-100 elementor-top-column elementor-element elementor-element-8eee9b4\" data-id=\"8eee9b4\" data-element_type=\"column\" data-e-type=\"column\">\n\t\t\t<div class=\"elementor-widget-wrap elementor-element-populated\">\n\t\t\t\t\t\t<div class=\"elementor-element elementor-element-eecb4c5 elementor-widget-divider--view-line elementor-widget elementor-widget-divider\" data-id=\"eecb4c5\" data-element_type=\"widget\" data-e-type=\"widget\" data-widget_type=\"divider.default\">\n\t\t\t\t<div class=\"elementor-widget-container\">\n\t\t\t\t\t\t\t<div class=\"elementor-divider\">\n\t\t\t<span class=\"elementor-divider-separator\">\n\t\t\t\t\t\t<\/span>\n\t\t<\/div>\n\t\t\t\t\t\t<\/div>\n\t\t\t\t<\/div>\n\t\t\t\t\t<\/div>\n\t\t<\/div>\n\t\t\t\t\t<\/div>\n\t\t<\/section>\n\t\t\t\t<section class=\"elementor-section elementor-top-section elementor-element elementor-element-b3a9830 elementor-section-boxed elementor-section-height-default elementor-section-height-default\" data-id=\"b3a9830\" data-element_type=\"section\" data-e-type=\"section\">\n\t\t\t\t\t\t<div class=\"elementor-container elementor-column-gap-default\">\n\t\t\t\t\t<div class=\"elementor-column elementor-col-100 elementor-top-column elementor-element elementor-element-9f828e7\" data-id=\"9f828e7\" data-element_type=\"column\" data-e-type=\"column\">\n\t\t\t<div class=\"elementor-widget-wrap elementor-element-populated\">\n\t\t\t\t\t\t<div class=\"elementor-element elementor-element-46fb0df elementor-widget elementor-widget-text-editor\" data-id=\"46fb0df\" data-element_type=\"widget\" data-e-type=\"widget\" data-widget_type=\"text-editor.default\">\n\t\t\t\t<div class=\"elementor-widget-container\">\n\t\t\t\t\t\t\t\t\t<p>\u00a0<\/p><p><a href=\"https:\/\/theconversation.com\/profiles\/marilena-vecco-1295341\">Marilena Vecco<\/a>, Coordinatrice Axe de recherche Arts and Cultural Management, <em><a href=\"https:\/\/theconversation.com\/institutions\/burgundy-school-of-business-2355\">Burgundy School of Business <\/a><\/em><\/p><p>Cet article est republi\u00e9 \u00e0 partir de <a href=\"https:\/\/theconversation.com\">The Conversation<\/a> sous licence Creative Commons. Lire l\u2019<a href=\"https:\/\/theconversation.com\/comment-le-secteur-audiovisuel-mondial-a-ete-radicalement-bouleverse-par-le-covid-19-183662\">article original<\/a>.<\/p>\t\t\t\t\t\t\t\t<\/div>\n\t\t\t\t<\/div>\n\t\t\t\t\t<\/div>\n\t\t<\/div>\n\t\t\t\t\t<\/div>\n\t\t<\/section>\n\t\t\t\t<\/div>\n\t\t","protected":false},"excerpt":{"rendered":"<p>Un cin\u00e9ma ferm\u00e9, \u00e0 l&#8217;\u00e9t\u00e9 2020. AFP Marilena Vecco, Burgundy School of Business \u00ab Le Covid-19 a fait perdre 19 milliards d\u2019euros aux cin\u00e9mas en Europe \u00bb, titrait le Monde le 22 juin dernier. Afin de mesurer l\u2019impact du Covid-19 sur l\u2019ensemble des secteurs artistiques et culturels \u00e0 travers le monde, et tout particuli\u00e8rement le &hellip; <a href=\"https:\/\/www.ubfc.fr\/en\/comment-le-secteur-audiovisuel-mondial-a-ete-radicalement-bouleverse-par-le-covid-19\/\">Continued<\/a><\/p>\n","protected":false},"author":60,"featured_media":58480,"comment_status":"open","ping_status":"closed","sticky":false,"template":"","format":"standard","meta":{"_acf_changed":false,"footnotes":""},"categories":[2062,2049,14],"class_list":["post-62782","post","type-post","status-publish","format-standard","has-post-thumbnail","hentry","category-culture-scientifique-et-technique","category-recherche","category-ubfc"],"acf":[],"yoast_head":"<!-- This site is optimized with the Yoast SEO plugin v27.4 - https:\/\/yoast.com\/product\/yoast-seo-wordpress\/ -->\n<title>Comment le secteur audiovisuel mondial a \u00e9t\u00e9 radicalement boulevers\u00e9 par le Covid-19 - COMUE Universit\u00e9 Bourgogne-Franche-Comt\u00e9<\/title>\n<meta name=\"robots\" content=\"index, follow, max-snippet:-1, max-image-preview:large, max-video-preview:-1\" \/>\n<link rel=\"canonical\" href=\"https:\/\/www.ubfc.fr\/comment-le-secteur-audiovisuel-mondial-a-ete-radicalement-bouleverse-par-le-covid-19\/\" \/>\n<meta property=\"og:locale\" content=\"en_US\" \/>\n<meta property=\"og:type\" content=\"article\" \/>\n<meta property=\"og:title\" content=\"Comment le secteur audiovisuel mondial a \u00e9t\u00e9 radicalement boulevers\u00e9 par le Covid-19 - COMUE Universit\u00e9 Bourgogne-Franche-Comt\u00e9\" \/>\n<meta property=\"og:description\" content=\"Un cin\u00e9ma ferm\u00e9, \u00e0 l&#8217;\u00e9t\u00e9 2020. AFP Marilena Vecco, Burgundy School of Business \u00ab Le Covid-19 a fait perdre 19 milliards d\u2019euros aux cin\u00e9mas en Europe \u00bb, titrait le Monde le 22 juin dernier. Afin de mesurer l\u2019impact du Covid-19 sur l\u2019ensemble des secteurs artistiques et culturels \u00e0 travers le monde, et tout particuli\u00e8rement le &hellip; Continued\" \/>\n<meta property=\"og:url\" content=\"https:\/\/www.ubfc.fr\/comment-le-secteur-audiovisuel-mondial-a-ete-radicalement-bouleverse-par-le-covid-19\/\" \/>\n<meta property=\"og:site_name\" content=\"COMUE Universit\u00e9 Bourgogne-Franche-Comt\u00e9\" \/>\n<meta property=\"article:publisher\" content=\"https:\/\/www.facebook.com\/UnivBFC\/\" \/>\n<meta property=\"article:published_time\" content=\"2022-06-30T08:20:41+00:00\" \/>\n<meta property=\"article:modified_time\" content=\"2022-06-30T08:24:33+00:00\" \/>\n<meta property=\"og:image\" content=\"https:\/\/www.ubfc.fr\/wp-content\/uploads\/2022\/02\/the-conversation-vignette-actu.png\" \/>\n\t<meta property=\"og:image:width\" content=\"412\" \/>\n\t<meta property=\"og:image:height\" content=\"536\" \/>\n\t<meta property=\"og:image:type\" content=\"image\/png\" \/>\n<meta name=\"author\" content=\"Fanny Ajak\" \/>\n<meta name=\"twitter:card\" content=\"summary_large_image\" \/>\n<meta name=\"twitter:creator\" content=\"@univ_bfc\" \/>\n<meta name=\"twitter:site\" content=\"@univ_bfc\" \/>\n<meta name=\"twitter:label1\" content=\"Written by\" \/>\n\t<meta name=\"twitter:data1\" content=\"Fanny Ajak\" \/>\n\t<meta name=\"twitter:label2\" content=\"Est. reading time\" \/>\n\t<meta name=\"twitter:data2\" content=\"8 minutes\" \/>\n<script type=\"application\/ld+json\" class=\"yoast-schema-graph\">{\"@context\":\"https:\\\/\\\/schema.org\",\"@graph\":[{\"@type\":\"Article\",\"@id\":\"https:\\\/\\\/www.ubfc.fr\\\/comment-le-secteur-audiovisuel-mondial-a-ete-radicalement-bouleverse-par-le-covid-19\\\/#article\",\"isPartOf\":{\"@id\":\"https:\\\/\\\/www.ubfc.fr\\\/comment-le-secteur-audiovisuel-mondial-a-ete-radicalement-bouleverse-par-le-covid-19\\\/\"},\"author\":{\"name\":\"Fanny Ajak\",\"@id\":\"https:\\\/\\\/www.ubfc.fr\\\/#\\\/schema\\\/person\\\/692829a283f52bc4a247708371ee307a\"},\"headline\":\"Comment le secteur audiovisuel mondial a \u00e9t\u00e9 radicalement boulevers\u00e9 par le Covid-19\",\"datePublished\":\"2022-06-30T08:20:41+00:00\",\"dateModified\":\"2022-06-30T08:24:33+00:00\",\"mainEntityOfPage\":{\"@id\":\"https:\\\/\\\/www.ubfc.fr\\\/comment-le-secteur-audiovisuel-mondial-a-ete-radicalement-bouleverse-par-le-covid-19\\\/\"},\"wordCount\":1587,\"commentCount\":0,\"publisher\":{\"@id\":\"https:\\\/\\\/www.ubfc.fr\\\/#organization\"},\"image\":{\"@id\":\"https:\\\/\\\/www.ubfc.fr\\\/comment-le-secteur-audiovisuel-mondial-a-ete-radicalement-bouleverse-par-le-covid-19\\\/#primaryimage\"},\"thumbnailUrl\":\"https:\\\/\\\/www.ubfc.fr\\\/wp-content\\\/uploads\\\/2022\\\/02\\\/the-conversation-vignette-actu.png\",\"articleSection\":[\"Culture scientifique et technique\",\"Recherche\",\"UBFC\"],\"inLanguage\":\"en-US\",\"potentialAction\":[{\"@type\":\"CommentAction\",\"name\":\"Comment\",\"target\":[\"https:\\\/\\\/www.ubfc.fr\\\/comment-le-secteur-audiovisuel-mondial-a-ete-radicalement-bouleverse-par-le-covid-19\\\/#respond\"]}]},{\"@type\":\"WebPage\",\"@id\":\"https:\\\/\\\/www.ubfc.fr\\\/comment-le-secteur-audiovisuel-mondial-a-ete-radicalement-bouleverse-par-le-covid-19\\\/\",\"url\":\"https:\\\/\\\/www.ubfc.fr\\\/comment-le-secteur-audiovisuel-mondial-a-ete-radicalement-bouleverse-par-le-covid-19\\\/\",\"name\":\"Comment le secteur audiovisuel mondial a \u00e9t\u00e9 radicalement boulevers\u00e9 par le Covid-19 - COMUE Universit\u00e9 Bourgogne-Franche-Comt\u00e9\",\"isPartOf\":{\"@id\":\"https:\\\/\\\/www.ubfc.fr\\\/#website\"},\"primaryImageOfPage\":{\"@id\":\"https:\\\/\\\/www.ubfc.fr\\\/comment-le-secteur-audiovisuel-mondial-a-ete-radicalement-bouleverse-par-le-covid-19\\\/#primaryimage\"},\"image\":{\"@id\":\"https:\\\/\\\/www.ubfc.fr\\\/comment-le-secteur-audiovisuel-mondial-a-ete-radicalement-bouleverse-par-le-covid-19\\\/#primaryimage\"},\"thumbnailUrl\":\"https:\\\/\\\/www.ubfc.fr\\\/wp-content\\\/uploads\\\/2022\\\/02\\\/the-conversation-vignette-actu.png\",\"datePublished\":\"2022-06-30T08:20:41+00:00\",\"dateModified\":\"2022-06-30T08:24:33+00:00\",\"breadcrumb\":{\"@id\":\"https:\\\/\\\/www.ubfc.fr\\\/comment-le-secteur-audiovisuel-mondial-a-ete-radicalement-bouleverse-par-le-covid-19\\\/#breadcrumb\"},\"inLanguage\":\"en-US\",\"potentialAction\":[{\"@type\":\"ReadAction\",\"target\":[\"https:\\\/\\\/www.ubfc.fr\\\/comment-le-secteur-audiovisuel-mondial-a-ete-radicalement-bouleverse-par-le-covid-19\\\/\"]}]},{\"@type\":\"ImageObject\",\"inLanguage\":\"en-US\",\"@id\":\"https:\\\/\\\/www.ubfc.fr\\\/comment-le-secteur-audiovisuel-mondial-a-ete-radicalement-bouleverse-par-le-covid-19\\\/#primaryimage\",\"url\":\"https:\\\/\\\/www.ubfc.fr\\\/wp-content\\\/uploads\\\/2022\\\/02\\\/the-conversation-vignette-actu.png\",\"contentUrl\":\"https:\\\/\\\/www.ubfc.fr\\\/wp-content\\\/uploads\\\/2022\\\/02\\\/the-conversation-vignette-actu.png\",\"width\":412,\"height\":536},{\"@type\":\"BreadcrumbList\",\"@id\":\"https:\\\/\\\/www.ubfc.fr\\\/comment-le-secteur-audiovisuel-mondial-a-ete-radicalement-bouleverse-par-le-covid-19\\\/#breadcrumb\",\"itemListElement\":[{\"@type\":\"ListItem\",\"position\":1,\"name\":\"Accueil\",\"item\":\"https:\\\/\\\/www.ubfc.fr\\\/en\\\/\"},{\"@type\":\"ListItem\",\"position\":2,\"name\":\"Comment le secteur audiovisuel mondial a \u00e9t\u00e9 radicalement boulevers\u00e9 par le Covid-19\"}]},{\"@type\":\"WebSite\",\"@id\":\"https:\\\/\\\/www.ubfc.fr\\\/#website\",\"url\":\"https:\\\/\\\/www.ubfc.fr\\\/\",\"name\":\"COMUE Universit\u00e9 Bourgogne-Franche-Comt\u00e9\",\"description\":\"\",\"publisher\":{\"@id\":\"https:\\\/\\\/www.ubfc.fr\\\/#organization\"},\"potentialAction\":[{\"@type\":\"SearchAction\",\"target\":{\"@type\":\"EntryPoint\",\"urlTemplate\":\"https:\\\/\\\/www.ubfc.fr\\\/?s={search_term_string}\"},\"query-input\":{\"@type\":\"PropertyValueSpecification\",\"valueRequired\":true,\"valueName\":\"search_term_string\"}}],\"inLanguage\":\"en-US\"},{\"@type\":\"Organization\",\"@id\":\"https:\\\/\\\/www.ubfc.fr\\\/#organization\",\"name\":\"Universit\u00e9 Bourgogne-Franche-Comt\u00e9\",\"url\":\"https:\\\/\\\/www.ubfc.fr\\\/\",\"logo\":{\"@type\":\"ImageObject\",\"inLanguage\":\"en-US\",\"@id\":\"https:\\\/\\\/www.ubfc.fr\\\/#\\\/schema\\\/logo\\\/image\\\/\",\"url\":\"https:\\\/\\\/www.ubfc.fr\\\/wp-content\\\/uploads\\\/2022\\\/03\\\/vagueUBFC_favicon.png\",\"contentUrl\":\"https:\\\/\\\/www.ubfc.fr\\\/wp-content\\\/uploads\\\/2022\\\/03\\\/vagueUBFC_favicon.png\",\"width\":512,\"height\":512,\"caption\":\"Universit\u00e9 Bourgogne-Franche-Comt\u00e9\"},\"image\":{\"@id\":\"https:\\\/\\\/www.ubfc.fr\\\/#\\\/schema\\\/logo\\\/image\\\/\"},\"sameAs\":[\"https:\\\/\\\/www.facebook.com\\\/UnivBFC\\\/\",\"https:\\\/\\\/x.com\\\/univ_bfc\",\"https:\\\/\\\/www.linkedin.com\\\/school\\\/universitebourgognefranchecomte\\\/mycompany\\\/\"]},{\"@type\":\"Person\",\"@id\":\"https:\\\/\\\/www.ubfc.fr\\\/#\\\/schema\\\/person\\\/692829a283f52bc4a247708371ee307a\",\"name\":\"Fanny Ajak\"}]}<\/script>\n<!-- \/ Yoast SEO plugin. -->","yoast_head_json":{"title":"Comment le secteur audiovisuel mondial a \u00e9t\u00e9 radicalement boulevers\u00e9 par le Covid-19 - COMUE Universit\u00e9 Bourgogne-Franche-Comt\u00e9","robots":{"index":"index","follow":"follow","max-snippet":"max-snippet:-1","max-image-preview":"max-image-preview:large","max-video-preview":"max-video-preview:-1"},"canonical":"https:\/\/www.ubfc.fr\/comment-le-secteur-audiovisuel-mondial-a-ete-radicalement-bouleverse-par-le-covid-19\/","og_locale":"en_US","og_type":"article","og_title":"Comment le secteur audiovisuel mondial a \u00e9t\u00e9 radicalement boulevers\u00e9 par le Covid-19 - COMUE Universit\u00e9 Bourgogne-Franche-Comt\u00e9","og_description":"Un cin\u00e9ma ferm\u00e9, \u00e0 l&#8217;\u00e9t\u00e9 2020. AFP Marilena Vecco, Burgundy School of Business \u00ab Le Covid-19 a fait perdre 19 milliards d\u2019euros aux cin\u00e9mas en Europe \u00bb, titrait le Monde le 22 juin dernier. Afin de mesurer l\u2019impact du Covid-19 sur l\u2019ensemble des secteurs artistiques et culturels \u00e0 travers le monde, et tout particuli\u00e8rement le &hellip; Continued","og_url":"https:\/\/www.ubfc.fr\/comment-le-secteur-audiovisuel-mondial-a-ete-radicalement-bouleverse-par-le-covid-19\/","og_site_name":"COMUE Universit\u00e9 Bourgogne-Franche-Comt\u00e9","article_publisher":"https:\/\/www.facebook.com\/UnivBFC\/","article_published_time":"2022-06-30T08:20:41+00:00","article_modified_time":"2022-06-30T08:24:33+00:00","og_image":[{"width":412,"height":536,"url":"https:\/\/www.ubfc.fr\/wp-content\/uploads\/2022\/02\/the-conversation-vignette-actu.png","type":"image\/png"}],"author":"Fanny Ajak","twitter_card":"summary_large_image","twitter_creator":"@univ_bfc","twitter_site":"@univ_bfc","twitter_misc":{"Written by":"Fanny Ajak","Est. reading time":"8 minutes"},"schema":{"@context":"https:\/\/schema.org","@graph":[{"@type":"Article","@id":"https:\/\/www.ubfc.fr\/comment-le-secteur-audiovisuel-mondial-a-ete-radicalement-bouleverse-par-le-covid-19\/#article","isPartOf":{"@id":"https:\/\/www.ubfc.fr\/comment-le-secteur-audiovisuel-mondial-a-ete-radicalement-bouleverse-par-le-covid-19\/"},"author":{"name":"Fanny Ajak","@id":"https:\/\/www.ubfc.fr\/#\/schema\/person\/692829a283f52bc4a247708371ee307a"},"headline":"Comment le secteur audiovisuel mondial a \u00e9t\u00e9 radicalement boulevers\u00e9 par le Covid-19","datePublished":"2022-06-30T08:20:41+00:00","dateModified":"2022-06-30T08:24:33+00:00","mainEntityOfPage":{"@id":"https:\/\/www.ubfc.fr\/comment-le-secteur-audiovisuel-mondial-a-ete-radicalement-bouleverse-par-le-covid-19\/"},"wordCount":1587,"commentCount":0,"publisher":{"@id":"https:\/\/www.ubfc.fr\/#organization"},"image":{"@id":"https:\/\/www.ubfc.fr\/comment-le-secteur-audiovisuel-mondial-a-ete-radicalement-bouleverse-par-le-covid-19\/#primaryimage"},"thumbnailUrl":"https:\/\/www.ubfc.fr\/wp-content\/uploads\/2022\/02\/the-conversation-vignette-actu.png","articleSection":["Culture scientifique et technique","Recherche","UBFC"],"inLanguage":"en-US","potentialAction":[{"@type":"CommentAction","name":"Comment","target":["https:\/\/www.ubfc.fr\/comment-le-secteur-audiovisuel-mondial-a-ete-radicalement-bouleverse-par-le-covid-19\/#respond"]}]},{"@type":"WebPage","@id":"https:\/\/www.ubfc.fr\/comment-le-secteur-audiovisuel-mondial-a-ete-radicalement-bouleverse-par-le-covid-19\/","url":"https:\/\/www.ubfc.fr\/comment-le-secteur-audiovisuel-mondial-a-ete-radicalement-bouleverse-par-le-covid-19\/","name":"Comment le secteur audiovisuel mondial a \u00e9t\u00e9 radicalement boulevers\u00e9 par le Covid-19 - COMUE Universit\u00e9 Bourgogne-Franche-Comt\u00e9","isPartOf":{"@id":"https:\/\/www.ubfc.fr\/#website"},"primaryImageOfPage":{"@id":"https:\/\/www.ubfc.fr\/comment-le-secteur-audiovisuel-mondial-a-ete-radicalement-bouleverse-par-le-covid-19\/#primaryimage"},"image":{"@id":"https:\/\/www.ubfc.fr\/comment-le-secteur-audiovisuel-mondial-a-ete-radicalement-bouleverse-par-le-covid-19\/#primaryimage"},"thumbnailUrl":"https:\/\/www.ubfc.fr\/wp-content\/uploads\/2022\/02\/the-conversation-vignette-actu.png","datePublished":"2022-06-30T08:20:41+00:00","dateModified":"2022-06-30T08:24:33+00:00","breadcrumb":{"@id":"https:\/\/www.ubfc.fr\/comment-le-secteur-audiovisuel-mondial-a-ete-radicalement-bouleverse-par-le-covid-19\/#breadcrumb"},"inLanguage":"en-US","potentialAction":[{"@type":"ReadAction","target":["https:\/\/www.ubfc.fr\/comment-le-secteur-audiovisuel-mondial-a-ete-radicalement-bouleverse-par-le-covid-19\/"]}]},{"@type":"ImageObject","inLanguage":"en-US","@id":"https:\/\/www.ubfc.fr\/comment-le-secteur-audiovisuel-mondial-a-ete-radicalement-bouleverse-par-le-covid-19\/#primaryimage","url":"https:\/\/www.ubfc.fr\/wp-content\/uploads\/2022\/02\/the-conversation-vignette-actu.png","contentUrl":"https:\/\/www.ubfc.fr\/wp-content\/uploads\/2022\/02\/the-conversation-vignette-actu.png","width":412,"height":536},{"@type":"BreadcrumbList","@id":"https:\/\/www.ubfc.fr\/comment-le-secteur-audiovisuel-mondial-a-ete-radicalement-bouleverse-par-le-covid-19\/#breadcrumb","itemListElement":[{"@type":"ListItem","position":1,"name":"Accueil","item":"https:\/\/www.ubfc.fr\/en\/"},{"@type":"ListItem","position":2,"name":"Comment le secteur audiovisuel mondial a \u00e9t\u00e9 radicalement boulevers\u00e9 par le Covid-19"}]},{"@type":"WebSite","@id":"https:\/\/www.ubfc.fr\/#website","url":"https:\/\/www.ubfc.fr\/","name":"COMUE Universit\u00e9 Bourgogne-Franche-Comt\u00e9","description":"","publisher":{"@id":"https:\/\/www.ubfc.fr\/#organization"},"potentialAction":[{"@type":"SearchAction","target":{"@type":"EntryPoint","urlTemplate":"https:\/\/www.ubfc.fr\/?s={search_term_string}"},"query-input":{"@type":"PropertyValueSpecification","valueRequired":true,"valueName":"search_term_string"}}],"inLanguage":"en-US"},{"@type":"Organization","@id":"https:\/\/www.ubfc.fr\/#organization","name":"Universit\u00e9 Bourgogne-Franche-Comt\u00e9","url":"https:\/\/www.ubfc.fr\/","logo":{"@type":"ImageObject","inLanguage":"en-US","@id":"https:\/\/www.ubfc.fr\/#\/schema\/logo\/image\/","url":"https:\/\/www.ubfc.fr\/wp-content\/uploads\/2022\/03\/vagueUBFC_favicon.png","contentUrl":"https:\/\/www.ubfc.fr\/wp-content\/uploads\/2022\/03\/vagueUBFC_favicon.png","width":512,"height":512,"caption":"Universit\u00e9 Bourgogne-Franche-Comt\u00e9"},"image":{"@id":"https:\/\/www.ubfc.fr\/#\/schema\/logo\/image\/"},"sameAs":["https:\/\/www.facebook.com\/UnivBFC\/","https:\/\/x.com\/univ_bfc","https:\/\/www.linkedin.com\/school\/universitebourgognefranchecomte\/mycompany\/"]},{"@type":"Person","@id":"https:\/\/www.ubfc.fr\/#\/schema\/person\/692829a283f52bc4a247708371ee307a","name":"Fanny Ajak"}]}},"_links":{"self":[{"href":"https:\/\/www.ubfc.fr\/en\/wp-json\/wp\/v2\/posts\/62782","targetHints":{"allow":["GET"]}}],"collection":[{"href":"https:\/\/www.ubfc.fr\/en\/wp-json\/wp\/v2\/posts"}],"about":[{"href":"https:\/\/www.ubfc.fr\/en\/wp-json\/wp\/v2\/types\/post"}],"author":[{"embeddable":true,"href":"https:\/\/www.ubfc.fr\/en\/wp-json\/wp\/v2\/users\/60"}],"replies":[{"embeddable":true,"href":"https:\/\/www.ubfc.fr\/en\/wp-json\/wp\/v2\/comments?post=62782"}],"version-history":[{"count":0,"href":"https:\/\/www.ubfc.fr\/en\/wp-json\/wp\/v2\/posts\/62782\/revisions"}],"wp:featuredmedia":[{"embeddable":true,"href":"https:\/\/www.ubfc.fr\/en\/wp-json\/wp\/v2\/media\/58480"}],"wp:attachment":[{"href":"https:\/\/www.ubfc.fr\/en\/wp-json\/wp\/v2\/media?parent=62782"}],"wp:term":[{"taxonomy":"category","embeddable":true,"href":"https:\/\/www.ubfc.fr\/en\/wp-json\/wp\/v2\/categories?post=62782"}],"curies":[{"name":"wp","href":"https:\/\/api.w.org\/{rel}","templated":true}]}}