{"id":62776,"date":"2022-06-30T10:14:25","date_gmt":"2022-06-30T08:14:25","guid":{"rendered":"https:\/\/www.ubfc.fr\/?p=62776"},"modified":"2022-06-30T10:18:23","modified_gmt":"2022-06-30T08:18:23","slug":"manifestations-greves-vers-un-troisieme-tour-social","status":"publish","type":"post","link":"https:\/\/www.ubfc.fr\/en\/manifestations-greves-vers-un-troisieme-tour-social\/","title":{"rendered":"Manifestations, gr\u00e8ves : vers un troisi\u00e8me tour social ?"},"content":{"rendered":"\t\t<div data-elementor-type=\"wp-post\" data-elementor-id=\"62776\" class=\"elementor elementor-62776\" data-elementor-post-type=\"post\">\n\t\t\t\t\t\t<section class=\"elementor-section elementor-top-section elementor-element elementor-element-0631c01 elementor-section-boxed elementor-section-height-default elementor-section-height-default\" data-id=\"0631c01\" data-element_type=\"section\" data-e-type=\"section\">\n\t\t\t\t\t\t<div class=\"elementor-container elementor-column-gap-default\">\n\t\t\t\t\t<div class=\"elementor-column elementor-col-100 elementor-top-column elementor-element elementor-element-3ce939d\" data-id=\"3ce939d\" data-element_type=\"column\" data-e-type=\"column\">\n\t\t\t<div class=\"elementor-widget-wrap elementor-element-populated\">\n\t\t\t\t\t\t<div class=\"elementor-element elementor-element-15160ac elementor-widget elementor-widget-text-editor\" data-id=\"15160ac\" data-element_type=\"widget\" data-e-type=\"widget\" data-widget_type=\"text-editor.default\">\n\t\t\t\t<div class=\"elementor-widget-container\">\n\t\t\t\t\t\t\t\t\t<p><a href=\"https:\/\/theconversation.com\/profiles\/dominique-andolfatto-385291\">Dominique Andolfatto<\/a>, <em><a href=\"https:\/\/theconversation.com\/institutions\/universite-de-bourgogne-ubfc-2288\">Universit\u00e9 de Bourgogne \u2013 UBFC<\/a><\/em> et <a href=\"https:\/\/theconversation.com\/profiles\/dominique-labbe-594758\">Dominique Labb\u00e9<\/a>, <em><a href=\"https:\/\/theconversation.com\/institutions\/universite-grenoble-alpes-uga-2279\">Universit\u00e9 Grenoble Alpes (UGA)<\/a><\/em><\/p>\t\t\t\t\t\t\t\t<\/div>\n\t\t\t\t<\/div>\n\t\t\t\t\t<\/div>\n\t\t<\/div>\n\t\t\t\t\t<\/div>\n\t\t<\/section>\n\t\t\t\t<section class=\"elementor-section elementor-top-section elementor-element elementor-element-dca1f5c elementor-section-boxed elementor-section-height-default elementor-section-height-default\" data-id=\"dca1f5c\" data-element_type=\"section\" data-e-type=\"section\">\n\t\t\t\t\t\t<div class=\"elementor-container elementor-column-gap-default\">\n\t\t\t\t\t<div class=\"elementor-column elementor-col-100 elementor-top-column elementor-element elementor-element-b04d95b\" data-id=\"b04d95b\" data-element_type=\"column\" data-e-type=\"column\">\n\t\t\t<div class=\"elementor-widget-wrap elementor-element-populated\">\n\t\t\t\t\t\t<div class=\"elementor-element elementor-element-ce7362f elementor-widget elementor-widget-text-editor\" data-id=\"ce7362f\" data-element_type=\"widget\" data-e-type=\"widget\" data-widget_type=\"text-editor.default\">\n\t\t\t\t<div class=\"elementor-widget-container\">\n\t\t\t\t\t\t\t\t\t<p>D\u00e9j\u00e0 les th\u00e8mes sociaux mobilisent les organisations syndicales inqui\u00e8tes de la <a href=\"https:\/\/www.lemonde.fr\/politique\/article\/2022\/06\/22\/on-ne-peut-pas-se-permettre-de-tomber-dans-l-immobilisme-syndicats-et-responsables-patronaux-craignent-une-paralysie-politique_6131527_823448.html\">possible paralysie<\/a> de la vie politique. De nombreux <a href=\"https:\/\/www.francetvinfo.fr\/economie\/transports\/sncf\/greve-a-la-sncf\/sncf-un-appel-a-la-greve-nationale-le-6-juillet-lance-par-les-syndicats-pour-demander-une-augmentation-generale-des-salaires_5218339.html\">appels \u00e0 la gr\u00e8ve dans certains secteurs, comme les transports<\/a> ou la radio-t\u00e9l\u00e9vision publique viennent alimenter l\u2019effervescence actuelle. <a href=\"https:\/\/sudrail.fr\/Le-3e-tour-social-a-commence\">Un troisi\u00e8me \u00ab tour \u00bb social<\/a> s\u2019annonce-t-il ?<\/p><p>Les traditionnelles manifestations du 1<sup>er<\/sup> mai auraient d\u00fb s\u2019en faire l\u2019\u00e9cho. Cependant, au lendemain de la r\u00e9-\u00e9lection d\u2019Emmanuel Macron, cette journ\u00e9e symbolique de revendications n\u2019a pas mobilis\u00e9 beaucoup plus qu\u2019en 2021 (respectivement 117 000 manifestants contre 105 000) et m\u00eame moins qu\u2019en 2019 (166 000 manifestants selon le comptage du minist\u00e8re de l\u2019Int\u00e9rieur) dans un pays qui compte pourtant <a href=\"https:\/\/www.insee.fr\/fr\/statistiques\/6210302\">25,9 millions de salari\u00e9s<\/a>.<\/p><p>La p\u00e9riode 2020-2022 a certes vu les syndicats afficher leur opposition \u00e0 toute nouvelle r\u00e9forme des retraites, malgr\u00e9 de <a href=\"https:\/\/www.lemonde.fr\/politique\/article\/2022\/05\/18\/retraites-les-syndicats-n-arrivent-pas-a-s-entendre-sur-un-discours-commun_6126637_823448.html\">profonds d\u00e9saccords<\/a> entre eux sur le sujet. Les congr\u00e8s r\u00e9cents de syndicats comme Force ouvri\u00e8re et la CFDT ont d\u2019ailleurs illustr\u00e9 les difficult\u00e9s de parvenir \u00e0 une vision et action communes.<\/p><p>Pour la premi\u00e8re, la r\u00e9forme des retraites est bien \u00ab la m\u00e8re des batailles \u00bb <a href=\"https:\/\/www.force-ouvriere.fr\/reforme-des-retraites-les-delegues-fo-appellent-a-bloquer-la\">\u00e0 venir<\/a>. A la CFDT, les congressistes ont m\u00eame verrouill\u00e9 strictement les possibilit\u00e9s de <a href=\"https:\/\/www.cfdt.fr\/portail\/actualites\/congres-confederal-2022\/les-interventions\/les-interventions-sur-la-resolution-generale-srv1_1239328\">n\u00e9gocier sur le sujet (d\u00e9bat 9)<\/a>.<\/p><p>Faut-il en conclure qu\u2019il y aura un automne chaud ? Certes l\u2019impasse politique actuelle \u2013 du fait de l\u2019absence de majorit\u00e9 parlementaire \u2013 hypoth\u00e8que cette r\u00e9forme. Mais bien d\u2019autres questions \u2013 la hausse des prix, les salaires, le pouvoir d\u2019achat, une relation au travail transform\u00e9e par l\u2019\u00e9pid\u00e9mie de covid\u2026 \u2013 pourraient conduire \u00e0 ce \u00ab tour social \u00bb\u2026 et la rue tenter \u00e0 sa mani\u00e8re de d\u00e9bloquer la crise politique.<\/p>\t\t\t\t\t\t\t\t<\/div>\n\t\t\t\t<\/div>\n\t\t\t\t\t<\/div>\n\t\t<\/div>\n\t\t\t\t\t<\/div>\n\t\t<\/section>\n\t\t\t\t<section class=\"elementor-section elementor-top-section elementor-element elementor-element-0b3bb9c elementor-section-boxed elementor-section-height-default elementor-section-height-default\" data-id=\"0b3bb9c\" data-element_type=\"section\" data-e-type=\"section\">\n\t\t\t\t\t\t<div class=\"elementor-container elementor-column-gap-default\">\n\t\t\t\t\t<div class=\"elementor-column elementor-col-100 elementor-top-column elementor-element elementor-element-ef83a4b\" data-id=\"ef83a4b\" data-element_type=\"column\" data-e-type=\"column\">\n\t\t\t<div class=\"elementor-widget-wrap elementor-element-populated\">\n\t\t\t\t\t\t<div class=\"elementor-element elementor-element-3585661 elementor-widget elementor-widget-text-editor\" data-id=\"3585661\" data-element_type=\"widget\" data-e-type=\"widget\" data-widget_type=\"text-editor.default\">\n\t\t\t\t<div class=\"elementor-widget-container\">\n\t\t\t\t\t\t\t\t\t<h2>Une revue des forces syndicales<\/h2><p>En fait, envisager une telle s\u00e9quence implique de s\u2019interroger sur l\u2019\u00e9tat des forces syndicales. Les nombreux changements intervenus depuis la crise du Covid-19 ont-ils relanc\u00e9 la syndicalisation des salari\u00e9s <a href=\"https:\/\/www.researchgate.net\/publication\/278778978\">apr\u00e8s 40 ans de d\u00e9clin ?<\/a>. La crise \u2013 les crises car il y a eu aussi celle des \u00ab gilets jaunes \u00bb \u2013 a-t-elle permis aux organisations syndicales de renouer avec les salari\u00e9s ?<\/p><p>Les donn\u00e9es officielles (2019) montrent que seuls 10,1 % des salari\u00e9s (en m\u00e9tropole) <a href=\"https:\/\/dares.travail-emploi.gouv.fr\/donnees\/la-syndicalisation\">adh\u00e8rent \u00e0 un syndicat<\/a>. Soit, officiellement, un recul d\u2019un point depuis 2013. Mais nous avons montr\u00e9 que ces taux \u00e9taient surestim\u00e9s, la r\u00e9alit\u00e9 de la syndicalisation \u00e9tant proche de 7 %, soit <a href=\"https:\/\/theconversation.com\/la-fin-du-syndicalisme-vivant-106759\">l\u2019une des plus faible des pays de l\u2019OCDE<\/a>. Faute d\u2019une mesure sinc\u00e8re et transparente des effectifs syndiqu\u00e9s, nous avons recueilli quelques t\u00e9moignages qui \u00e9voquent la poursuite, voire une nouvelle accentuation, du recul des effectifs syndiqu\u00e9s.<\/p><p>Des \u00e9quipes de FO parlent d\u2019une perte de 15 % de leurs effectifs, cons\u00e9quence du t\u00e9l\u00e9travail qui a accus\u00e9 la distance entre salari\u00e9s et repr\u00e9sentants syndicaux. Les r\u00e9cents congr\u00e8s conf\u00e9d\u00e9raux \u2013 de FO et de la CFDT \u2013 confirment une telle \u00e9volution.<\/p><p>Yves Veyrier, secr\u00e9taire g\u00e9n\u00e9ral sortant de FO, \u00e9voquait en mai dernier 400 000 adh\u00e9rents pour son organisation <a href=\"https:\/\/www.lemonde.fr\/politique\/article\/2022\/05\/29\/yves-veyrier-force-ouvriere-l-urgence-est-d-empecher-la-reforme-des-retraites_6128096_823448.html\">(ses pr\u00e9d\u00e9cesseurs en d\u00e9claraient 100 000 de plus)<\/a>. Du rapport d\u2019activit\u00e9 de la CFDT publi\u00e9 pour son congr\u00e8s de juin 2022, on d\u00e9duit que la conf\u00e9d\u00e9ration a perdu 3 % de ses cotisations lors des <a href=\"https:\/\/www.cfdt.fr\/upload\/docs\/application\/pdf\/2022-05\/rapport_activite_commission_suivi_chartes_2022.pdf\">cinq derni\u00e8res ann\u00e9es<\/a>.<\/p><p>Nous indiquons aussi, dans <a href=\"https:\/\/www.pug.fr\/produit\/1926\/9782706151279\/anatomie-du-syndicalisme\"><em>Anatomie du syndicalisme<\/em><\/a> que ces chiffres ne correspondent pas toujours \u00e0 des adh\u00e9rents en chair et en os mais \u00e0 des adh\u00e9rents comptables d\u00e9pendant de m\u00e9canismes complexes de r\u00e9partition des ressources en interne. Cela conduit \u00e0 une surestimation des effectifs r\u00e9els par les organisations respectives. La r\u00e9alit\u00e9 humaine de la syndicalisation continue donc \u00e0 se r\u00e9duire.<\/p>\t\t\t\t\t\t\t\t<\/div>\n\t\t\t\t<\/div>\n\t\t\t\t\t<\/div>\n\t\t<\/div>\n\t\t\t\t\t<\/div>\n\t\t<\/section>\n\t\t\t\t<section class=\"elementor-section elementor-top-section elementor-element elementor-element-d2d8756 elementor-section-boxed elementor-section-height-default elementor-section-height-default\" data-id=\"d2d8756\" data-element_type=\"section\" data-e-type=\"section\">\n\t\t\t\t\t\t<div class=\"elementor-container elementor-column-gap-default\">\n\t\t\t\t\t<div class=\"elementor-column elementor-col-100 elementor-top-column elementor-element elementor-element-4673ce6\" data-id=\"4673ce6\" data-element_type=\"column\" data-e-type=\"column\">\n\t\t\t<div class=\"elementor-widget-wrap elementor-element-populated\">\n\t\t\t\t\t\t<div class=\"elementor-element elementor-element-250f94e elementor-widget elementor-widget-text-editor\" data-id=\"250f94e\" data-element_type=\"widget\" data-e-type=\"widget\" data-widget_type=\"text-editor.default\">\n\t\t\t\t<div class=\"elementor-widget-container\">\n\t\t\t\t\t\t\t\t\t<h2>D\u00e9serts syndicaux<\/h2><p>On observe de v\u00e9ritables <a href=\"https:\/\/www.francetvinfo.fr\/economie\/syndicats\/travail-en-france-certains-secteurs-sont-des-deserts-syndicaux-indique-bernard-vivier_5109385.html\">d\u00e9serts syndicaux<\/a> dans la plupart des secteurs \u00e9conomiques \u2013 l\u2019essentiel du secteur priv\u00e9 est d\u00e9sormais concern\u00e9 hors les plus grandes entreprises \u2013 et a pour cons\u00e9quence logique un d\u00e9clin de la participation <a href=\"https:\/\/theconversation.com\/les-elections-professionnelles-autre-visage-de-la-societe-abstentionniste-163907\">aux \u00e9lections professionnelles<\/a><\/p><p>Certes, celle-ci peut r\u00e9sister dans certaines entreprises ou administrations mais la tendance g\u00e9n\u00e9rale est \u00e0 la progression de l\u2019abstention. Cela est d\u2019autant plus grave que la repr\u00e9sentativit\u00e9 syndicale a \u00e9t\u00e9 reconstruite \u2013 depuis la <a href=\"https:\/\/www.cairn.info\/revue-civitas-europa-2014-2-page-33.htm\">loi de 2008<\/a> \u00ab portant r\u00e9novation de la d\u00e9mocratie sociale \u00bb \u2013 sur les r\u00e9sultats des \u00e9lections professionnelles.<\/p><p>Mais que vaut cette repr\u00e9sentation lorsque moins d\u2019un salari\u00e9 sur deux s\u2019exprime, comme c\u2019est le cas dans la <a href=\"https:\/\/www.fonction-publique.gouv.fr\/files\/files\/statistiques\/stats-rapides\/resultats_electionsFP_20_dec_2018.pdf\">fonction publique<\/a>, voire un salari\u00e9 sur vingt comme lors des \u00e9lections concernant les <a href=\"https:\/\/travail-emploi.gouv.fr\/IMG\/pdf\/pv_cnov_national.pdf\">tr\u00e8s petites entreprises<\/a> ?<\/p><p>En mai 2022, les \u00e9lections qui int\u00e9ressaient les employ\u00e9s des plates-formes, soit quelque 123 000 salari\u00e9s concern\u00e9s, ont vu un taux de participation de 3,9 % pour le premier coll\u00e8ge de votant, les chauffeurs et celui du second, les livreurs, \u00e0 1,8 %. Manifestement, ces chiffres montrent la difficult\u00e9 de la rencontre entre la (nouvelle) \u00e9conomie \u00ab ub\u00e9ris\u00e9e \u00bb et le syndicalisme classique.<\/p><p>Ces r\u00e9sultats nationaux sont tr\u00e8s probl\u00e9matiques car s\u2019ils ont \u00e9t\u00e9 publi\u00e9s <a href=\"https:\/\/www.lefigaro.fr\/social\/travailleurs-des-plateformes-le-scrutin-est-clos-participation-tres-faible-des-livreurs-et-vtc-20220516\">par la presse<\/a>, il n\u2019est malheureusement toujours pas possible \u2013 \u00e0 l\u2019heure o\u00f9 ces lignes sont \u00e9crites \u2013 d\u2019acc\u00e9der au proc\u00e8s-verbal complet de l\u2019\u00e9lection. Et ce, malgr\u00e9 toute la communication gouvernementale lors de leur lancement, sans compter les syndicats qui se f\u00e9licitaient du nouveau \u00ab m\u00e9canisme de repr\u00e9sentation et de dialogue social \u00bb qui avait <a href=\"https:\/\/rapportsdeforce.fr\/breves\/elections-des-travailleurs-des-plateformes-une-abstention-massive-pour-un-scrutin-hors-sol-051613727\">mis en place<\/a>.<\/p><p>Moins de syndiqu\u00e9s, moins d\u2019\u00e9lecteurs augurent d\u2019un \u00ab tour social \u00bb pour le moins difficile, sinon fictif et interrogent sur un d\u00e9sengagement collectif massif et qui nourrit aussi <a href=\"https:\/\/theconversation.com\/les-elections-professionnelles-autre-visage-de-la-societe-abstentionniste-163907\">l\u2019abstention aux \u00e9lections politiques<\/a>.<\/p><p>D\u00e9j\u00e0 d\u00e9but 2020, apr\u00e8s des succ\u00e8s importants, le mouvement social contre la r\u00e9forme des retraites s\u2019\u00e9tait effiloch\u00e9, comme l\u2019avait montr\u00e9 des manifestants moins nombreux lors des journ\u00e9es d\u2019action \u00e0 l\u2019appel des syndicats. Et, finalement, celle-ci avait de fortes chances d\u2019\u00eatre adopt\u00e9e par le parlement \u2013 en mars 2020 \u2013 lorsqu\u2019un virus s\u2019est invit\u00e9 dans l\u2019histoire, suspendant la r\u00e9forme\u2026<\/p>\t\t\t\t\t\t\t\t<\/div>\n\t\t\t\t<\/div>\n\t\t\t\t\t<\/div>\n\t\t<\/div>\n\t\t\t\t\t<\/div>\n\t\t<\/section>\n\t\t\t\t<section class=\"elementor-section elementor-top-section elementor-element elementor-element-c09b7ae elementor-section-boxed elementor-section-height-default elementor-section-height-default\" data-id=\"c09b7ae\" data-element_type=\"section\" data-e-type=\"section\">\n\t\t\t\t\t\t<div class=\"elementor-container elementor-column-gap-default\">\n\t\t\t\t\t<div class=\"elementor-column elementor-col-100 elementor-top-column elementor-element elementor-element-73f9a08\" data-id=\"73f9a08\" data-element_type=\"column\" data-e-type=\"column\">\n\t\t\t<div class=\"elementor-widget-wrap elementor-element-populated\">\n\t\t\t\t\t\t<div class=\"elementor-element elementor-element-ca817c5 elementor-widget elementor-widget-text-editor\" data-id=\"ca817c5\" data-element_type=\"widget\" data-e-type=\"widget\" data-widget_type=\"text-editor.default\">\n\t\t\t\t<div class=\"elementor-widget-container\">\n\t\t\t\t\t\t\t\t\t<h2>R\u00e9investir les lieux de travail ?<\/h2><p>En fait, au lieu de chercher la pierre philosophale du dialogue social ou de la repr\u00e9sentation, de se r\u00e9inventer en \u00ab corps interm\u00e9diaire \u00bb pour participer \u00e0 la fabrique des politiques publiques, de promouvoir des \u00ab recompositions \u00bb qui n\u2019aboutissent jamais, les syndicats ne devraient-ils pas r\u00e9investir les lieux de travail \u2013 entreprises et administrations \u2013, contribuer d\u2019abord \u00e0 la socialisation, redevenir des forces sociales capables d\u2019entendre, d\u2019organiser et de mobiliser les salari\u00e9s ? Et agir ainsi aux antipodes de l\u2019ing\u00e9nierie sociale ou d\u2019une communication syndicale trop g\u00e9n\u00e9rale \u2013 voire politique \u2013 qui pr\u00e9domine.<\/p><p>L\u2019irruption de la notion de \u00ab corps interm\u00e9diaire \u00bb dans le d\u00e9bat public est embl\u00e9matique de cette situation et tend \u00e0 souligner certaines impasses dans lequel le syndicalisme contemporain s\u2019est enferm\u00e9.<\/p><p>Celui-ci semble beaucoup reprocher au pouvoir de le n\u00e9gliger en tant que \u00ab corps interm\u00e9diaire \u00bb. Et pour contrecarrer la critique, ce dernier a propos\u00e9 r\u00e9cemment de cr\u00e9er un conseil national de refondation \u2013 encore myst\u00e9rieux et au devenir incertain \u2013 qui redonnerait toute sa place \u00e0 ce \u00ab corps \u00bb face aux \u00ab grands d\u00e9fis auxquels la [France doit] r\u00e9pondre \u00bb comme <a href=\"https:\/\/www.francetvinfo.fr\/replay-radio\/entre-les-lignes\/le-conseil-national-de-la-refondation-un-nouveau-machin_5159470.html\">l\u2019a propos\u00e9<\/a> le pr\u00e9sident de la R\u00e9publique.<\/p><p>Pourtant, les lieux ne manquent pas dans lesquels ce \u00ab corps \u00bb s\u2019exprime d\u00e9j\u00e0 : multiples commissions d\u00e9partementales ou r\u00e9gionales, conseils \u00e9conomiques, sociaux et environnementaux, sans parler de rencontres institutionnalis\u00e9es \u00e0 tous les niveaux de la n\u00e9gociation collective, mais aussi chez le pr\u00e9fet, le ministre, jusqu\u2019au pr\u00e9sident de la R\u00e9publique. Ainsi, un nouveau \u00ab pouvoir syndical \u00bb est mis en sc\u00e8ne\u2026 quand les salari\u00e9s regardent ailleurs ou pr\u00e9f\u00e8rent parfois d\u2019autres formes d\u2019action collective.<\/p>\t\t\t\t\t\t\t\t<\/div>\n\t\t\t\t<\/div>\n\t\t\t\t\t<\/div>\n\t\t<\/div>\n\t\t\t\t\t<\/div>\n\t\t<\/section>\n\t\t\t\t<section class=\"elementor-section elementor-top-section elementor-element elementor-element-d08a1b9 elementor-section-boxed elementor-section-height-default elementor-section-height-default\" data-id=\"d08a1b9\" data-element_type=\"section\" data-e-type=\"section\">\n\t\t\t\t\t\t<div class=\"elementor-container elementor-column-gap-default\">\n\t\t\t\t\t<div class=\"elementor-column elementor-col-100 elementor-top-column elementor-element elementor-element-f3bd009\" data-id=\"f3bd009\" data-element_type=\"column\" data-e-type=\"column\">\n\t\t\t<div class=\"elementor-widget-wrap elementor-element-populated\">\n\t\t\t\t\t\t<div class=\"elementor-element elementor-element-f0d25fb elementor-widget elementor-widget-text-editor\" data-id=\"f0d25fb\" data-element_type=\"widget\" data-e-type=\"widget\" data-widget_type=\"text-editor.default\">\n\t\t\t\t<div class=\"elementor-widget-container\">\n\t\t\t\t\t\t\t\t\t<h2>Quelle place \u00e0 venir ?<\/h2><p>Selon cette logique, les \u00ab gilets jaunes \u00bb seraient la cons\u00e9quence d\u2019un \u00ab exercice du pouvoir trop vertical \u00bb qui aurait affaibli les corps interm\u00e9diaires explique la CFDT dans son rapport d\u2019activit\u00e9 lors de <a href=\"https:\/\/www.cfdt.fr\/upload\/docs\/application\/pdf\/2022-02\/rapport-activite-congres-lyon-20220214-interactif.pdf\">son congr\u00e8s de juin 2022<\/a>. Au passage, la CFDT se reconna\u00eet pleinement dans cette notion de \u00ab corps \u00bb et entend participer pleinement au \u00ab policy making \u00bb et, en quelque sorte trouver ou retrouver toute sa place aupr\u00e8s des politiques.<\/p><p>Cela passerait aussi par un \u00ab travail d\u2019influence aupr\u00e8s des parlementaires \u00bb (selon ce m\u00eame rapport), qui impliquerait notamment \u00ab la r\u00e9daction d\u2019amendements aux projets et propositions de loi \u00bb.<\/p><p>Au contraire, FO rejette cette approche d\u2019apr\u00e8s son secr\u00e9taire g\u00e9n\u00e9ral lors du congr\u00e8s de son organisation le 30 mai dernier, quelques jours avant celui de la CFDT :<\/p><blockquote><p>\u00ab Nous ne sommes pas un corps interm\u00e9diaire\u2026 car nous ne sommes pas \u00e9trangers ou ext\u00e9rieurs \u00e0 la classe ouvri\u00e8re [mais une] organisation de la classe ouvri\u00e8re. \u00bb<\/p><\/blockquote><p>Ce <a href=\"https:\/\/www.force-ouvriere.fr\/je-suis-tres-fiere-que-le-congres-se-passe-chez-nous-15924\">discours<\/a> traduit une vision plus sociologique qui n\u2019exclut pas, en pratique, un syndicalisme de professionnels de la repr\u00e9sentation, comparable \u00e0 celui de la CFDT.<\/p><p>Cette opposition, qui \u00e9chappe \u00e0 bien des observateurs, pose les d\u00e9fis auxquels est confront\u00e9 le syndicalisme contemporain. Soit poursuivre dans une voie technologique ou politique, affinant et normant des m\u00e9canismes de repr\u00e9sentation ou de dialogue auxquels les salari\u00e9s sont de plus en indiff\u00e9rents. Soit renouer, sans nostalgie, avec des modes d\u2019expression innervant le monde du travail et lui rendant toute sa place.<\/p><p>N\u2019est-ce pas ce que pr\u00e9conisait une <a href=\"https:\/\/www.etui.org\/sites\/default\/files\/19%20Bleak%20prospects%20Kurt%20Vandaele%20Web%20version.pdf\">\u00e9tude de la Conf\u00e9d\u00e9ration europ\u00e9enne des syndicats<\/a>, en 2019, face aux \u00ab sombres perspectives \u00bb de la d\u00e9-syndicalisation ?<\/p><p>Si les syndicats doivent innover, il leur faut aussi red\u00e9couvrir les <a href=\"https:\/\/books.openedition.org\/psorbonne\/44553\">strat\u00e9gies anciennes<\/a> qui ont fait leur r\u00e9ussite : la pr\u00e9sence sur les lieux de travail, l\u2019\u00e9coute des salari\u00e9s, les services aux adh\u00e9rents, le refus du \u00ab partenariat \u00bb avec les employeurs et l\u2019\u00c9tat. La crise politique rend plus n\u00e9cessaire encore ce nouvel enracinement pour refaire soci\u00e9t\u00e9.<\/p>\t\t\t\t\t\t\t\t<\/div>\n\t\t\t\t<\/div>\n\t\t\t\t\t<\/div>\n\t\t<\/div>\n\t\t\t\t\t<\/div>\n\t\t<\/section>\n\t\t\t\t<section class=\"elementor-section elementor-top-section elementor-element elementor-element-a48ce1d elementor-section-boxed elementor-section-height-default elementor-section-height-default\" data-id=\"a48ce1d\" data-element_type=\"section\" data-e-type=\"section\">\n\t\t\t\t\t\t<div class=\"elementor-container elementor-column-gap-default\">\n\t\t\t\t\t<div class=\"elementor-column elementor-col-100 elementor-top-column elementor-element elementor-element-b9fe166\" data-id=\"b9fe166\" data-element_type=\"column\" data-e-type=\"column\">\n\t\t\t<div class=\"elementor-widget-wrap elementor-element-populated\">\n\t\t\t\t\t\t<div class=\"elementor-element elementor-element-10c10de elementor-widget-divider--view-line elementor-widget elementor-widget-divider\" data-id=\"10c10de\" data-element_type=\"widget\" data-e-type=\"widget\" data-widget_type=\"divider.default\">\n\t\t\t\t<div class=\"elementor-widget-container\">\n\t\t\t\t\t\t\t<div class=\"elementor-divider\">\n\t\t\t<span class=\"elementor-divider-separator\">\n\t\t\t\t\t\t<\/span>\n\t\t<\/div>\n\t\t\t\t\t\t<\/div>\n\t\t\t\t<\/div>\n\t\t\t\t\t<\/div>\n\t\t<\/div>\n\t\t\t\t\t<\/div>\n\t\t<\/section>\n\t\t\t\t<section class=\"elementor-section elementor-top-section elementor-element elementor-element-e8abbad elementor-section-boxed elementor-section-height-default elementor-section-height-default\" data-id=\"e8abbad\" data-element_type=\"section\" data-e-type=\"section\">\n\t\t\t\t\t\t<div class=\"elementor-container elementor-column-gap-default\">\n\t\t\t\t\t<div class=\"elementor-column elementor-col-100 elementor-top-column elementor-element elementor-element-d015c6e\" data-id=\"d015c6e\" data-element_type=\"column\" data-e-type=\"column\">\n\t\t\t<div class=\"elementor-widget-wrap elementor-element-populated\">\n\t\t\t\t\t\t<div class=\"elementor-element elementor-element-da22b99 elementor-widget elementor-widget-text-editor\" data-id=\"da22b99\" data-element_type=\"widget\" data-e-type=\"widget\" data-widget_type=\"text-editor.default\">\n\t\t\t\t<div class=\"elementor-widget-container\">\n\t\t\t\t\t\t\t\t\t<p><a href=\"https:\/\/theconversation.com\/profiles\/dominique-andolfatto-385291\">Dominique Andolfatto<\/a>, Professeur des Universit\u00e9s en science politique, <em><a href=\"https:\/\/theconversation.com\/institutions\/universite-de-bourgogne-ubfc-2288\">Universit\u00e9 de Bourgogne \u2013 UBFC<\/a><\/em> et <a href=\"https:\/\/theconversation.com\/profiles\/dominique-labbe-594758\">Dominique Labb\u00e9<\/a>, Docteur d&#8217;Etat en science politique et ma\u00eetre de conf\u00e9rences retrait\u00e9, <em><a href=\"https:\/\/theconversation.com\/institutions\/universite-grenoble-alpes-uga-2279\">Universit\u00e9 Grenoble Alpes (UGA)<\/a><\/em><\/p><p>Cet article est republi\u00e9 \u00e0 partir de <a href=\"https:\/\/theconversation.com\">The Conversation<\/a> sous licence Creative Commons. Lire l\u2019<a href=\"https:\/\/theconversation.com\/manifestations-greves-vers-un-troisieme-tour-social-185258\">article original<\/a>.<\/p>\t\t\t\t\t\t\t\t<\/div>\n\t\t\t\t<\/div>\n\t\t\t\t\t<\/div>\n\t\t<\/div>\n\t\t\t\t\t<\/div>\n\t\t<\/section>\n\t\t\t\t<\/div>\n\t\t","protected":false},"excerpt":{"rendered":"<p>Dominique Andolfatto, Universit\u00e9 de Bourgogne \u2013 UBFC et Dominique Labb\u00e9, Universit\u00e9 Grenoble Alpes (UGA) D\u00e9j\u00e0 les th\u00e8mes sociaux mobilisent les organisations syndicales inqui\u00e8tes de la possible paralysie de la vie politique. De nombreux appels \u00e0 la gr\u00e8ve dans certains secteurs, comme les transports ou la radio-t\u00e9l\u00e9vision publique viennent alimenter l\u2019effervescence actuelle. Un troisi\u00e8me \u00ab tour &hellip; <a href=\"https:\/\/www.ubfc.fr\/en\/manifestations-greves-vers-un-troisieme-tour-social\/\">Continued<\/a><\/p>\n","protected":false},"author":60,"featured_media":58480,"comment_status":"open","ping_status":"closed","sticky":false,"template":"","format":"standard","meta":{"_acf_changed":false,"footnotes":""},"categories":[2062,2049,14],"class_list":["post-62776","post","type-post","status-publish","format-standard","has-post-thumbnail","hentry","category-culture-scientifique-et-technique","category-recherche","category-ubfc"],"acf":[],"yoast_head":"<!-- This site is optimized with the Yoast SEO plugin v27.4 - https:\/\/yoast.com\/product\/yoast-seo-wordpress\/ -->\n<title>Manifestations, gr\u00e8ves : vers un troisi\u00e8me tour social ? - COMUE Universit\u00e9 Bourgogne-Franche-Comt\u00e9<\/title>\n<meta name=\"robots\" content=\"index, follow, max-snippet:-1, max-image-preview:large, max-video-preview:-1\" \/>\n<link rel=\"canonical\" href=\"https:\/\/www.ubfc.fr\/manifestations-greves-vers-un-troisieme-tour-social\/\" \/>\n<meta property=\"og:locale\" content=\"en_US\" \/>\n<meta property=\"og:type\" content=\"article\" \/>\n<meta property=\"og:title\" content=\"Manifestations, gr\u00e8ves : vers un troisi\u00e8me tour social ? - COMUE Universit\u00e9 Bourgogne-Franche-Comt\u00e9\" \/>\n<meta property=\"og:description\" content=\"Dominique Andolfatto, Universit\u00e9 de Bourgogne \u2013 UBFC et Dominique Labb\u00e9, Universit\u00e9 Grenoble Alpes (UGA) D\u00e9j\u00e0 les th\u00e8mes sociaux mobilisent les organisations syndicales inqui\u00e8tes de la possible paralysie de la vie politique. De nombreux appels \u00e0 la gr\u00e8ve dans certains secteurs, comme les transports ou la radio-t\u00e9l\u00e9vision publique viennent alimenter l\u2019effervescence actuelle. Un troisi\u00e8me \u00ab tour &hellip; Continued\" \/>\n<meta property=\"og:url\" content=\"https:\/\/www.ubfc.fr\/manifestations-greves-vers-un-troisieme-tour-social\/\" \/>\n<meta property=\"og:site_name\" content=\"COMUE Universit\u00e9 Bourgogne-Franche-Comt\u00e9\" \/>\n<meta property=\"article:publisher\" content=\"https:\/\/www.facebook.com\/UnivBFC\/\" \/>\n<meta property=\"article:published_time\" content=\"2022-06-30T08:14:25+00:00\" \/>\n<meta property=\"article:modified_time\" content=\"2022-06-30T08:18:23+00:00\" \/>\n<meta property=\"og:image\" content=\"https:\/\/www.ubfc.fr\/wp-content\/uploads\/2022\/02\/the-conversation-vignette-actu.png\" \/>\n\t<meta property=\"og:image:width\" content=\"412\" \/>\n\t<meta property=\"og:image:height\" content=\"536\" \/>\n\t<meta property=\"og:image:type\" content=\"image\/png\" \/>\n<meta name=\"author\" content=\"Fanny Ajak\" \/>\n<meta name=\"twitter:card\" content=\"summary_large_image\" \/>\n<meta name=\"twitter:creator\" content=\"@univ_bfc\" \/>\n<meta name=\"twitter:site\" content=\"@univ_bfc\" \/>\n<meta name=\"twitter:label1\" content=\"Written by\" \/>\n\t<meta name=\"twitter:data1\" content=\"Fanny Ajak\" \/>\n\t<meta name=\"twitter:label2\" content=\"Est. reading time\" \/>\n\t<meta name=\"twitter:data2\" content=\"8 minutes\" \/>\n<script type=\"application\/ld+json\" class=\"yoast-schema-graph\">{\"@context\":\"https:\\\/\\\/schema.org\",\"@graph\":[{\"@type\":\"Article\",\"@id\":\"https:\\\/\\\/www.ubfc.fr\\\/manifestations-greves-vers-un-troisieme-tour-social\\\/#article\",\"isPartOf\":{\"@id\":\"https:\\\/\\\/www.ubfc.fr\\\/manifestations-greves-vers-un-troisieme-tour-social\\\/\"},\"author\":{\"name\":\"Fanny Ajak\",\"@id\":\"https:\\\/\\\/www.ubfc.fr\\\/#\\\/schema\\\/person\\\/692829a283f52bc4a247708371ee307a\"},\"headline\":\"Manifestations, gr\u00e8ves : vers un troisi\u00e8me tour social ?\",\"datePublished\":\"2022-06-30T08:14:25+00:00\",\"dateModified\":\"2022-06-30T08:18:23+00:00\",\"mainEntityOfPage\":{\"@id\":\"https:\\\/\\\/www.ubfc.fr\\\/manifestations-greves-vers-un-troisieme-tour-social\\\/\"},\"wordCount\":1711,\"commentCount\":0,\"publisher\":{\"@id\":\"https:\\\/\\\/www.ubfc.fr\\\/#organization\"},\"image\":{\"@id\":\"https:\\\/\\\/www.ubfc.fr\\\/manifestations-greves-vers-un-troisieme-tour-social\\\/#primaryimage\"},\"thumbnailUrl\":\"https:\\\/\\\/www.ubfc.fr\\\/wp-content\\\/uploads\\\/2022\\\/02\\\/the-conversation-vignette-actu.png\",\"articleSection\":[\"Culture scientifique et technique\",\"Recherche\",\"UBFC\"],\"inLanguage\":\"en-US\",\"potentialAction\":[{\"@type\":\"CommentAction\",\"name\":\"Comment\",\"target\":[\"https:\\\/\\\/www.ubfc.fr\\\/manifestations-greves-vers-un-troisieme-tour-social\\\/#respond\"]}]},{\"@type\":\"WebPage\",\"@id\":\"https:\\\/\\\/www.ubfc.fr\\\/manifestations-greves-vers-un-troisieme-tour-social\\\/\",\"url\":\"https:\\\/\\\/www.ubfc.fr\\\/manifestations-greves-vers-un-troisieme-tour-social\\\/\",\"name\":\"Manifestations, gr\u00e8ves : vers un troisi\u00e8me tour social ? - COMUE Universit\u00e9 Bourgogne-Franche-Comt\u00e9\",\"isPartOf\":{\"@id\":\"https:\\\/\\\/www.ubfc.fr\\\/#website\"},\"primaryImageOfPage\":{\"@id\":\"https:\\\/\\\/www.ubfc.fr\\\/manifestations-greves-vers-un-troisieme-tour-social\\\/#primaryimage\"},\"image\":{\"@id\":\"https:\\\/\\\/www.ubfc.fr\\\/manifestations-greves-vers-un-troisieme-tour-social\\\/#primaryimage\"},\"thumbnailUrl\":\"https:\\\/\\\/www.ubfc.fr\\\/wp-content\\\/uploads\\\/2022\\\/02\\\/the-conversation-vignette-actu.png\",\"datePublished\":\"2022-06-30T08:14:25+00:00\",\"dateModified\":\"2022-06-30T08:18:23+00:00\",\"breadcrumb\":{\"@id\":\"https:\\\/\\\/www.ubfc.fr\\\/manifestations-greves-vers-un-troisieme-tour-social\\\/#breadcrumb\"},\"inLanguage\":\"en-US\",\"potentialAction\":[{\"@type\":\"ReadAction\",\"target\":[\"https:\\\/\\\/www.ubfc.fr\\\/manifestations-greves-vers-un-troisieme-tour-social\\\/\"]}]},{\"@type\":\"ImageObject\",\"inLanguage\":\"en-US\",\"@id\":\"https:\\\/\\\/www.ubfc.fr\\\/manifestations-greves-vers-un-troisieme-tour-social\\\/#primaryimage\",\"url\":\"https:\\\/\\\/www.ubfc.fr\\\/wp-content\\\/uploads\\\/2022\\\/02\\\/the-conversation-vignette-actu.png\",\"contentUrl\":\"https:\\\/\\\/www.ubfc.fr\\\/wp-content\\\/uploads\\\/2022\\\/02\\\/the-conversation-vignette-actu.png\",\"width\":412,\"height\":536},{\"@type\":\"BreadcrumbList\",\"@id\":\"https:\\\/\\\/www.ubfc.fr\\\/manifestations-greves-vers-un-troisieme-tour-social\\\/#breadcrumb\",\"itemListElement\":[{\"@type\":\"ListItem\",\"position\":1,\"name\":\"Accueil\",\"item\":\"https:\\\/\\\/www.ubfc.fr\\\/en\\\/\"},{\"@type\":\"ListItem\",\"position\":2,\"name\":\"Manifestations, gr\u00e8ves : vers un troisi\u00e8me tour social ?\"}]},{\"@type\":\"WebSite\",\"@id\":\"https:\\\/\\\/www.ubfc.fr\\\/#website\",\"url\":\"https:\\\/\\\/www.ubfc.fr\\\/\",\"name\":\"COMUE Universit\u00e9 Bourgogne-Franche-Comt\u00e9\",\"description\":\"\",\"publisher\":{\"@id\":\"https:\\\/\\\/www.ubfc.fr\\\/#organization\"},\"potentialAction\":[{\"@type\":\"SearchAction\",\"target\":{\"@type\":\"EntryPoint\",\"urlTemplate\":\"https:\\\/\\\/www.ubfc.fr\\\/?s={search_term_string}\"},\"query-input\":{\"@type\":\"PropertyValueSpecification\",\"valueRequired\":true,\"valueName\":\"search_term_string\"}}],\"inLanguage\":\"en-US\"},{\"@type\":\"Organization\",\"@id\":\"https:\\\/\\\/www.ubfc.fr\\\/#organization\",\"name\":\"Universit\u00e9 Bourgogne-Franche-Comt\u00e9\",\"url\":\"https:\\\/\\\/www.ubfc.fr\\\/\",\"logo\":{\"@type\":\"ImageObject\",\"inLanguage\":\"en-US\",\"@id\":\"https:\\\/\\\/www.ubfc.fr\\\/#\\\/schema\\\/logo\\\/image\\\/\",\"url\":\"https:\\\/\\\/www.ubfc.fr\\\/wp-content\\\/uploads\\\/2022\\\/03\\\/vagueUBFC_favicon.png\",\"contentUrl\":\"https:\\\/\\\/www.ubfc.fr\\\/wp-content\\\/uploads\\\/2022\\\/03\\\/vagueUBFC_favicon.png\",\"width\":512,\"height\":512,\"caption\":\"Universit\u00e9 Bourgogne-Franche-Comt\u00e9\"},\"image\":{\"@id\":\"https:\\\/\\\/www.ubfc.fr\\\/#\\\/schema\\\/logo\\\/image\\\/\"},\"sameAs\":[\"https:\\\/\\\/www.facebook.com\\\/UnivBFC\\\/\",\"https:\\\/\\\/x.com\\\/univ_bfc\",\"https:\\\/\\\/www.linkedin.com\\\/school\\\/universitebourgognefranchecomte\\\/mycompany\\\/\"]},{\"@type\":\"Person\",\"@id\":\"https:\\\/\\\/www.ubfc.fr\\\/#\\\/schema\\\/person\\\/692829a283f52bc4a247708371ee307a\",\"name\":\"Fanny Ajak\"}]}<\/script>\n<!-- \/ Yoast SEO plugin. -->","yoast_head_json":{"title":"Manifestations, gr\u00e8ves : vers un troisi\u00e8me tour social ? - COMUE Universit\u00e9 Bourgogne-Franche-Comt\u00e9","robots":{"index":"index","follow":"follow","max-snippet":"max-snippet:-1","max-image-preview":"max-image-preview:large","max-video-preview":"max-video-preview:-1"},"canonical":"https:\/\/www.ubfc.fr\/manifestations-greves-vers-un-troisieme-tour-social\/","og_locale":"en_US","og_type":"article","og_title":"Manifestations, gr\u00e8ves : vers un troisi\u00e8me tour social ? - COMUE Universit\u00e9 Bourgogne-Franche-Comt\u00e9","og_description":"Dominique Andolfatto, Universit\u00e9 de Bourgogne \u2013 UBFC et Dominique Labb\u00e9, Universit\u00e9 Grenoble Alpes (UGA) D\u00e9j\u00e0 les th\u00e8mes sociaux mobilisent les organisations syndicales inqui\u00e8tes de la possible paralysie de la vie politique. De nombreux appels \u00e0 la gr\u00e8ve dans certains secteurs, comme les transports ou la radio-t\u00e9l\u00e9vision publique viennent alimenter l\u2019effervescence actuelle. Un troisi\u00e8me \u00ab tour &hellip; Continued","og_url":"https:\/\/www.ubfc.fr\/manifestations-greves-vers-un-troisieme-tour-social\/","og_site_name":"COMUE Universit\u00e9 Bourgogne-Franche-Comt\u00e9","article_publisher":"https:\/\/www.facebook.com\/UnivBFC\/","article_published_time":"2022-06-30T08:14:25+00:00","article_modified_time":"2022-06-30T08:18:23+00:00","og_image":[{"width":412,"height":536,"url":"https:\/\/www.ubfc.fr\/wp-content\/uploads\/2022\/02\/the-conversation-vignette-actu.png","type":"image\/png"}],"author":"Fanny Ajak","twitter_card":"summary_large_image","twitter_creator":"@univ_bfc","twitter_site":"@univ_bfc","twitter_misc":{"Written by":"Fanny Ajak","Est. reading time":"8 minutes"},"schema":{"@context":"https:\/\/schema.org","@graph":[{"@type":"Article","@id":"https:\/\/www.ubfc.fr\/manifestations-greves-vers-un-troisieme-tour-social\/#article","isPartOf":{"@id":"https:\/\/www.ubfc.fr\/manifestations-greves-vers-un-troisieme-tour-social\/"},"author":{"name":"Fanny Ajak","@id":"https:\/\/www.ubfc.fr\/#\/schema\/person\/692829a283f52bc4a247708371ee307a"},"headline":"Manifestations, gr\u00e8ves : vers un troisi\u00e8me tour social ?","datePublished":"2022-06-30T08:14:25+00:00","dateModified":"2022-06-30T08:18:23+00:00","mainEntityOfPage":{"@id":"https:\/\/www.ubfc.fr\/manifestations-greves-vers-un-troisieme-tour-social\/"},"wordCount":1711,"commentCount":0,"publisher":{"@id":"https:\/\/www.ubfc.fr\/#organization"},"image":{"@id":"https:\/\/www.ubfc.fr\/manifestations-greves-vers-un-troisieme-tour-social\/#primaryimage"},"thumbnailUrl":"https:\/\/www.ubfc.fr\/wp-content\/uploads\/2022\/02\/the-conversation-vignette-actu.png","articleSection":["Culture scientifique et technique","Recherche","UBFC"],"inLanguage":"en-US","potentialAction":[{"@type":"CommentAction","name":"Comment","target":["https:\/\/www.ubfc.fr\/manifestations-greves-vers-un-troisieme-tour-social\/#respond"]}]},{"@type":"WebPage","@id":"https:\/\/www.ubfc.fr\/manifestations-greves-vers-un-troisieme-tour-social\/","url":"https:\/\/www.ubfc.fr\/manifestations-greves-vers-un-troisieme-tour-social\/","name":"Manifestations, gr\u00e8ves : vers un troisi\u00e8me tour social ? - COMUE Universit\u00e9 Bourgogne-Franche-Comt\u00e9","isPartOf":{"@id":"https:\/\/www.ubfc.fr\/#website"},"primaryImageOfPage":{"@id":"https:\/\/www.ubfc.fr\/manifestations-greves-vers-un-troisieme-tour-social\/#primaryimage"},"image":{"@id":"https:\/\/www.ubfc.fr\/manifestations-greves-vers-un-troisieme-tour-social\/#primaryimage"},"thumbnailUrl":"https:\/\/www.ubfc.fr\/wp-content\/uploads\/2022\/02\/the-conversation-vignette-actu.png","datePublished":"2022-06-30T08:14:25+00:00","dateModified":"2022-06-30T08:18:23+00:00","breadcrumb":{"@id":"https:\/\/www.ubfc.fr\/manifestations-greves-vers-un-troisieme-tour-social\/#breadcrumb"},"inLanguage":"en-US","potentialAction":[{"@type":"ReadAction","target":["https:\/\/www.ubfc.fr\/manifestations-greves-vers-un-troisieme-tour-social\/"]}]},{"@type":"ImageObject","inLanguage":"en-US","@id":"https:\/\/www.ubfc.fr\/manifestations-greves-vers-un-troisieme-tour-social\/#primaryimage","url":"https:\/\/www.ubfc.fr\/wp-content\/uploads\/2022\/02\/the-conversation-vignette-actu.png","contentUrl":"https:\/\/www.ubfc.fr\/wp-content\/uploads\/2022\/02\/the-conversation-vignette-actu.png","width":412,"height":536},{"@type":"BreadcrumbList","@id":"https:\/\/www.ubfc.fr\/manifestations-greves-vers-un-troisieme-tour-social\/#breadcrumb","itemListElement":[{"@type":"ListItem","position":1,"name":"Accueil","item":"https:\/\/www.ubfc.fr\/en\/"},{"@type":"ListItem","position":2,"name":"Manifestations, gr\u00e8ves : vers un troisi\u00e8me tour social ?"}]},{"@type":"WebSite","@id":"https:\/\/www.ubfc.fr\/#website","url":"https:\/\/www.ubfc.fr\/","name":"COMUE Universit\u00e9 Bourgogne-Franche-Comt\u00e9","description":"","publisher":{"@id":"https:\/\/www.ubfc.fr\/#organization"},"potentialAction":[{"@type":"SearchAction","target":{"@type":"EntryPoint","urlTemplate":"https:\/\/www.ubfc.fr\/?s={search_term_string}"},"query-input":{"@type":"PropertyValueSpecification","valueRequired":true,"valueName":"search_term_string"}}],"inLanguage":"en-US"},{"@type":"Organization","@id":"https:\/\/www.ubfc.fr\/#organization","name":"Universit\u00e9 Bourgogne-Franche-Comt\u00e9","url":"https:\/\/www.ubfc.fr\/","logo":{"@type":"ImageObject","inLanguage":"en-US","@id":"https:\/\/www.ubfc.fr\/#\/schema\/logo\/image\/","url":"https:\/\/www.ubfc.fr\/wp-content\/uploads\/2022\/03\/vagueUBFC_favicon.png","contentUrl":"https:\/\/www.ubfc.fr\/wp-content\/uploads\/2022\/03\/vagueUBFC_favicon.png","width":512,"height":512,"caption":"Universit\u00e9 Bourgogne-Franche-Comt\u00e9"},"image":{"@id":"https:\/\/www.ubfc.fr\/#\/schema\/logo\/image\/"},"sameAs":["https:\/\/www.facebook.com\/UnivBFC\/","https:\/\/x.com\/univ_bfc","https:\/\/www.linkedin.com\/school\/universitebourgognefranchecomte\/mycompany\/"]},{"@type":"Person","@id":"https:\/\/www.ubfc.fr\/#\/schema\/person\/692829a283f52bc4a247708371ee307a","name":"Fanny Ajak"}]}},"_links":{"self":[{"href":"https:\/\/www.ubfc.fr\/en\/wp-json\/wp\/v2\/posts\/62776","targetHints":{"allow":["GET"]}}],"collection":[{"href":"https:\/\/www.ubfc.fr\/en\/wp-json\/wp\/v2\/posts"}],"about":[{"href":"https:\/\/www.ubfc.fr\/en\/wp-json\/wp\/v2\/types\/post"}],"author":[{"embeddable":true,"href":"https:\/\/www.ubfc.fr\/en\/wp-json\/wp\/v2\/users\/60"}],"replies":[{"embeddable":true,"href":"https:\/\/www.ubfc.fr\/en\/wp-json\/wp\/v2\/comments?post=62776"}],"version-history":[{"count":0,"href":"https:\/\/www.ubfc.fr\/en\/wp-json\/wp\/v2\/posts\/62776\/revisions"}],"wp:featuredmedia":[{"embeddable":true,"href":"https:\/\/www.ubfc.fr\/en\/wp-json\/wp\/v2\/media\/58480"}],"wp:attachment":[{"href":"https:\/\/www.ubfc.fr\/en\/wp-json\/wp\/v2\/media?parent=62776"}],"wp:term":[{"taxonomy":"category","embeddable":true,"href":"https:\/\/www.ubfc.fr\/en\/wp-json\/wp\/v2\/categories?post=62776"}],"curies":[{"name":"wp","href":"https:\/\/api.w.org\/{rel}","templated":true}]}}