{"id":62771,"date":"2022-06-30T09:51:50","date_gmt":"2022-06-30T07:51:50","guid":{"rendered":"https:\/\/www.ubfc.fr\/?p=62771"},"modified":"2022-06-30T09:56:10","modified_gmt":"2022-06-30T07:56:10","slug":"apres-le-bouleversement-des-legislatives-quelle-place-pour-le-senat","status":"publish","type":"post","link":"https:\/\/www.ubfc.fr\/en\/apres-le-bouleversement-des-legislatives-quelle-place-pour-le-senat\/","title":{"rendered":"Apr\u00e8s le bouleversement des l\u00e9gislatives, quelle place pour le S\u00e9nat ?"},"content":{"rendered":"\t\t<div data-elementor-type=\"wp-post\" data-elementor-id=\"62771\" class=\"elementor elementor-62771\" data-elementor-post-type=\"post\">\n\t\t\t\t\t\t<section class=\"elementor-section elementor-top-section elementor-element elementor-element-ed85b14 elementor-section-boxed elementor-section-height-default elementor-section-height-default\" data-id=\"ed85b14\" data-element_type=\"section\" data-e-type=\"section\">\n\t\t\t\t\t\t<div class=\"elementor-container elementor-column-gap-default\">\n\t\t\t\t\t<div class=\"elementor-column elementor-col-100 elementor-top-column elementor-element elementor-element-50e18c8\" data-id=\"50e18c8\" data-element_type=\"column\" data-e-type=\"column\">\n\t\t\t<div class=\"elementor-widget-wrap elementor-element-populated\">\n\t\t\t\t\t\t<div class=\"elementor-element elementor-element-71240cf elementor-widget elementor-widget-text-editor\" data-id=\"71240cf\" data-element_type=\"widget\" data-e-type=\"widget\" data-widget_type=\"text-editor.default\">\n\t\t\t\t<div class=\"elementor-widget-container\">\n\t\t\t\t\t\t\t\t\t<p><a href=\"https:\/\/theconversation.com\/profiles\/aurore-granero-1356187\">Aurore Granero<\/a>, <em><a href=\"https:\/\/theconversation.com\/institutions\/universite-de-bourgogne-ubfc-2288\">Universit\u00e9 de Bourgogne \u2013 UBFC<\/a><\/em><\/p>\t\t\t\t\t\t\t\t<\/div>\n\t\t\t\t<\/div>\n\t\t\t\t\t<\/div>\n\t\t<\/div>\n\t\t\t\t\t<\/div>\n\t\t<\/section>\n\t\t\t\t<section class=\"elementor-section elementor-top-section elementor-element elementor-element-5409ad7 elementor-section-boxed elementor-section-height-default elementor-section-height-default\" data-id=\"5409ad7\" data-element_type=\"section\" data-e-type=\"section\">\n\t\t\t\t\t\t<div class=\"elementor-container elementor-column-gap-default\">\n\t\t\t\t\t<div class=\"elementor-column elementor-col-100 elementor-top-column elementor-element elementor-element-ae86044\" data-id=\"ae86044\" data-element_type=\"column\" data-e-type=\"column\">\n\t\t\t<div class=\"elementor-widget-wrap elementor-element-populated\">\n\t\t\t\t\t\t<div class=\"elementor-element elementor-element-002c517 elementor-widget elementor-widget-text-editor\" data-id=\"002c517\" data-element_type=\"widget\" data-e-type=\"widget\" data-widget_type=\"text-editor.default\">\n\t\t\t\t<div class=\"elementor-widget-container\">\n\t\t\t\t\t\t\t\t\t<p>Anomalie d\u00e9mocratique, <a href=\"https:\/\/www.cairn.info\/revue-francaise-de-droit-constitutionnel-2004-0-page-33.htm\">\u00ab assembl\u00e9e du seigle et de la ch\u00e2taigne \u00bb<\/a>, r\u00e9union de notables ou de privil\u00e9gi\u00e9s, les <a href=\"https:\/\/www.radiofrance.fr\/franceculture\/podcasts\/dimanche-et-apres\/les-senateurs-indispensables-ou-depasses-9704730\">qualificatifs n\u00e9gatifs<\/a> ne manquent pas pour d\u00e9signer le S\u00e9nat, seconde chambre m\u00e9connue du Parlement.<\/p><p>Cette image, peu flatteuse, est li\u00e9e \u00e0 son <a href=\"http:\/\/www.senat.fr\/role\/senate.html\">mode d\u2019\u00e9lection<\/a>. Les 348 s\u00e9nateurs du Palais du Luxembourg sont en effet \u00e9lus au suffrage universel indirect par un coll\u00e8ge \u00e9lectoral compos\u00e9 essentiellement de d\u00e9l\u00e9gu\u00e9s des conseils municipaux, ce qui explique, pour partie, sa composition politique majoritairement \u00e0 droite et qu\u2019il soit qualifi\u00e9 de \u00ab Grand conseil des communes de France \u00bb.<\/p><p>Or, au vu de la crise politique que traverse la France, l\u2019attention politique pourrait bien d\u00e9sormais se porter sur les s\u00e9nateurs de droite, qui, pour certains observateurs seraient les <a href=\"https:\/\/www.vie-publique.fr\/fiches\/19507-quest-ce-quun-senateur-quel-est-le-role-dun-senateur\">grands gagnants<\/a> de cette \u00e9lection l\u00e9gislative.<\/p><p>Au vu des d\u00e9fis qui s\u2019annoncent pour le prochain quinquennat, il est important de revenir sur les pr\u00e9rogatives du S\u00e9nat ainsi que sur son r\u00f4le qui pourrait bien \u00eatre renforc\u00e9 et, dans le m\u00eame temps et de fa\u00e7on in\u00e9dite, affaiblir la verticalit\u00e9 du pouvoir.<\/p>\t\t\t\t\t\t\t\t<\/div>\n\t\t\t\t<\/div>\n\t\t\t\t\t<\/div>\n\t\t<\/div>\n\t\t\t\t\t<\/div>\n\t\t<\/section>\n\t\t\t\t<section class=\"elementor-section elementor-top-section elementor-element elementor-element-72447ff elementor-section-boxed elementor-section-height-default elementor-section-height-default\" data-id=\"72447ff\" data-element_type=\"section\" data-e-type=\"section\">\n\t\t\t\t\t\t<div class=\"elementor-container elementor-column-gap-default\">\n\t\t\t\t\t<div class=\"elementor-column elementor-col-100 elementor-top-column elementor-element elementor-element-3f8d4d1\" data-id=\"3f8d4d1\" data-element_type=\"column\" data-e-type=\"column\">\n\t\t\t<div class=\"elementor-widget-wrap elementor-element-populated\">\n\t\t\t\t\t\t<div class=\"elementor-element elementor-element-faf1d36 elementor-widget elementor-widget-text-editor\" data-id=\"faf1d36\" data-element_type=\"widget\" data-e-type=\"widget\" data-widget_type=\"text-editor.default\">\n\t\t\t\t<div class=\"elementor-widget-container\">\n\t\t\t\t\t\t\t\t\t<h2>Deux principales missions<\/h2><p>Classiquement, le S\u00e9nat dispose de deux principales attributions : le contr\u00f4le du gouvernement et le vote de la loi. Celles-ci lui permettent d\u2019\u00eatre une chambre d\u2019opposition, de mod\u00e9ration et de contre-pouvoir.<\/p><p>Tout d\u2019abord, la <a href=\"https:\/\/www.vie-publique.fr\/fiches\/19582-revision-du-23-juillet-2008-un-changement-de-republique\">r\u00e9vision constitutionnelle du 23 juillet 2008<\/a> de modernisation des institutions attribue express\u00e9ment au Parlement les fonctions de contr\u00f4le du gouvernement et d\u2019\u00e9valuation des politiques (art. 24). Ce contr\u00f4le sur le gouvernement s\u2019effectue en s\u00e9ance notamment par le biais des questions (orales ou \u00e9crites) pos\u00e9es aux membres du gouvernement.<\/p><p>D\u2019ailleurs, les s\u00e9nateurs n\u2019h\u00e9sitent \u00e0 poser des questions \u00e9crites, orales ou d\u2019actualit\u00e9 (leur nombre a \u00e9t\u00e9 en forte augmentation avec <a href=\"https:\/\/www.senat.fr\/dossiers-legislatifs\/depots\/depots-2020.html\">580 questions<\/a> pour la session 2020-2021) pour contr\u00f4ler l\u2019action gouvernementale mais \u00e9galement alerter l\u2019opinion publique.<\/p><p>Par exemple, les s\u00e9nateurs et s\u00e9natrices ont pos\u00e9 des questions sur la <a href=\"https:\/\/www.senat.fr\/questions\/base\/2020\/qSEQ200717281.html\">surpopulation carc\u00e9rale<\/a>, la <a href=\"https:\/\/www.senat.fr\/questions\/base\/2021\/qSEQ210623378.html\">transparence des prix des m\u00e9dicaments<\/a> ou encore sur le dispositif <a href=\"https:\/\/www.senat.fr\/questions\/base\/2021\/qSEQ21111932S.html\">Parcoursup<\/a>.<\/p><p>Cette mission de contr\u00f4le s\u2019exerce aussi par le biais des d\u00e9l\u00e9gations ou commissions. Certaines d\u2019entre elles ont d\u2019ailleurs eu un fort retentissement m\u00e9diatique. On se souvient sous le premier quinquennat d\u2019Emmanuel Macron de la \u00ab mission d\u2019information sur les conditions dans lesquelles des personnes n\u2019appartenant pas aux forces de s\u00e9curit\u00e9 int\u00e9rieure ont pu ou peuvent \u00eatre associ\u00e9es \u00e0 l\u2019exercice de leurs missions de maintien de l\u2019ordre et de protection de hautes personnalit\u00e9s et le r\u00e9gime des sanctions applicables en cas de manquements \u00bb, dites <a href=\"https:\/\/www.senat.fr\/rap\/r18-324\/r18-3240.html\">\u00ab commission Benalla \u00bb<\/a> qui a fait couler beaucoup d\u2019encre et \u00e9lev\u00e9 \u00e0 leur paroxysme les tensions entre <a href=\"https:\/\/www.mediapart.fr\/journal\/france\/200219\/affaire-benalla-le-rapport-du-senat-met-directement-en-cause-l-elysee\">l\u2019\u00c9lys\u00e9e et le S\u00e9nat en 2018<\/a>.<\/p><p>Cette commission d\u2019enqu\u00eate a eu des r\u00e9percussions importantes tant sur le plan politique que juridique. En mettant en lumi\u00e8re de nombreux dysfonctionnements, cette commission a indirectement <a href=\"https:\/\/blog.juspoliticum.com\/2018\/09\/23\/laffaire-benalla-et-la-constitution-le-senat-organe-de-controle-politique-de-lexecutif\/\">remis en cause<\/a> la responsabilit\u00e9 du Pr\u00e9sident de la R\u00e9publique et a permis la cr\u00e9ation de la Direction de la s\u00e9curit\u00e9 de la pr\u00e9sidence de la R\u00e9publique l\u2019ann\u00e9e suivante.<\/p><p>Plus r\u00e9cemment, les s\u00e9nateurs ont enqu\u00eat\u00e9 sur l\u2019influence croissante des cabinets de conseil priv\u00e9s et autres acteurs du secteur priv\u00e9 sur les politiques publiques (<a href=\"https:\/\/www.lemonde.fr\/politique\/article\/2022\/04\/06\/affaire-mckinsey-le-parquet-national-financier-a-ouvert-une-enquete-preliminaire-pour-blanchiment-aggrave-de-fraude-fiscale_6120839_823448.html\">qui a donn\u00e9 lieu \u00e0 l\u2019\u00ab affaire McKinsey \u00bb<\/a>) et suscit\u00e9 des interrogations relatives \u00e0 la gestion par le gouvernement de la crise du Covid-19. Ces diff\u00e9rentes initiatives attestent que le r\u00f4le du S\u00e9nat est important pour contr\u00f4ler l\u2019action du gouvernement et mettre \u00e0 jour, \u00e0 la mani\u00e8re d\u2019un lanceur d\u2019alerte, certains manquements.<\/p>\t\t\t\t\t\t\t\t<\/div>\n\t\t\t\t<\/div>\n\t\t\t\t\t<\/div>\n\t\t<\/div>\n\t\t\t\t\t<\/div>\n\t\t<\/section>\n\t\t\t\t<section class=\"elementor-section elementor-top-section elementor-element elementor-element-4931659 elementor-section-boxed elementor-section-height-default elementor-section-height-default\" data-id=\"4931659\" data-element_type=\"section\" data-e-type=\"section\">\n\t\t\t\t\t\t<div class=\"elementor-container elementor-column-gap-default\">\n\t\t\t\t\t<div class=\"elementor-column elementor-col-100 elementor-top-column elementor-element elementor-element-3f47863\" data-id=\"3f47863\" data-element_type=\"column\" data-e-type=\"column\">\n\t\t\t<div class=\"elementor-widget-wrap elementor-element-populated\">\n\t\t\t\t\t\t<div class=\"elementor-element elementor-element-1015a1b elementor-widget elementor-widget-text-editor\" data-id=\"1015a1b\" data-element_type=\"widget\" data-e-type=\"widget\" data-widget_type=\"text-editor.default\">\n\t\t\t\t<div class=\"elementor-widget-container\">\n\t\t\t\t\t\t\t\t\t<h2>Un pouvoir l\u00e9gislatif non n\u00e9gligeable<\/h2><p>Ensuite, le S\u00e9nat dispose du pouvoir l\u00e9gislatif et, \u00e0 ce titre, il vote et peut \u00eatre \u00e0 l\u2019initiative des lois. Dans ce domaine, la Haute chambre joue \u00e9galement un r\u00f4le tr\u00e8s important puisqu\u2019il intervient, le plus souvent (sauf pour certains textes o\u00f9 le S\u00e9nat doit obligatoirement \u00eatre saisi prioritairement \u00e0 l\u2019instar des lois visant les collectivit\u00e9s territoriales en application de <a href=\"https:\/\/www.legifrance.gouv.fr\/loda\/article_lc\/LEGIARTI000019241026\">l\u2019article 39<\/a> de la Constitution) en seconde lecture.<\/p><p>\u00c9tant saisi en second dans le cadre de la <a href=\"https:\/\/www.vie-publique.fr\/fiches\/19521-quelles-sont-les-etapes-du-vote-dune-loi\">navette parlementaire<\/a> (transmission et examen des projets et propositions de loi), les s\u00e9nateurs et s\u00e9natrices voient arriver un texte d\u00e9j\u00e0 discut\u00e9, qu\u2019ils peuvent perfectionner, amender.<\/p><p>C\u2019est d\u2019ailleurs une des qualit\u00e9s unanimement reconnues \u00e0 la Haute chambre, celle de participer \u00e0 l\u2019am\u00e9lioration de la loi. Chambre de r\u00e9flexion, le S\u00e9nat, ne joue d\u2019ailleurs pas toujours un r\u00f4le de simple opposant politique.<\/p><p>Sur la p\u00e9riode 2020-2021, on peut s\u2019apercevoir que trois textes sur quatre ont \u00e9t\u00e9 adopt\u00e9s dans les m\u00eames termes par les deux chambres. Cependant, il peut \u00e9galement se r\u00e9v\u00e9ler \u00eatre un contre-pouvoir offensif en refusant, m\u00eame apr\u00e8s la r\u00e9union d\u2019une commission mixte paritaire, l\u2019adoption de certains textes comme la loi relative \u00e0 la bio\u00e9thique ou le projet de loi relatif au syst\u00e8me universel de retraite, adopt\u00e9 gr\u00e2ce \u00e0 l\u2019utilisation de l\u2019article 49.3 \u00e0 l\u2019Assembl\u00e9e nationale mais qui a ensuite \u00e9t\u00e9 abandonn\u00e9.<\/p><p>Ce dernier exemple montre que le gouvernement peut neutraliser la seconde chambre en donnant le dernier mot \u00e0 l\u2019Assembl\u00e9e nationale ce qui n\u2019est pas le cas dans le cadre des r\u00e9visions constitutionnelles.<\/p>\t\t\t\t\t\t\t\t<\/div>\n\t\t\t\t<\/div>\n\t\t\t\t\t<\/div>\n\t\t<\/div>\n\t\t\t\t\t<\/div>\n\t\t<\/section>\n\t\t\t\t<section class=\"elementor-section elementor-top-section elementor-element elementor-element-b879f9b elementor-section-boxed elementor-section-height-default elementor-section-height-default\" data-id=\"b879f9b\" data-element_type=\"section\" data-e-type=\"section\">\n\t\t\t\t\t\t<div class=\"elementor-container elementor-column-gap-default\">\n\t\t\t\t\t<div class=\"elementor-column elementor-col-100 elementor-top-column elementor-element elementor-element-d903077\" data-id=\"d903077\" data-element_type=\"column\" data-e-type=\"column\">\n\t\t\t<div class=\"elementor-widget-wrap elementor-element-populated\">\n\t\t\t\t\t\t<div class=\"elementor-element elementor-element-e347a53 elementor-widget elementor-widget-text-editor\" data-id=\"e347a53\" data-element_type=\"widget\" data-e-type=\"widget\" data-widget_type=\"text-editor.default\">\n\t\t\t\t<div class=\"elementor-widget-container\">\n\t\t\t\t\t\t\t\t\t<h2>Un pouvoir absolu de blocage<\/h2><p>Le S\u00e9nat dispose, en effet, d\u2019un pouvoir absolu de blocage en cas de d\u00e9saccord concernant une r\u00e9vision constitutionnelle alors m\u00eame qu\u2019il ne peut \u00eatre atteint par une dissolution, l\u2019ex\u00e9cutif ne disposant de cette arme que face \u00e0 l\u2019Assembl\u00e9e nationale en application de l\u2019article 12 de la Constitution.<\/p><p>Inscrite \u00e0 l\u2019article 89 de la Constitution, la <a href=\"https:\/\/www2.assemblee-nationale.fr\/decouvrir-l-assemblee\/role-et-pouvoirs-de-l-assemblee-nationale\/les-fonctions-de-l-assemblee-nationale\/les-fonctions-legislatives\/la-revision-de-la-constitution\">proc\u00e9dure de r\u00e9vision<\/a> comprend trois phases : l\u2019initiative, l\u2019adoption et l\u2019adoption d\u00e9finitive. S\u2019agissant de l\u2019initiative, elle rel\u00e8ve soit de l\u2019ex\u00e9cutif (le Premier ministre propose un projet de r\u00e9vision au Pr\u00e9sident de la R\u00e9publique) soit des parlementaires (il s\u2019agira alors d\u2019une proposition de r\u00e9vision).<\/p><p>Ensuite, chaque assembl\u00e9e doit adopter, le projet ou la proposition, en termes identiques. A ce stade, il faut bien souligner que contrairement au vote classique de la loi, le gouvernement ne peut ni utiliser l\u2019article 49.3 ni donner le dernier mot \u00e0 l\u2019Assembl\u00e9e nationale. On comprend d\u00e8s lors que le S\u00e9nat a la possibilit\u00e9, d\u00e8s cette seconde phase, d\u2019emp\u00eacher une r\u00e9vision constitutionnelle.<\/p><p>Si le v\u0153u de r\u00e9vision est adopt\u00e9 en termes identiques, le r\u00e9f\u00e9rendum est la seule voie possible d\u2019adoption d\u00e9finitive concernant les propositions de r\u00e9vision. S\u2019il s\u2019agit d\u2019un projet, le Pr\u00e9sident peut le soumettre \u00e9galement au r\u00e9f\u00e9rendum ou contourner la voie de la d\u00e9mocratie directe en r\u00e9unissant les deux assembl\u00e9es en Congr\u00e8s qui devront l\u2019adopter \u00e0 la majorit\u00e9 des 3\/5<sup>e<\/sup> des suffrages exprim\u00e9s soit un minimum de 555 votes favorables.<\/p><p>Cette proc\u00e9dure permet donc au S\u00e9nat de bloquer les r\u00e9visions constitutionnelles ce qu\u2019il a encore fait r\u00e9cemment en <a href=\"https:\/\/www.lemonde.fr\/politique\/article\/2021\/07\/06\/climat-dans-la-constitution-le-senat-persiste-a-refuser-le-terme-garantit_6087154_823448.html\">r\u00e9\u00e9crivant<\/a> le projet de r\u00e9vision de l\u2019article 1<sup>er<\/sup> de la Constitution qui avait pour objet d\u2019introduire la protection de l\u2019environnement et la lutte contre le r\u00e9chauffement climatique au rang des principes r\u00e9publicains ou encore en refusant en 2016 le projet pr\u00e9sidentiel de la <a href=\"https:\/\/www.senat.fr\/espace_presse\/actualites\/201602\/inscrire_letat_durgence_et_la_decheance_de_nationalite_dans_la_constitution.html\">d\u00e9ch\u00e9ance de nationalit\u00e9<\/a>.<\/p><p>Au regard de ses <a href=\"https:\/\/www.cairn.info\/revue-pouvoirs-2016-4-page-5.htm\">pouvoirs cit\u00e9s plus haut<\/a>, de sa composition politique et des r\u00e9sultats des l\u00e9gislatives, le S\u00e9nat aura sans doute un r\u00f4le nettement d\u00e9cisif.<\/p><p>Si les LR perdent de nombreux si\u00e8ges \u00e0 l\u2019Assembl\u00e9e nationale, ils n\u2019en sont pas moins courtis\u00e9s par la majorit\u00e9 pr\u00e9sidentielle comme l\u2019a d\u00e9montr\u00e9e la sortie m\u00e9diatique de Bruno R\u00e9tailleau. La Haute chambre, avec ses 146 s\u00e9nateurs et s\u00e9natrices et son pr\u00e9sident G\u00e9rard Larcher pourrait tr\u00e8s bien \u00eatre amen\u00e9 \u00e0 jouer un <a href=\"https:\/\/www.bfmtv.com\/politique\/elections\/legislatives\/la-presidence-de-la-commission-des-finances-doit-revenir-au-rn-larcher-defend-le-respect-pour-les-elus-de-le-pen_AN-202206220138.html\">r\u00f4le clef<\/a> dans les n\u00e9gociations \u00e0 suivre.<\/p><p>D\u00e8s lors, s\u2019ouvre pour le S\u00e9nat une nouvelle p\u00e9riode au sein de laquelle sa qualification de point d\u2019\u00e9quilibre des institutions prend, \u00e0 nouveau, tout son sens.<\/p>\t\t\t\t\t\t\t\t<\/div>\n\t\t\t\t<\/div>\n\t\t\t\t\t<\/div>\n\t\t<\/div>\n\t\t\t\t\t<\/div>\n\t\t<\/section>\n\t\t\t\t<section class=\"elementor-section elementor-top-section elementor-element elementor-element-873f3f5 elementor-section-boxed elementor-section-height-default elementor-section-height-default\" data-id=\"873f3f5\" data-element_type=\"section\" data-e-type=\"section\">\n\t\t\t\t\t\t<div class=\"elementor-container elementor-column-gap-default\">\n\t\t\t\t\t<div class=\"elementor-column elementor-col-100 elementor-top-column elementor-element elementor-element-1a2f653\" data-id=\"1a2f653\" data-element_type=\"column\" data-e-type=\"column\">\n\t\t\t<div class=\"elementor-widget-wrap elementor-element-populated\">\n\t\t\t\t\t\t<div class=\"elementor-element elementor-element-85d1c00 elementor-widget-divider--view-line elementor-widget elementor-widget-divider\" data-id=\"85d1c00\" data-element_type=\"widget\" data-e-type=\"widget\" data-widget_type=\"divider.default\">\n\t\t\t\t<div class=\"elementor-widget-container\">\n\t\t\t\t\t\t\t<div class=\"elementor-divider\">\n\t\t\t<span class=\"elementor-divider-separator\">\n\t\t\t\t\t\t<\/span>\n\t\t<\/div>\n\t\t\t\t\t\t<\/div>\n\t\t\t\t<\/div>\n\t\t\t\t\t<\/div>\n\t\t<\/div>\n\t\t\t\t\t<\/div>\n\t\t<\/section>\n\t\t\t\t<section class=\"elementor-section elementor-top-section elementor-element elementor-element-42b3aee elementor-section-boxed elementor-section-height-default elementor-section-height-default\" data-id=\"42b3aee\" data-element_type=\"section\" data-e-type=\"section\">\n\t\t\t\t\t\t<div class=\"elementor-container elementor-column-gap-default\">\n\t\t\t\t\t<div class=\"elementor-column elementor-col-100 elementor-top-column elementor-element elementor-element-b90a374\" data-id=\"b90a374\" data-element_type=\"column\" data-e-type=\"column\">\n\t\t\t<div class=\"elementor-widget-wrap elementor-element-populated\">\n\t\t\t\t\t\t<div class=\"elementor-element elementor-element-1602b5a elementor-widget elementor-widget-text-editor\" data-id=\"1602b5a\" data-element_type=\"widget\" data-e-type=\"widget\" data-widget_type=\"text-editor.default\">\n\t\t\t\t<div class=\"elementor-widget-container\">\n\t\t\t\t\t\t\t\t\t<hr \/><p><em>A para\u00eetre, <a href=\"https:\/\/credespo.u-bourgogne.fr\/toute-lactualite\/808-le-senat-acteur-meprise-de-la-5e-republique.html\">Le S\u00e9nat de la V\u1d49 R\u00e9publique, acteur m\u00e9pris\u00e9 ? Actes du colloque<\/a> qui s\u2019est tenu au Palais du Luxembourg, les 21 et 22 octobre 2022, Dir. Nathalie Droin et Aurore Granero, \u00e0 para\u00eetre aux \u00e9ditions IFJD, Coll. Colloques et essais.<\/em><\/p><p><a href=\"https:\/\/theconversation.com\/profiles\/aurore-granero-1356187\">Aurore Granero<\/a>, Ma\u00eetre de conf\u00e9rence HDR en droit public, <em><a href=\"https:\/\/theconversation.com\/institutions\/universite-de-bourgogne-ubfc-2288\">Universit\u00e9 de Bourgogne \u2013 UBFC<\/a><\/em><\/p><p>Cet article est republi\u00e9 \u00e0 partir de <a href=\"https:\/\/theconversation.com\">The Conversation<\/a> sous licence Creative Commons. Lire l\u2019<a href=\"https:\/\/theconversation.com\/apres-le-bouleversement-des-legislatives-quelle-place-pour-le-senat-185554\">article original<\/a>.<\/p>\t\t\t\t\t\t\t\t<\/div>\n\t\t\t\t<\/div>\n\t\t\t\t\t<\/div>\n\t\t<\/div>\n\t\t\t\t\t<\/div>\n\t\t<\/section>\n\t\t\t\t<\/div>\n\t\t","protected":false},"excerpt":{"rendered":"<p>Aurore Granero, Universit\u00e9 de Bourgogne \u2013 UBFC Anomalie d\u00e9mocratique, \u00ab assembl\u00e9e du seigle et de la ch\u00e2taigne \u00bb, r\u00e9union de notables ou de privil\u00e9gi\u00e9s, les qualificatifs n\u00e9gatifs ne manquent pas pour d\u00e9signer le S\u00e9nat, seconde chambre m\u00e9connue du Parlement. Cette image, peu flatteuse, est li\u00e9e \u00e0 son mode d\u2019\u00e9lection. Les 348 s\u00e9nateurs du Palais du &hellip; <a href=\"https:\/\/www.ubfc.fr\/en\/apres-le-bouleversement-des-legislatives-quelle-place-pour-le-senat\/\">Continued<\/a><\/p>\n","protected":false},"author":60,"featured_media":58480,"comment_status":"open","ping_status":"closed","sticky":false,"template":"","format":"standard","meta":{"_acf_changed":false,"footnotes":""},"categories":[2062,2049,14],"class_list":["post-62771","post","type-post","status-publish","format-standard","has-post-thumbnail","hentry","category-culture-scientifique-et-technique","category-recherche","category-ubfc"],"acf":[],"yoast_head":"<!-- This site is optimized with the Yoast SEO plugin v27.4 - https:\/\/yoast.com\/product\/yoast-seo-wordpress\/ -->\n<title>Apr\u00e8s le bouleversement des l\u00e9gislatives, quelle place pour le S\u00e9nat ? - COMUE Universit\u00e9 Bourgogne-Franche-Comt\u00e9<\/title>\n<meta name=\"robots\" content=\"index, follow, max-snippet:-1, max-image-preview:large, max-video-preview:-1\" \/>\n<link rel=\"canonical\" href=\"https:\/\/www.ubfc.fr\/apres-le-bouleversement-des-legislatives-quelle-place-pour-le-senat\/\" \/>\n<meta property=\"og:locale\" content=\"en_US\" \/>\n<meta property=\"og:type\" content=\"article\" \/>\n<meta property=\"og:title\" content=\"Apr\u00e8s le bouleversement des l\u00e9gislatives, quelle place pour le S\u00e9nat ? - COMUE Universit\u00e9 Bourgogne-Franche-Comt\u00e9\" \/>\n<meta property=\"og:description\" content=\"Aurore Granero, Universit\u00e9 de Bourgogne \u2013 UBFC Anomalie d\u00e9mocratique, \u00ab assembl\u00e9e du seigle et de la ch\u00e2taigne \u00bb, r\u00e9union de notables ou de privil\u00e9gi\u00e9s, les qualificatifs n\u00e9gatifs ne manquent pas pour d\u00e9signer le S\u00e9nat, seconde chambre m\u00e9connue du Parlement. Cette image, peu flatteuse, est li\u00e9e \u00e0 son mode d\u2019\u00e9lection. Les 348 s\u00e9nateurs du Palais du &hellip; Continued\" \/>\n<meta property=\"og:url\" content=\"https:\/\/www.ubfc.fr\/apres-le-bouleversement-des-legislatives-quelle-place-pour-le-senat\/\" \/>\n<meta property=\"og:site_name\" content=\"COMUE Universit\u00e9 Bourgogne-Franche-Comt\u00e9\" \/>\n<meta property=\"article:publisher\" content=\"https:\/\/www.facebook.com\/UnivBFC\/\" \/>\n<meta property=\"article:published_time\" content=\"2022-06-30T07:51:50+00:00\" \/>\n<meta property=\"article:modified_time\" content=\"2022-06-30T07:56:10+00:00\" \/>\n<meta property=\"og:image\" content=\"https:\/\/www.ubfc.fr\/wp-content\/uploads\/2022\/02\/the-conversation-vignette-actu.png\" \/>\n\t<meta property=\"og:image:width\" content=\"412\" \/>\n\t<meta property=\"og:image:height\" content=\"536\" \/>\n\t<meta property=\"og:image:type\" content=\"image\/png\" \/>\n<meta name=\"author\" content=\"Fanny Ajak\" \/>\n<meta name=\"twitter:card\" content=\"summary_large_image\" \/>\n<meta name=\"twitter:creator\" content=\"@univ_bfc\" \/>\n<meta name=\"twitter:site\" content=\"@univ_bfc\" \/>\n<meta name=\"twitter:label1\" content=\"Written by\" \/>\n\t<meta name=\"twitter:data1\" content=\"Fanny Ajak\" \/>\n\t<meta name=\"twitter:label2\" content=\"Est. reading time\" \/>\n\t<meta name=\"twitter:data2\" content=\"7 minutes\" \/>\n<script type=\"application\/ld+json\" class=\"yoast-schema-graph\">{\"@context\":\"https:\\\/\\\/schema.org\",\"@graph\":[{\"@type\":\"Article\",\"@id\":\"https:\\\/\\\/www.ubfc.fr\\\/apres-le-bouleversement-des-legislatives-quelle-place-pour-le-senat\\\/#article\",\"isPartOf\":{\"@id\":\"https:\\\/\\\/www.ubfc.fr\\\/apres-le-bouleversement-des-legislatives-quelle-place-pour-le-senat\\\/\"},\"author\":{\"name\":\"Fanny Ajak\",\"@id\":\"https:\\\/\\\/www.ubfc.fr\\\/#\\\/schema\\\/person\\\/692829a283f52bc4a247708371ee307a\"},\"headline\":\"Apr\u00e8s le bouleversement des l\u00e9gislatives, quelle place pour le S\u00e9nat ?\",\"datePublished\":\"2022-06-30T07:51:50+00:00\",\"dateModified\":\"2022-06-30T07:56:10+00:00\",\"mainEntityOfPage\":{\"@id\":\"https:\\\/\\\/www.ubfc.fr\\\/apres-le-bouleversement-des-legislatives-quelle-place-pour-le-senat\\\/\"},\"wordCount\":1513,\"commentCount\":0,\"publisher\":{\"@id\":\"https:\\\/\\\/www.ubfc.fr\\\/#organization\"},\"image\":{\"@id\":\"https:\\\/\\\/www.ubfc.fr\\\/apres-le-bouleversement-des-legislatives-quelle-place-pour-le-senat\\\/#primaryimage\"},\"thumbnailUrl\":\"https:\\\/\\\/www.ubfc.fr\\\/wp-content\\\/uploads\\\/2022\\\/02\\\/the-conversation-vignette-actu.png\",\"articleSection\":[\"Culture scientifique et technique\",\"Recherche\",\"UBFC\"],\"inLanguage\":\"en-US\",\"potentialAction\":[{\"@type\":\"CommentAction\",\"name\":\"Comment\",\"target\":[\"https:\\\/\\\/www.ubfc.fr\\\/apres-le-bouleversement-des-legislatives-quelle-place-pour-le-senat\\\/#respond\"]}]},{\"@type\":\"WebPage\",\"@id\":\"https:\\\/\\\/www.ubfc.fr\\\/apres-le-bouleversement-des-legislatives-quelle-place-pour-le-senat\\\/\",\"url\":\"https:\\\/\\\/www.ubfc.fr\\\/apres-le-bouleversement-des-legislatives-quelle-place-pour-le-senat\\\/\",\"name\":\"Apr\u00e8s le bouleversement des l\u00e9gislatives, quelle place pour le S\u00e9nat ? - COMUE Universit\u00e9 Bourgogne-Franche-Comt\u00e9\",\"isPartOf\":{\"@id\":\"https:\\\/\\\/www.ubfc.fr\\\/#website\"},\"primaryImageOfPage\":{\"@id\":\"https:\\\/\\\/www.ubfc.fr\\\/apres-le-bouleversement-des-legislatives-quelle-place-pour-le-senat\\\/#primaryimage\"},\"image\":{\"@id\":\"https:\\\/\\\/www.ubfc.fr\\\/apres-le-bouleversement-des-legislatives-quelle-place-pour-le-senat\\\/#primaryimage\"},\"thumbnailUrl\":\"https:\\\/\\\/www.ubfc.fr\\\/wp-content\\\/uploads\\\/2022\\\/02\\\/the-conversation-vignette-actu.png\",\"datePublished\":\"2022-06-30T07:51:50+00:00\",\"dateModified\":\"2022-06-30T07:56:10+00:00\",\"breadcrumb\":{\"@id\":\"https:\\\/\\\/www.ubfc.fr\\\/apres-le-bouleversement-des-legislatives-quelle-place-pour-le-senat\\\/#breadcrumb\"},\"inLanguage\":\"en-US\",\"potentialAction\":[{\"@type\":\"ReadAction\",\"target\":[\"https:\\\/\\\/www.ubfc.fr\\\/apres-le-bouleversement-des-legislatives-quelle-place-pour-le-senat\\\/\"]}]},{\"@type\":\"ImageObject\",\"inLanguage\":\"en-US\",\"@id\":\"https:\\\/\\\/www.ubfc.fr\\\/apres-le-bouleversement-des-legislatives-quelle-place-pour-le-senat\\\/#primaryimage\",\"url\":\"https:\\\/\\\/www.ubfc.fr\\\/wp-content\\\/uploads\\\/2022\\\/02\\\/the-conversation-vignette-actu.png\",\"contentUrl\":\"https:\\\/\\\/www.ubfc.fr\\\/wp-content\\\/uploads\\\/2022\\\/02\\\/the-conversation-vignette-actu.png\",\"width\":412,\"height\":536},{\"@type\":\"BreadcrumbList\",\"@id\":\"https:\\\/\\\/www.ubfc.fr\\\/apres-le-bouleversement-des-legislatives-quelle-place-pour-le-senat\\\/#breadcrumb\",\"itemListElement\":[{\"@type\":\"ListItem\",\"position\":1,\"name\":\"Accueil\",\"item\":\"https:\\\/\\\/www.ubfc.fr\\\/en\\\/\"},{\"@type\":\"ListItem\",\"position\":2,\"name\":\"Apr\u00e8s le bouleversement des l\u00e9gislatives, quelle place pour le S\u00e9nat ?\"}]},{\"@type\":\"WebSite\",\"@id\":\"https:\\\/\\\/www.ubfc.fr\\\/#website\",\"url\":\"https:\\\/\\\/www.ubfc.fr\\\/\",\"name\":\"COMUE Universit\u00e9 Bourgogne-Franche-Comt\u00e9\",\"description\":\"\",\"publisher\":{\"@id\":\"https:\\\/\\\/www.ubfc.fr\\\/#organization\"},\"potentialAction\":[{\"@type\":\"SearchAction\",\"target\":{\"@type\":\"EntryPoint\",\"urlTemplate\":\"https:\\\/\\\/www.ubfc.fr\\\/?s={search_term_string}\"},\"query-input\":{\"@type\":\"PropertyValueSpecification\",\"valueRequired\":true,\"valueName\":\"search_term_string\"}}],\"inLanguage\":\"en-US\"},{\"@type\":\"Organization\",\"@id\":\"https:\\\/\\\/www.ubfc.fr\\\/#organization\",\"name\":\"Universit\u00e9 Bourgogne-Franche-Comt\u00e9\",\"url\":\"https:\\\/\\\/www.ubfc.fr\\\/\",\"logo\":{\"@type\":\"ImageObject\",\"inLanguage\":\"en-US\",\"@id\":\"https:\\\/\\\/www.ubfc.fr\\\/#\\\/schema\\\/logo\\\/image\\\/\",\"url\":\"https:\\\/\\\/www.ubfc.fr\\\/wp-content\\\/uploads\\\/2022\\\/03\\\/vagueUBFC_favicon.png\",\"contentUrl\":\"https:\\\/\\\/www.ubfc.fr\\\/wp-content\\\/uploads\\\/2022\\\/03\\\/vagueUBFC_favicon.png\",\"width\":512,\"height\":512,\"caption\":\"Universit\u00e9 Bourgogne-Franche-Comt\u00e9\"},\"image\":{\"@id\":\"https:\\\/\\\/www.ubfc.fr\\\/#\\\/schema\\\/logo\\\/image\\\/\"},\"sameAs\":[\"https:\\\/\\\/www.facebook.com\\\/UnivBFC\\\/\",\"https:\\\/\\\/x.com\\\/univ_bfc\",\"https:\\\/\\\/www.linkedin.com\\\/school\\\/universitebourgognefranchecomte\\\/mycompany\\\/\"]},{\"@type\":\"Person\",\"@id\":\"https:\\\/\\\/www.ubfc.fr\\\/#\\\/schema\\\/person\\\/692829a283f52bc4a247708371ee307a\",\"name\":\"Fanny Ajak\"}]}<\/script>\n<!-- \/ Yoast SEO plugin. -->","yoast_head_json":{"title":"Apr\u00e8s le bouleversement des l\u00e9gislatives, quelle place pour le S\u00e9nat ? - COMUE Universit\u00e9 Bourgogne-Franche-Comt\u00e9","robots":{"index":"index","follow":"follow","max-snippet":"max-snippet:-1","max-image-preview":"max-image-preview:large","max-video-preview":"max-video-preview:-1"},"canonical":"https:\/\/www.ubfc.fr\/apres-le-bouleversement-des-legislatives-quelle-place-pour-le-senat\/","og_locale":"en_US","og_type":"article","og_title":"Apr\u00e8s le bouleversement des l\u00e9gislatives, quelle place pour le S\u00e9nat ? - COMUE Universit\u00e9 Bourgogne-Franche-Comt\u00e9","og_description":"Aurore Granero, Universit\u00e9 de Bourgogne \u2013 UBFC Anomalie d\u00e9mocratique, \u00ab assembl\u00e9e du seigle et de la ch\u00e2taigne \u00bb, r\u00e9union de notables ou de privil\u00e9gi\u00e9s, les qualificatifs n\u00e9gatifs ne manquent pas pour d\u00e9signer le S\u00e9nat, seconde chambre m\u00e9connue du Parlement. Cette image, peu flatteuse, est li\u00e9e \u00e0 son mode d\u2019\u00e9lection. Les 348 s\u00e9nateurs du Palais du &hellip; Continued","og_url":"https:\/\/www.ubfc.fr\/apres-le-bouleversement-des-legislatives-quelle-place-pour-le-senat\/","og_site_name":"COMUE Universit\u00e9 Bourgogne-Franche-Comt\u00e9","article_publisher":"https:\/\/www.facebook.com\/UnivBFC\/","article_published_time":"2022-06-30T07:51:50+00:00","article_modified_time":"2022-06-30T07:56:10+00:00","og_image":[{"width":412,"height":536,"url":"https:\/\/www.ubfc.fr\/wp-content\/uploads\/2022\/02\/the-conversation-vignette-actu.png","type":"image\/png"}],"author":"Fanny Ajak","twitter_card":"summary_large_image","twitter_creator":"@univ_bfc","twitter_site":"@univ_bfc","twitter_misc":{"Written by":"Fanny Ajak","Est. reading time":"7 minutes"},"schema":{"@context":"https:\/\/schema.org","@graph":[{"@type":"Article","@id":"https:\/\/www.ubfc.fr\/apres-le-bouleversement-des-legislatives-quelle-place-pour-le-senat\/#article","isPartOf":{"@id":"https:\/\/www.ubfc.fr\/apres-le-bouleversement-des-legislatives-quelle-place-pour-le-senat\/"},"author":{"name":"Fanny Ajak","@id":"https:\/\/www.ubfc.fr\/#\/schema\/person\/692829a283f52bc4a247708371ee307a"},"headline":"Apr\u00e8s le bouleversement des l\u00e9gislatives, quelle place pour le S\u00e9nat ?","datePublished":"2022-06-30T07:51:50+00:00","dateModified":"2022-06-30T07:56:10+00:00","mainEntityOfPage":{"@id":"https:\/\/www.ubfc.fr\/apres-le-bouleversement-des-legislatives-quelle-place-pour-le-senat\/"},"wordCount":1513,"commentCount":0,"publisher":{"@id":"https:\/\/www.ubfc.fr\/#organization"},"image":{"@id":"https:\/\/www.ubfc.fr\/apres-le-bouleversement-des-legislatives-quelle-place-pour-le-senat\/#primaryimage"},"thumbnailUrl":"https:\/\/www.ubfc.fr\/wp-content\/uploads\/2022\/02\/the-conversation-vignette-actu.png","articleSection":["Culture scientifique et technique","Recherche","UBFC"],"inLanguage":"en-US","potentialAction":[{"@type":"CommentAction","name":"Comment","target":["https:\/\/www.ubfc.fr\/apres-le-bouleversement-des-legislatives-quelle-place-pour-le-senat\/#respond"]}]},{"@type":"WebPage","@id":"https:\/\/www.ubfc.fr\/apres-le-bouleversement-des-legislatives-quelle-place-pour-le-senat\/","url":"https:\/\/www.ubfc.fr\/apres-le-bouleversement-des-legislatives-quelle-place-pour-le-senat\/","name":"Apr\u00e8s le bouleversement des l\u00e9gislatives, quelle place pour le S\u00e9nat ? - COMUE Universit\u00e9 Bourgogne-Franche-Comt\u00e9","isPartOf":{"@id":"https:\/\/www.ubfc.fr\/#website"},"primaryImageOfPage":{"@id":"https:\/\/www.ubfc.fr\/apres-le-bouleversement-des-legislatives-quelle-place-pour-le-senat\/#primaryimage"},"image":{"@id":"https:\/\/www.ubfc.fr\/apres-le-bouleversement-des-legislatives-quelle-place-pour-le-senat\/#primaryimage"},"thumbnailUrl":"https:\/\/www.ubfc.fr\/wp-content\/uploads\/2022\/02\/the-conversation-vignette-actu.png","datePublished":"2022-06-30T07:51:50+00:00","dateModified":"2022-06-30T07:56:10+00:00","breadcrumb":{"@id":"https:\/\/www.ubfc.fr\/apres-le-bouleversement-des-legislatives-quelle-place-pour-le-senat\/#breadcrumb"},"inLanguage":"en-US","potentialAction":[{"@type":"ReadAction","target":["https:\/\/www.ubfc.fr\/apres-le-bouleversement-des-legislatives-quelle-place-pour-le-senat\/"]}]},{"@type":"ImageObject","inLanguage":"en-US","@id":"https:\/\/www.ubfc.fr\/apres-le-bouleversement-des-legislatives-quelle-place-pour-le-senat\/#primaryimage","url":"https:\/\/www.ubfc.fr\/wp-content\/uploads\/2022\/02\/the-conversation-vignette-actu.png","contentUrl":"https:\/\/www.ubfc.fr\/wp-content\/uploads\/2022\/02\/the-conversation-vignette-actu.png","width":412,"height":536},{"@type":"BreadcrumbList","@id":"https:\/\/www.ubfc.fr\/apres-le-bouleversement-des-legislatives-quelle-place-pour-le-senat\/#breadcrumb","itemListElement":[{"@type":"ListItem","position":1,"name":"Accueil","item":"https:\/\/www.ubfc.fr\/en\/"},{"@type":"ListItem","position":2,"name":"Apr\u00e8s le bouleversement des l\u00e9gislatives, quelle place pour le S\u00e9nat ?"}]},{"@type":"WebSite","@id":"https:\/\/www.ubfc.fr\/#website","url":"https:\/\/www.ubfc.fr\/","name":"COMUE Universit\u00e9 Bourgogne-Franche-Comt\u00e9","description":"","publisher":{"@id":"https:\/\/www.ubfc.fr\/#organization"},"potentialAction":[{"@type":"SearchAction","target":{"@type":"EntryPoint","urlTemplate":"https:\/\/www.ubfc.fr\/?s={search_term_string}"},"query-input":{"@type":"PropertyValueSpecification","valueRequired":true,"valueName":"search_term_string"}}],"inLanguage":"en-US"},{"@type":"Organization","@id":"https:\/\/www.ubfc.fr\/#organization","name":"Universit\u00e9 Bourgogne-Franche-Comt\u00e9","url":"https:\/\/www.ubfc.fr\/","logo":{"@type":"ImageObject","inLanguage":"en-US","@id":"https:\/\/www.ubfc.fr\/#\/schema\/logo\/image\/","url":"https:\/\/www.ubfc.fr\/wp-content\/uploads\/2022\/03\/vagueUBFC_favicon.png","contentUrl":"https:\/\/www.ubfc.fr\/wp-content\/uploads\/2022\/03\/vagueUBFC_favicon.png","width":512,"height":512,"caption":"Universit\u00e9 Bourgogne-Franche-Comt\u00e9"},"image":{"@id":"https:\/\/www.ubfc.fr\/#\/schema\/logo\/image\/"},"sameAs":["https:\/\/www.facebook.com\/UnivBFC\/","https:\/\/x.com\/univ_bfc","https:\/\/www.linkedin.com\/school\/universitebourgognefranchecomte\/mycompany\/"]},{"@type":"Person","@id":"https:\/\/www.ubfc.fr\/#\/schema\/person\/692829a283f52bc4a247708371ee307a","name":"Fanny Ajak"}]}},"_links":{"self":[{"href":"https:\/\/www.ubfc.fr\/en\/wp-json\/wp\/v2\/posts\/62771","targetHints":{"allow":["GET"]}}],"collection":[{"href":"https:\/\/www.ubfc.fr\/en\/wp-json\/wp\/v2\/posts"}],"about":[{"href":"https:\/\/www.ubfc.fr\/en\/wp-json\/wp\/v2\/types\/post"}],"author":[{"embeddable":true,"href":"https:\/\/www.ubfc.fr\/en\/wp-json\/wp\/v2\/users\/60"}],"replies":[{"embeddable":true,"href":"https:\/\/www.ubfc.fr\/en\/wp-json\/wp\/v2\/comments?post=62771"}],"version-history":[{"count":0,"href":"https:\/\/www.ubfc.fr\/en\/wp-json\/wp\/v2\/posts\/62771\/revisions"}],"wp:featuredmedia":[{"embeddable":true,"href":"https:\/\/www.ubfc.fr\/en\/wp-json\/wp\/v2\/media\/58480"}],"wp:attachment":[{"href":"https:\/\/www.ubfc.fr\/en\/wp-json\/wp\/v2\/media?parent=62771"}],"wp:term":[{"taxonomy":"category","embeddable":true,"href":"https:\/\/www.ubfc.fr\/en\/wp-json\/wp\/v2\/categories?post=62771"}],"curies":[{"name":"wp","href":"https:\/\/api.w.org\/{rel}","templated":true}]}}