{"id":60735,"date":"2022-05-03T09:21:41","date_gmt":"2022-05-03T07:21:41","guid":{"rendered":"https:\/\/www.ubfc.fr\/?p=60735"},"modified":"2022-05-03T09:25:57","modified_gmt":"2022-05-03T07:25:57","slug":"le-droit-a-limage-mis-a-lepreuve-par-les-evolutions-de-la-societe","status":"publish","type":"post","link":"https:\/\/www.ubfc.fr\/en\/le-droit-a-limage-mis-a-lepreuve-par-les-evolutions-de-la-societe\/","title":{"rendered":"Will Smith, Kylian Mbapp\u00e9\u2026 le droit \u00e0 l\u2019image mis \u00e0 l\u2019\u00e9preuve par les \u00e9volutions de la soci\u00e9t\u00e9"},"content":{"rendered":"\t\t<div data-elementor-type=\"wp-post\" data-elementor-id=\"60735\" class=\"elementor elementor-60735\" data-elementor-post-type=\"post\">\n\t\t\t\t\t\t<section class=\"elementor-section elementor-top-section elementor-element elementor-element-620717c elementor-section-boxed elementor-section-height-default elementor-section-height-default\" data-id=\"620717c\" data-element_type=\"section\" data-e-type=\"section\">\n\t\t\t\t\t\t<div class=\"elementor-container elementor-column-gap-default\">\n\t\t\t\t\t<div class=\"elementor-column elementor-col-100 elementor-top-column elementor-element elementor-element-ee783f7\" data-id=\"ee783f7\" data-element_type=\"column\" data-e-type=\"column\">\n\t\t\t<div class=\"elementor-widget-wrap elementor-element-populated\">\n\t\t\t\t\t\t<div class=\"elementor-element elementor-element-8b60e3b elementor-widget elementor-widget-text-editor\" data-id=\"8b60e3b\" data-element_type=\"widget\" data-e-type=\"widget\" data-widget_type=\"text-editor.default\">\n\t\t\t\t<div class=\"elementor-widget-container\">\n\t\t\t\t\t\t\t\t\t<p><a href=\"https:\/\/theconversation.com\/profiles\/edwin-juno-delgado-945880\">Edwin Juno-Delgado<\/a>, <em><a href=\"https:\/\/theconversation.com\/institutions\/burgundy-school-of-business-2355\">Burgundy School of Business <\/a><\/em><\/p>\t\t\t\t\t\t\t\t<\/div>\n\t\t\t\t<\/div>\n\t\t\t\t\t<\/div>\n\t\t<\/div>\n\t\t\t\t\t<\/div>\n\t\t<\/section>\n\t\t\t\t<section class=\"elementor-section elementor-top-section elementor-element elementor-element-bcd3fbe elementor-section-boxed elementor-section-height-default elementor-section-height-default\" data-id=\"bcd3fbe\" data-element_type=\"section\" data-e-type=\"section\">\n\t\t\t\t\t\t<div class=\"elementor-container elementor-column-gap-default\">\n\t\t\t\t\t<div class=\"elementor-column elementor-col-100 elementor-top-column elementor-element elementor-element-f7893c8\" data-id=\"f7893c8\" data-element_type=\"column\" data-e-type=\"column\">\n\t\t\t<div class=\"elementor-widget-wrap elementor-element-populated\">\n\t\t\t\t\t\t<div class=\"elementor-element elementor-element-66d671a elementor-widget elementor-widget-text-editor\" data-id=\"66d671a\" data-element_type=\"widget\" data-e-type=\"widget\" data-widget_type=\"text-editor.default\">\n\t\t\t\t<div class=\"elementor-widget-container\">\n\t\t\t\t\t\t\t\t\t<p>Que reste-t-il de la derni\u00e8re c\u00e9r\u00e9monie des Oscars, fin mars ? Principalement l&#8217;image d&#8217;un com\u00e9dien donnant une <a href=\"https:\/\/youtu.be\/bhOqjg-9irw\">gifle<\/a> \u00e0 un autre apr\u00e8s une blague sur son \u00e9pouse. Le cadre visuel est basique : presque rien d&#8217;autre que deux hommes seuls sur sc\u00e8ne, habill\u00e9s quasiment de la m\u00eame fa\u00e7on. Mais cette sc\u00e8ne, qui a stup\u00e9fait les spectateurs, restera comme l&#8217;image marquante de la 94e \u00e9dition de la c\u00e9r\u00e9monie r\u00e9compensant les meilleurs films de l&#8217;ann\u00e9e \u00e9coul\u00e9e. D&#8217;autant plus qu&#8217;une dizaine de jours plus tard, l&#8217;auteur de la gifle se voyait <a href=\"https:\/\/www.lepoint.fr\/monde\/gifle-aux-oscars-will-smith-exclu-de-toute-ceremonie-pour-10-ans-08-04-2022-2471468_24.php\">exclu de toute c\u00e9r\u00e9monie pour 10 ans<\/a> \u2013 bien que son prix remport\u00e9 ce soir-l\u00e0 ne lui ait pas \u00e9t\u00e9 retir\u00e9.<\/p><p>Toujours fin mars, en France, l&#8217;attaquant international du Paris Saint-Germain <a href=\"https:\/\/www.lepoint.fr\/sport\/football\/bleus-mbappe-cree-la-polemique-en-zappant-les-partenaires-de-la-fff-23-03-2022-2469392_1858.php\">Kylian Mbapp\u00e9 refusait d&#8217;\u00eatre associ\u00e9 \u00e0 l&#8217;image des partenaires et sponsors de l&#8217;\u00e9quipe de France<\/a>, et ce malgr\u00e9 l&#8217;existence d&#8217;un contrat entre la F\u00e9d\u00e9ration fran\u00e7aise de football (FFF) et les entreprises qui soutiennent financi\u00e8rement l&#8217;\u00e9quipe de France.<\/p><p>Ces deux \u00e9v\u00e8nements montrent combien l&#8217;image en tant qu&#8217;objet de droit constitue un v\u00e9ritable d\u00e9fi pour la science juridique. Les m\u00e9dias et les r\u00e9seaux sociaux n&#8217;ont fait que contribuer au renforcement de cette emprise de l&#8217;image sur le droit. Outre les nouveaux comportements des consommateurs, les cr\u00e9ateurs et g\u00e9n\u00e9rateurs d&#8217;images (ceux qui font de leur propre image un objet de droit) participent en effet \u00e0 une explosion et \u00e0 une diversification des formes visuelles, qui \u00e0 leur tour questionnent profond\u00e9ment le droit.<\/p>\t\t\t\t\t\t\t\t<\/div>\n\t\t\t\t<\/div>\n\t\t\t\t\t<\/div>\n\t\t<\/div>\n\t\t\t\t\t<\/div>\n\t\t<\/section>\n\t\t\t\t<section class=\"elementor-section elementor-top-section elementor-element elementor-element-643fe56 elementor-section-boxed elementor-section-height-default elementor-section-height-default\" data-id=\"643fe56\" data-element_type=\"section\" data-e-type=\"section\">\n\t\t\t\t\t\t<div class=\"elementor-container elementor-column-gap-default\">\n\t\t\t\t\t<div class=\"elementor-column elementor-col-100 elementor-top-column elementor-element elementor-element-89ec23e\" data-id=\"89ec23e\" data-element_type=\"column\" data-e-type=\"column\">\n\t\t\t<div class=\"elementor-widget-wrap elementor-element-populated\">\n\t\t\t\t\t\t<div class=\"elementor-element elementor-element-5e79738 elementor-widget elementor-widget-text-editor\" data-id=\"5e79738\" data-element_type=\"widget\" data-e-type=\"widget\" data-widget_type=\"text-editor.default\">\n\t\t\t\t<div class=\"elementor-widget-container\">\n\t\t\t\t\t\t\t\t\t<h2>Visible et invisible<\/h2><p>Dans une image, il y a \u00e0 la fois du visible et de l&#8217;invisible. En France, la partie visible, celle qui est perceptible par l&#8217;\u0153il, a \u00e9t\u00e9 r\u00e9gul\u00e9e par les principes du <a href=\"https:\/\/www.legifrance.gouv.fr\/codes\/article_lc\/LEGIARTI000042193566\/https:\/\/www.legifrance.gouv.fr\/codes\/article_lc\/LEGIARTI000042193566\/\">droit de l&#8217;image<\/a> qui fait partie du cadre g\u00e9n\u00e9ral du <a href=\"https:\/\/www.legifrance.gouv.fr\/codes\/article_lc\/LEGIARTI000006419288\/\">droit au respect de la vie priv\u00e9e<\/a>. Ainsi, toute personne, quels que soient son rang, sa naissance, sa fortune, ses fonctions pr\u00e9sentes ou \u00e0 venir, a droit au respect de sa vie priv\u00e9e. Ce principe a notamment \u00e9t\u00e9 consacr\u00e9 par l&#8217;arr\u00eat de la Cour d&#8217;appel de Versailles du 22 octobre 2005 et par la d\u00e9cision de la Cour de cassation du 27 f\u00e9vrier 2007, concernant respectivement l&#8217;image de <a href=\"https:\/\/www.legifrance.gouv.fr\/juri\/id\/JURITEXT000006947128\">Johnny Hallyday<\/a> et du <a href=\"https:\/\/www.legifrance.gouv.fr\/juri\/id\/JURITEXT000017637987\/\">Prince Albert de Monaco<\/a>.<\/p><p>En revanche, la partie invisible est plus complexe et donc difficile \u00e0 saisir pour le droit. L&#8217;exemple de l&#8217;image des joueurs de football illustre bien cette dichotomie. De m\u00eame que pour une grande partie des stars du showbiz ou du spectacle, l&#8217;image des sportifs \u2013 et donc plus particuli\u00e8rement des joueurs de football \u2013 est devenue une source d&#8217;utilisation courante \u00e0 des fins commerciales.<\/p><p>Ici les deux dimensions de l&#8217;image s&#8217;entrecroisent. D&#8217;une part, l&#8217;image toute simple d&#8217;un joueur de football sur une vignette, repr\u00e9sentation de la r\u00e9alit\u00e9 perceptible et concr\u00e8te du joueur, prot\u00e9g\u00e9e par le droit \u00e0 l&#8217;image. \u00c0 partir du moment o\u00f9 une personne est reconnaissable, il est n\u00e9cessaire d&#8217;avoir son accord \u00e9crit pour utiliser son image, quelles que soient les fins de diffusion, de publication, de reproduction ou de commercialisation. Or, malgr\u00e9 son apparente simplicit\u00e9, cette r\u00e8gle n&#8217;a pas \u00e9vit\u00e9 des poursuites judiciaires \u00e0 l&#8217;encontre d&#8217;entreprises qui ont pu avoir une utilisation abusive de l&#8217;image de joueurs de football. Le <a href=\"https:\/\/www.ouest-france.fr\/sport\/football\/ligue-1\/ligue-1-panini-unfp-imbroglio-autour-des-droits-a-l-image-des-footballeurs-41ac32c2-2aaf-11ec-83e5-819706a5e014\">jugement de l&#8217;\u00e9diteur de vignettes Panini<\/a>, poursuivi par plusieurs joueurs, est ainsi attendu pour cette ann\u00e9e 2022.<\/p><p>La deuxi\u00e8me dimension de l&#8217;image concerne donc sa partie invisible : la repr\u00e9sentation int\u00e9rieure que se fait chaque personne qui regarde l&#8217;image et qui l&#8217;\u00e9value selon ses propres convictions, croyances et valeurs. Quel outil juridique sert \u00e0 prot\u00e9ger ou r\u00e9guler cette image per\u00e7ue par les consommateurs d&#8217;images ? Le droit \u00e0 l&#8217;image montre ici ses limites car il \u00e9tablit un cadre protecteur limit\u00e9 \u00e0 la \u00abreproduction\u00bb et non \u00e0 la perception. M\u00eame s&#8217;il semble implicite que la repr\u00e9sentation d\u00e9coule de la diffusion, cette repr\u00e9sentation peut cr\u00e9er une r\u00e9alit\u00e9 autre que celle escompt\u00e9e lors de la diffusion.<\/p>\t\t\t\t\t\t\t\t<\/div>\n\t\t\t\t<\/div>\n\t\t\t\t\t<\/div>\n\t\t<\/div>\n\t\t\t\t\t<\/div>\n\t\t<\/section>\n\t\t\t\t<section class=\"elementor-section elementor-top-section elementor-element elementor-element-db06405 elementor-section-boxed elementor-section-height-default elementor-section-height-default\" data-id=\"db06405\" data-element_type=\"section\" data-e-type=\"section\">\n\t\t\t\t\t\t<div class=\"elementor-container elementor-column-gap-default\">\n\t\t\t\t\t<div class=\"elementor-column elementor-col-100 elementor-top-column elementor-element elementor-element-a3bd933\" data-id=\"a3bd933\" data-element_type=\"column\" data-e-type=\"column\">\n\t\t\t<div class=\"elementor-widget-wrap elementor-element-populated\">\n\t\t\t\t\t\t<div class=\"elementor-element elementor-element-777450f elementor-widget elementor-widget-text-editor\" data-id=\"777450f\" data-element_type=\"widget\" data-e-type=\"widget\" data-widget_type=\"text-editor.default\">\n\t\t\t\t<div class=\"elementor-widget-container\">\n\t\t\t\t\t\t\t\t\t<h2>Repenser l&#8217;image<\/h2><p>Certes, il n&#8217;est pas possible de r\u00e9guler la perception que chaque personne se fait d&#8217;une image. N\u00e9anmoins, il est possible de l&#8217;anticiper et, dans certains cas, de l&#8217;orienter. Tous les experts du marketing le savent bien. L&#8217;utilisation d&#8217;une image (de m\u00eame qu&#8217;une couleur ou d&#8217;une musique sp\u00e9cifique) reli\u00e9e \u00e0 un produit influence la d\u00e9cision d&#8217;achat.<\/p><p>Certaines personnalit\u00e9s publiques, et particuli\u00e8rement les joueurs de foot, sont tr\u00e8s attach\u00e9es \u00e0 cette dimension de la repr\u00e9sentation de leur image dans l&#8217;imaginaire collectif. Car ils savent bien que l&#8217;association de leur image \u00e0 un objet peut cr\u00e9er une repr\u00e9sentation erron\u00e9e de leur propre personne au sein du grand public.<\/p><p>Devant l&#8217;impossibilit\u00e9 pour le droit objectif de r\u00e9gler cette dimension, la protection de la perception de l&#8217;image se fait par la voie contractuelle, qui permet aux personnes impliqu\u00e9es de choisir librement le cadre o\u00f9 leur image sera diffus\u00e9e. Cependant, dans certaines situations comme dans le cas de Kylian Mbapp\u00e9, cette option montre aussi, ses limites.<\/p><p>Le principe \u00e9tant que, pour toute \u00abpersonne publique\u00bb, c&#8217;est-\u00e0-dire toute personne qui a acquis une certaine notori\u00e9t\u00e9, soit du fait de sa profession ou de son activit\u00e9, soit parce qu&#8217;elle est m\u00eal\u00e9e \u00e0 l&#8217;actualit\u00e9, le droit \u00e0 l&#8217;image est contrebalanc\u00e9 par les n\u00e9cessit\u00e9s de l&#8217;information. Le cadre l\u00e9gal est ainsi clairement \u00e9tabli. Au nom du droit \u00e0 l&#8217;information, les images peuvent \u00eatre publi\u00e9es sans autorisation pr\u00e9alable d\u00e8s lors qu&#8217;elles concernent l&#8217;activit\u00e9 publique de la personne concern\u00e9e.<\/p><p>En 2008, l&#8217;affaire qui opposait le couple pr\u00e9sidentiel compos\u00e9 de Nicolas Sarkozy et Carla Bruni \u00e0 Ryanair illustrait \u00e9galement ce principe. La compagnie a\u00e9rienne, \u00e0 laquelle <a href=\"https:\/\/www.lejdd.fr\/Societe\/Pub-Sarkozy-Ryanair-condamnee-97534-3091565\">la justice a donn\u00e9 tort<\/a>, avait diffus\u00e9 une publicit\u00e9 avec une photographie non autoris\u00e9e du couple avec le slogan : \u00abAvec Ryanair, toute ma famille peut venir assister \u00e0 mon mariage\u00bb. En tant que mod\u00e8le, l&#8217;occupation professionnelle de Carla Bruni est l&#8217;exploitation de son image. Ainsi, la gestion de cette activit\u00e9 se fait \u00e0 travers de la voie contractuelle. \u00abUne photo de Carla Bruni, c&#8217;est 500 000 euros\u00bb, avait notamment soulign\u00e9 son avocat. Outre l&#8217;argent en jeu, il s&#8217;agissait aussi du contr\u00f4le de la diffusion de son image (les supports, les canaux, etc.).<\/p><p>Au niveau du droit europ\u00e9en, la Cour europ\u00e9enne des droits de l&#8217;homme a ratifi\u00e9 le principe \u00e0 travers un nombre important d&#8217;arr\u00eats : \u00abL&#8217;image d&#8217;un individu est l&#8217;un des <a href=\"https:\/\/curia.europa.eu\/jcms\/upload\/docs\/application\/pdf\/2008-10\/reflets2004_3.pdf\">attributs principaux de sa personnalit\u00e9<\/a>, du fait qu&#8217;elle exprime son originalit\u00e9 et lui permet de se diff\u00e9rencier de ses paires\u00bb, \u00e9tablit-elle ainsi dans l&#8217;arr\u00eat \u00abvon Hannover c. Allemagne (n\u00b0 2) \u00bb de la grande chambre du 7 f\u00e9vrier 2012. Cette affaire r\u00e9v\u00e8le une autre notion juridique complexe que la Cour constitutionnelle allemande avait mise en avant : la distinction entre une personnalit\u00e9 \u00ababsolue\u00bb de l&#8217;histoire contemporaine d&#8217;une personnalit\u00e9 \u00abrelative\u00bb.<\/p><p>Plus largement, ce cadre l\u00e9gislatif de protection de l&#8217;image reste cependant depuis des ann\u00e9es \u00e0 la tra\u00eene face aux progr\u00e8s exponentiels des nouvelles technologies. Aux \u00c9tats-Unis, l&#8217;affaire \u00abAlison Chang c\/Virgin &amp; Flickr\u00bb, relatif \u00e0 l&#8217;utilisation de photos sur la plate-forme Flickr en 2007, avait d\u00e9j\u00e0 soulign\u00e9 cette question qui, au fil du temps, est devenue un d\u00e9fi urgent pour le droit.<\/p><p>En attendant un nouvel outil juridique qui permet de garantir la protection du droit \u00e0 l&#8217;image dans ses deux dimensions, une r\u00e9flexion sur les nouvelles utilisations de l&#8217;image dans une \u00abR\u00e9publique num\u00e9rique\u00bb o\u00f9 la technologie est en train de bousculer les principes fondamentaux du droit semble urgente. Ce d\u00e9bat public doit inclure l&#8217;intelligence artificielle, les NFT (jetons virtuels uniques) et toutes les autres technologies qui bouleversent notre quotidien et le monde du droit dans son ensemble.<\/p><p>L&#8217;interdiction de la participation de Will Smith \u00e0 toute c\u00e9r\u00e9monie pendant 10 ans constitue un exemple clair de l&#8217;application du droit de l&#8217;image sur sa partie visible. Mais le verdict sur la partie invisible est une forme de condamnation \u00e0 perp\u00e9tuit\u00e9, car d\u00e9sormais l&#8217;image de Will Smith sera en permanence associ\u00e9e \u00e0 la claque donn\u00e9e \u00e0 son confr\u00e8re.<\/p>\t\t\t\t\t\t\t\t<\/div>\n\t\t\t\t<\/div>\n\t\t\t\t\t<\/div>\n\t\t<\/div>\n\t\t\t\t\t<\/div>\n\t\t<\/section>\n\t\t\t\t<section class=\"elementor-section elementor-top-section elementor-element elementor-element-80483b1 elementor-section-boxed elementor-section-height-default elementor-section-height-default\" data-id=\"80483b1\" data-element_type=\"section\" data-e-type=\"section\">\n\t\t\t\t\t\t<div class=\"elementor-container elementor-column-gap-default\">\n\t\t\t\t\t<div class=\"elementor-column elementor-col-100 elementor-top-column elementor-element elementor-element-74f9157\" data-id=\"74f9157\" data-element_type=\"column\" data-e-type=\"column\">\n\t\t\t<div class=\"elementor-widget-wrap elementor-element-populated\">\n\t\t\t\t\t\t<div class=\"elementor-element elementor-element-ed39fe6 elementor-widget-divider--view-line elementor-widget elementor-widget-divider\" data-id=\"ed39fe6\" data-element_type=\"widget\" data-e-type=\"widget\" data-widget_type=\"divider.default\">\n\t\t\t\t<div class=\"elementor-widget-container\">\n\t\t\t\t\t\t\t<div class=\"elementor-divider\">\n\t\t\t<span class=\"elementor-divider-separator\">\n\t\t\t\t\t\t<\/span>\n\t\t<\/div>\n\t\t\t\t\t\t<\/div>\n\t\t\t\t<\/div>\n\t\t\t\t\t<\/div>\n\t\t<\/div>\n\t\t\t\t\t<\/div>\n\t\t<\/section>\n\t\t\t\t<section class=\"elementor-section elementor-top-section elementor-element elementor-element-e32f627 elementor-section-boxed elementor-section-height-default elementor-section-height-default\" data-id=\"e32f627\" data-element_type=\"section\" data-e-type=\"section\">\n\t\t\t\t\t\t<div class=\"elementor-container elementor-column-gap-default\">\n\t\t\t\t\t<div class=\"elementor-column elementor-col-100 elementor-top-column elementor-element elementor-element-3510254\" data-id=\"3510254\" data-element_type=\"column\" data-e-type=\"column\">\n\t\t\t<div class=\"elementor-widget-wrap elementor-element-populated\">\n\t\t\t\t\t\t<div class=\"elementor-element elementor-element-f9d4d17 elementor-widget elementor-widget-text-editor\" data-id=\"f9d4d17\" data-element_type=\"widget\" data-e-type=\"widget\" data-widget_type=\"text-editor.default\">\n\t\t\t\t<div class=\"elementor-widget-container\">\n\t\t\t\t\t\t\t\t\t<p>\u00a0<\/p><p><a href=\"https:\/\/theconversation.com\/profiles\/edwin-juno-delgado-945880\">Edwin Juno-Delgado<\/a>, Professeur Chercheur, <em><a href=\"https:\/\/theconversation.com\/institutions\/burgundy-school-of-business-2355\">Burgundy School of Business <\/a><\/em><\/p><p>Cet article est republi\u00e9 \u00e0 partir de <a href=\"https:\/\/theconversation.com\">The Conversation<\/a> sous licence Creative Commons. Lire l\u2019<a href=\"https:\/\/theconversation.com\/will-smith-kylian-mbappe-le-droit-a-limage-mis-a-lepreuve-par-les-evolutions-de-la-societe-182300\">article original<\/a>.<\/p>\t\t\t\t\t\t\t\t<\/div>\n\t\t\t\t<\/div>\n\t\t\t\t\t<\/div>\n\t\t<\/div>\n\t\t\t\t\t<\/div>\n\t\t<\/section>\n\t\t\t\t<\/div>\n\t\t","protected":false},"excerpt":{"rendered":"<p>Edwin Juno-Delgado, Burgundy School of Business Que reste-t-il de la derni\u00e8re c\u00e9r\u00e9monie des Oscars, fin mars ? Principalement l&#8217;image d&#8217;un com\u00e9dien donnant une gifle \u00e0 un autre apr\u00e8s une blague sur son \u00e9pouse. Le cadre visuel est basique : presque rien d&#8217;autre que deux hommes seuls sur sc\u00e8ne, habill\u00e9s quasiment de la m\u00eame fa\u00e7on. Mais &hellip; <a href=\"https:\/\/www.ubfc.fr\/en\/le-droit-a-limage-mis-a-lepreuve-par-les-evolutions-de-la-societe\/\">Continued<\/a><\/p>\n","protected":false},"author":60,"featured_media":58480,"comment_status":"open","ping_status":"closed","sticky":false,"template":"","format":"standard","meta":{"_acf_changed":false,"footnotes":""},"categories":[2062,2049,14],"class_list":["post-60735","post","type-post","status-publish","format-standard","has-post-thumbnail","hentry","category-culture-scientifique-et-technique","category-recherche","category-ubfc"],"acf":[],"yoast_head":"<!-- This site is optimized with the Yoast SEO plugin v27.4 - https:\/\/yoast.com\/product\/yoast-seo-wordpress\/ -->\n<title>Will Smith, Kylian Mbapp\u00e9\u2026 le droit \u00e0 l\u2019image mis \u00e0 l\u2019\u00e9preuve par les \u00e9volutions de la soci\u00e9t\u00e9 - COMUE Universit\u00e9 Bourgogne-Franche-Comt\u00e9<\/title>\n<meta name=\"description\" content=\"Que reste-t-il de la derni\u00e8re c\u00e9r\u00e9monie des Oscars, fin mars ? Principalement l&#039;image d&#039;un com\u00e9dien donnant une gifle \u00e0 un autre apr\u00e8s une blague sur son \u00e9pouse.\" \/>\n<meta name=\"robots\" content=\"index, follow, max-snippet:-1, max-image-preview:large, max-video-preview:-1\" \/>\n<link rel=\"canonical\" href=\"https:\/\/www.ubfc.fr\/le-droit-a-limage-mis-a-lepreuve-par-les-evolutions-de-la-societe\/\" \/>\n<meta property=\"og:locale\" content=\"en_US\" \/>\n<meta property=\"og:type\" content=\"article\" \/>\n<meta property=\"og:title\" content=\"Will Smith, Kylian Mbapp\u00e9\u2026 le droit \u00e0 l\u2019image mis \u00e0 l\u2019\u00e9preuve par les \u00e9volutions de la soci\u00e9t\u00e9 - COMUE Universit\u00e9 Bourgogne-Franche-Comt\u00e9\" \/>\n<meta property=\"og:description\" content=\"Que reste-t-il de la derni\u00e8re c\u00e9r\u00e9monie des Oscars, fin mars ? Principalement l&#039;image d&#039;un com\u00e9dien donnant une gifle \u00e0 un autre apr\u00e8s une blague sur son \u00e9pouse.\" \/>\n<meta property=\"og:url\" content=\"https:\/\/www.ubfc.fr\/le-droit-a-limage-mis-a-lepreuve-par-les-evolutions-de-la-societe\/\" \/>\n<meta property=\"og:site_name\" content=\"COMUE Universit\u00e9 Bourgogne-Franche-Comt\u00e9\" \/>\n<meta property=\"article:publisher\" content=\"https:\/\/www.facebook.com\/UnivBFC\/\" \/>\n<meta property=\"article:published_time\" content=\"2022-05-03T07:21:41+00:00\" \/>\n<meta property=\"article:modified_time\" content=\"2022-05-03T07:25:57+00:00\" \/>\n<meta property=\"og:image\" content=\"https:\/\/www.ubfc.fr\/wp-content\/uploads\/2022\/02\/the-conversation-vignette-actu.png\" \/>\n\t<meta property=\"og:image:width\" content=\"412\" \/>\n\t<meta property=\"og:image:height\" content=\"536\" \/>\n\t<meta property=\"og:image:type\" content=\"image\/png\" \/>\n<meta name=\"author\" content=\"Fanny Ajak\" \/>\n<meta name=\"twitter:card\" content=\"summary_large_image\" \/>\n<meta name=\"twitter:creator\" content=\"@univ_bfc\" \/>\n<meta name=\"twitter:site\" content=\"@univ_bfc\" \/>\n<meta name=\"twitter:label1\" content=\"Written by\" \/>\n\t<meta name=\"twitter:data1\" content=\"Fanny Ajak\" \/>\n\t<meta name=\"twitter:label2\" content=\"Est. reading time\" \/>\n\t<meta name=\"twitter:data2\" content=\"7 minutes\" \/>\n<script type=\"application\/ld+json\" class=\"yoast-schema-graph\">{\"@context\":\"https:\\\/\\\/schema.org\",\"@graph\":[{\"@type\":\"Article\",\"@id\":\"https:\\\/\\\/www.ubfc.fr\\\/le-droit-a-limage-mis-a-lepreuve-par-les-evolutions-de-la-societe\\\/#article\",\"isPartOf\":{\"@id\":\"https:\\\/\\\/www.ubfc.fr\\\/le-droit-a-limage-mis-a-lepreuve-par-les-evolutions-de-la-societe\\\/\"},\"author\":{\"name\":\"Fanny Ajak\",\"@id\":\"https:\\\/\\\/www.ubfc.fr\\\/#\\\/schema\\\/person\\\/692829a283f52bc4a247708371ee307a\"},\"headline\":\"Will Smith, Kylian Mbapp\u00e9\u2026 le droit \u00e0 l\u2019image mis \u00e0 l\u2019\u00e9preuve par les \u00e9volutions de la soci\u00e9t\u00e9\",\"datePublished\":\"2022-05-03T07:21:41+00:00\",\"dateModified\":\"2022-05-03T07:25:57+00:00\",\"mainEntityOfPage\":{\"@id\":\"https:\\\/\\\/www.ubfc.fr\\\/le-droit-a-limage-mis-a-lepreuve-par-les-evolutions-de-la-societe\\\/\"},\"wordCount\":1491,\"commentCount\":0,\"publisher\":{\"@id\":\"https:\\\/\\\/www.ubfc.fr\\\/#organization\"},\"image\":{\"@id\":\"https:\\\/\\\/www.ubfc.fr\\\/le-droit-a-limage-mis-a-lepreuve-par-les-evolutions-de-la-societe\\\/#primaryimage\"},\"thumbnailUrl\":\"https:\\\/\\\/www.ubfc.fr\\\/wp-content\\\/uploads\\\/2022\\\/02\\\/the-conversation-vignette-actu.png\",\"articleSection\":[\"Culture scientifique et technique\",\"Recherche\",\"UBFC\"],\"inLanguage\":\"en-US\",\"potentialAction\":[{\"@type\":\"CommentAction\",\"name\":\"Comment\",\"target\":[\"https:\\\/\\\/www.ubfc.fr\\\/le-droit-a-limage-mis-a-lepreuve-par-les-evolutions-de-la-societe\\\/#respond\"]}]},{\"@type\":\"WebPage\",\"@id\":\"https:\\\/\\\/www.ubfc.fr\\\/le-droit-a-limage-mis-a-lepreuve-par-les-evolutions-de-la-societe\\\/\",\"url\":\"https:\\\/\\\/www.ubfc.fr\\\/le-droit-a-limage-mis-a-lepreuve-par-les-evolutions-de-la-societe\\\/\",\"name\":\"Will Smith, Kylian Mbapp\u00e9\u2026 le droit \u00e0 l\u2019image mis \u00e0 l\u2019\u00e9preuve par les \u00e9volutions de la soci\u00e9t\u00e9 - COMUE Universit\u00e9 Bourgogne-Franche-Comt\u00e9\",\"isPartOf\":{\"@id\":\"https:\\\/\\\/www.ubfc.fr\\\/#website\"},\"primaryImageOfPage\":{\"@id\":\"https:\\\/\\\/www.ubfc.fr\\\/le-droit-a-limage-mis-a-lepreuve-par-les-evolutions-de-la-societe\\\/#primaryimage\"},\"image\":{\"@id\":\"https:\\\/\\\/www.ubfc.fr\\\/le-droit-a-limage-mis-a-lepreuve-par-les-evolutions-de-la-societe\\\/#primaryimage\"},\"thumbnailUrl\":\"https:\\\/\\\/www.ubfc.fr\\\/wp-content\\\/uploads\\\/2022\\\/02\\\/the-conversation-vignette-actu.png\",\"datePublished\":\"2022-05-03T07:21:41+00:00\",\"dateModified\":\"2022-05-03T07:25:57+00:00\",\"description\":\"Que reste-t-il de la derni\u00e8re c\u00e9r\u00e9monie des Oscars, fin mars ? Principalement l'image d'un com\u00e9dien donnant une gifle \u00e0 un autre apr\u00e8s une blague sur son \u00e9pouse.\",\"breadcrumb\":{\"@id\":\"https:\\\/\\\/www.ubfc.fr\\\/le-droit-a-limage-mis-a-lepreuve-par-les-evolutions-de-la-societe\\\/#breadcrumb\"},\"inLanguage\":\"en-US\",\"potentialAction\":[{\"@type\":\"ReadAction\",\"target\":[\"https:\\\/\\\/www.ubfc.fr\\\/le-droit-a-limage-mis-a-lepreuve-par-les-evolutions-de-la-societe\\\/\"]}]},{\"@type\":\"ImageObject\",\"inLanguage\":\"en-US\",\"@id\":\"https:\\\/\\\/www.ubfc.fr\\\/le-droit-a-limage-mis-a-lepreuve-par-les-evolutions-de-la-societe\\\/#primaryimage\",\"url\":\"https:\\\/\\\/www.ubfc.fr\\\/wp-content\\\/uploads\\\/2022\\\/02\\\/the-conversation-vignette-actu.png\",\"contentUrl\":\"https:\\\/\\\/www.ubfc.fr\\\/wp-content\\\/uploads\\\/2022\\\/02\\\/the-conversation-vignette-actu.png\",\"width\":412,\"height\":536},{\"@type\":\"BreadcrumbList\",\"@id\":\"https:\\\/\\\/www.ubfc.fr\\\/le-droit-a-limage-mis-a-lepreuve-par-les-evolutions-de-la-societe\\\/#breadcrumb\",\"itemListElement\":[{\"@type\":\"ListItem\",\"position\":1,\"name\":\"Accueil\",\"item\":\"https:\\\/\\\/www.ubfc.fr\\\/en\\\/\"},{\"@type\":\"ListItem\",\"position\":2,\"name\":\"Will Smith, Kylian Mbapp\u00e9\u2026 le droit \u00e0 l\u2019image mis \u00e0 l\u2019\u00e9preuve par les \u00e9volutions de la soci\u00e9t\u00e9\"}]},{\"@type\":\"WebSite\",\"@id\":\"https:\\\/\\\/www.ubfc.fr\\\/#website\",\"url\":\"https:\\\/\\\/www.ubfc.fr\\\/\",\"name\":\"COMUE Universit\u00e9 Bourgogne-Franche-Comt\u00e9\",\"description\":\"\",\"publisher\":{\"@id\":\"https:\\\/\\\/www.ubfc.fr\\\/#organization\"},\"potentialAction\":[{\"@type\":\"SearchAction\",\"target\":{\"@type\":\"EntryPoint\",\"urlTemplate\":\"https:\\\/\\\/www.ubfc.fr\\\/?s={search_term_string}\"},\"query-input\":{\"@type\":\"PropertyValueSpecification\",\"valueRequired\":true,\"valueName\":\"search_term_string\"}}],\"inLanguage\":\"en-US\"},{\"@type\":\"Organization\",\"@id\":\"https:\\\/\\\/www.ubfc.fr\\\/#organization\",\"name\":\"Universit\u00e9 Bourgogne-Franche-Comt\u00e9\",\"url\":\"https:\\\/\\\/www.ubfc.fr\\\/\",\"logo\":{\"@type\":\"ImageObject\",\"inLanguage\":\"en-US\",\"@id\":\"https:\\\/\\\/www.ubfc.fr\\\/#\\\/schema\\\/logo\\\/image\\\/\",\"url\":\"https:\\\/\\\/www.ubfc.fr\\\/wp-content\\\/uploads\\\/2022\\\/03\\\/vagueUBFC_favicon.png\",\"contentUrl\":\"https:\\\/\\\/www.ubfc.fr\\\/wp-content\\\/uploads\\\/2022\\\/03\\\/vagueUBFC_favicon.png\",\"width\":512,\"height\":512,\"caption\":\"Universit\u00e9 Bourgogne-Franche-Comt\u00e9\"},\"image\":{\"@id\":\"https:\\\/\\\/www.ubfc.fr\\\/#\\\/schema\\\/logo\\\/image\\\/\"},\"sameAs\":[\"https:\\\/\\\/www.facebook.com\\\/UnivBFC\\\/\",\"https:\\\/\\\/x.com\\\/univ_bfc\",\"https:\\\/\\\/www.linkedin.com\\\/school\\\/universitebourgognefranchecomte\\\/mycompany\\\/\"]},{\"@type\":\"Person\",\"@id\":\"https:\\\/\\\/www.ubfc.fr\\\/#\\\/schema\\\/person\\\/692829a283f52bc4a247708371ee307a\",\"name\":\"Fanny Ajak\"}]}<\/script>\n<!-- \/ Yoast SEO plugin. -->","yoast_head_json":{"title":"Will Smith, Kylian Mbapp\u00e9\u2026 le droit \u00e0 l\u2019image mis \u00e0 l\u2019\u00e9preuve par les \u00e9volutions de la soci\u00e9t\u00e9 - COMUE Universit\u00e9 Bourgogne-Franche-Comt\u00e9","description":"Que reste-t-il de la derni\u00e8re c\u00e9r\u00e9monie des Oscars, fin mars ? Principalement l'image d'un com\u00e9dien donnant une gifle \u00e0 un autre apr\u00e8s une blague sur son \u00e9pouse.","robots":{"index":"index","follow":"follow","max-snippet":"max-snippet:-1","max-image-preview":"max-image-preview:large","max-video-preview":"max-video-preview:-1"},"canonical":"https:\/\/www.ubfc.fr\/le-droit-a-limage-mis-a-lepreuve-par-les-evolutions-de-la-societe\/","og_locale":"en_US","og_type":"article","og_title":"Will Smith, Kylian Mbapp\u00e9\u2026 le droit \u00e0 l\u2019image mis \u00e0 l\u2019\u00e9preuve par les \u00e9volutions de la soci\u00e9t\u00e9 - COMUE Universit\u00e9 Bourgogne-Franche-Comt\u00e9","og_description":"Que reste-t-il de la derni\u00e8re c\u00e9r\u00e9monie des Oscars, fin mars ? Principalement l'image d'un com\u00e9dien donnant une gifle \u00e0 un autre apr\u00e8s une blague sur son \u00e9pouse.","og_url":"https:\/\/www.ubfc.fr\/le-droit-a-limage-mis-a-lepreuve-par-les-evolutions-de-la-societe\/","og_site_name":"COMUE Universit\u00e9 Bourgogne-Franche-Comt\u00e9","article_publisher":"https:\/\/www.facebook.com\/UnivBFC\/","article_published_time":"2022-05-03T07:21:41+00:00","article_modified_time":"2022-05-03T07:25:57+00:00","og_image":[{"width":412,"height":536,"url":"https:\/\/www.ubfc.fr\/wp-content\/uploads\/2022\/02\/the-conversation-vignette-actu.png","type":"image\/png"}],"author":"Fanny Ajak","twitter_card":"summary_large_image","twitter_creator":"@univ_bfc","twitter_site":"@univ_bfc","twitter_misc":{"Written by":"Fanny Ajak","Est. reading time":"7 minutes"},"schema":{"@context":"https:\/\/schema.org","@graph":[{"@type":"Article","@id":"https:\/\/www.ubfc.fr\/le-droit-a-limage-mis-a-lepreuve-par-les-evolutions-de-la-societe\/#article","isPartOf":{"@id":"https:\/\/www.ubfc.fr\/le-droit-a-limage-mis-a-lepreuve-par-les-evolutions-de-la-societe\/"},"author":{"name":"Fanny Ajak","@id":"https:\/\/www.ubfc.fr\/#\/schema\/person\/692829a283f52bc4a247708371ee307a"},"headline":"Will Smith, Kylian Mbapp\u00e9\u2026 le droit \u00e0 l\u2019image mis \u00e0 l\u2019\u00e9preuve par les \u00e9volutions de la soci\u00e9t\u00e9","datePublished":"2022-05-03T07:21:41+00:00","dateModified":"2022-05-03T07:25:57+00:00","mainEntityOfPage":{"@id":"https:\/\/www.ubfc.fr\/le-droit-a-limage-mis-a-lepreuve-par-les-evolutions-de-la-societe\/"},"wordCount":1491,"commentCount":0,"publisher":{"@id":"https:\/\/www.ubfc.fr\/#organization"},"image":{"@id":"https:\/\/www.ubfc.fr\/le-droit-a-limage-mis-a-lepreuve-par-les-evolutions-de-la-societe\/#primaryimage"},"thumbnailUrl":"https:\/\/www.ubfc.fr\/wp-content\/uploads\/2022\/02\/the-conversation-vignette-actu.png","articleSection":["Culture scientifique et technique","Recherche","UBFC"],"inLanguage":"en-US","potentialAction":[{"@type":"CommentAction","name":"Comment","target":["https:\/\/www.ubfc.fr\/le-droit-a-limage-mis-a-lepreuve-par-les-evolutions-de-la-societe\/#respond"]}]},{"@type":"WebPage","@id":"https:\/\/www.ubfc.fr\/le-droit-a-limage-mis-a-lepreuve-par-les-evolutions-de-la-societe\/","url":"https:\/\/www.ubfc.fr\/le-droit-a-limage-mis-a-lepreuve-par-les-evolutions-de-la-societe\/","name":"Will Smith, Kylian Mbapp\u00e9\u2026 le droit \u00e0 l\u2019image mis \u00e0 l\u2019\u00e9preuve par les \u00e9volutions de la soci\u00e9t\u00e9 - COMUE Universit\u00e9 Bourgogne-Franche-Comt\u00e9","isPartOf":{"@id":"https:\/\/www.ubfc.fr\/#website"},"primaryImageOfPage":{"@id":"https:\/\/www.ubfc.fr\/le-droit-a-limage-mis-a-lepreuve-par-les-evolutions-de-la-societe\/#primaryimage"},"image":{"@id":"https:\/\/www.ubfc.fr\/le-droit-a-limage-mis-a-lepreuve-par-les-evolutions-de-la-societe\/#primaryimage"},"thumbnailUrl":"https:\/\/www.ubfc.fr\/wp-content\/uploads\/2022\/02\/the-conversation-vignette-actu.png","datePublished":"2022-05-03T07:21:41+00:00","dateModified":"2022-05-03T07:25:57+00:00","description":"Que reste-t-il de la derni\u00e8re c\u00e9r\u00e9monie des Oscars, fin mars ? Principalement l'image d'un com\u00e9dien donnant une gifle \u00e0 un autre apr\u00e8s une blague sur son \u00e9pouse.","breadcrumb":{"@id":"https:\/\/www.ubfc.fr\/le-droit-a-limage-mis-a-lepreuve-par-les-evolutions-de-la-societe\/#breadcrumb"},"inLanguage":"en-US","potentialAction":[{"@type":"ReadAction","target":["https:\/\/www.ubfc.fr\/le-droit-a-limage-mis-a-lepreuve-par-les-evolutions-de-la-societe\/"]}]},{"@type":"ImageObject","inLanguage":"en-US","@id":"https:\/\/www.ubfc.fr\/le-droit-a-limage-mis-a-lepreuve-par-les-evolutions-de-la-societe\/#primaryimage","url":"https:\/\/www.ubfc.fr\/wp-content\/uploads\/2022\/02\/the-conversation-vignette-actu.png","contentUrl":"https:\/\/www.ubfc.fr\/wp-content\/uploads\/2022\/02\/the-conversation-vignette-actu.png","width":412,"height":536},{"@type":"BreadcrumbList","@id":"https:\/\/www.ubfc.fr\/le-droit-a-limage-mis-a-lepreuve-par-les-evolutions-de-la-societe\/#breadcrumb","itemListElement":[{"@type":"ListItem","position":1,"name":"Accueil","item":"https:\/\/www.ubfc.fr\/en\/"},{"@type":"ListItem","position":2,"name":"Will Smith, Kylian Mbapp\u00e9\u2026 le droit \u00e0 l\u2019image mis \u00e0 l\u2019\u00e9preuve par les \u00e9volutions de la soci\u00e9t\u00e9"}]},{"@type":"WebSite","@id":"https:\/\/www.ubfc.fr\/#website","url":"https:\/\/www.ubfc.fr\/","name":"COMUE Universit\u00e9 Bourgogne-Franche-Comt\u00e9","description":"","publisher":{"@id":"https:\/\/www.ubfc.fr\/#organization"},"potentialAction":[{"@type":"SearchAction","target":{"@type":"EntryPoint","urlTemplate":"https:\/\/www.ubfc.fr\/?s={search_term_string}"},"query-input":{"@type":"PropertyValueSpecification","valueRequired":true,"valueName":"search_term_string"}}],"inLanguage":"en-US"},{"@type":"Organization","@id":"https:\/\/www.ubfc.fr\/#organization","name":"Universit\u00e9 Bourgogne-Franche-Comt\u00e9","url":"https:\/\/www.ubfc.fr\/","logo":{"@type":"ImageObject","inLanguage":"en-US","@id":"https:\/\/www.ubfc.fr\/#\/schema\/logo\/image\/","url":"https:\/\/www.ubfc.fr\/wp-content\/uploads\/2022\/03\/vagueUBFC_favicon.png","contentUrl":"https:\/\/www.ubfc.fr\/wp-content\/uploads\/2022\/03\/vagueUBFC_favicon.png","width":512,"height":512,"caption":"Universit\u00e9 Bourgogne-Franche-Comt\u00e9"},"image":{"@id":"https:\/\/www.ubfc.fr\/#\/schema\/logo\/image\/"},"sameAs":["https:\/\/www.facebook.com\/UnivBFC\/","https:\/\/x.com\/univ_bfc","https:\/\/www.linkedin.com\/school\/universitebourgognefranchecomte\/mycompany\/"]},{"@type":"Person","@id":"https:\/\/www.ubfc.fr\/#\/schema\/person\/692829a283f52bc4a247708371ee307a","name":"Fanny Ajak"}]}},"_links":{"self":[{"href":"https:\/\/www.ubfc.fr\/en\/wp-json\/wp\/v2\/posts\/60735","targetHints":{"allow":["GET"]}}],"collection":[{"href":"https:\/\/www.ubfc.fr\/en\/wp-json\/wp\/v2\/posts"}],"about":[{"href":"https:\/\/www.ubfc.fr\/en\/wp-json\/wp\/v2\/types\/post"}],"author":[{"embeddable":true,"href":"https:\/\/www.ubfc.fr\/en\/wp-json\/wp\/v2\/users\/60"}],"replies":[{"embeddable":true,"href":"https:\/\/www.ubfc.fr\/en\/wp-json\/wp\/v2\/comments?post=60735"}],"version-history":[{"count":0,"href":"https:\/\/www.ubfc.fr\/en\/wp-json\/wp\/v2\/posts\/60735\/revisions"}],"wp:featuredmedia":[{"embeddable":true,"href":"https:\/\/www.ubfc.fr\/en\/wp-json\/wp\/v2\/media\/58480"}],"wp:attachment":[{"href":"https:\/\/www.ubfc.fr\/en\/wp-json\/wp\/v2\/media?parent=60735"}],"wp:term":[{"taxonomy":"category","embeddable":true,"href":"https:\/\/www.ubfc.fr\/en\/wp-json\/wp\/v2\/categories?post=60735"}],"curies":[{"name":"wp","href":"https:\/\/api.w.org\/{rel}","templated":true}]}}