{"id":60665,"date":"2022-04-29T10:24:37","date_gmt":"2022-04-29T08:24:37","guid":{"rendered":"https:\/\/www.ubfc.fr\/?p=60665"},"modified":"2022-04-29T10:50:20","modified_gmt":"2022-04-29T08:50:20","slug":"debat-le-prix-du-carbone-pas-uniquement-guide-par-le-court-terme","status":"publish","type":"post","link":"https:\/\/www.ubfc.fr\/en\/debat-le-prix-du-carbone-pas-uniquement-guide-par-le-court-terme\/","title":{"rendered":"D\u00e9bat : Le prix du carbone, pas uniquement guid\u00e9 par le court terme"},"content":{"rendered":"\t\t<div data-elementor-type=\"wp-post\" data-elementor-id=\"60665\" class=\"elementor elementor-60665\" data-elementor-post-type=\"post\">\n\t\t\t\t\t\t<section class=\"elementor-section elementor-top-section elementor-element elementor-element-10783f5 elementor-section-boxed elementor-section-height-default elementor-section-height-default\" data-id=\"10783f5\" data-element_type=\"section\" data-e-type=\"section\">\n\t\t\t\t\t\t<div class=\"elementor-container elementor-column-gap-default\">\n\t\t\t\t\t<div class=\"elementor-column elementor-col-100 elementor-top-column elementor-element elementor-element-55836f7\" data-id=\"55836f7\" data-element_type=\"column\" data-e-type=\"column\">\n\t\t\t<div class=\"elementor-widget-wrap elementor-element-populated\">\n\t\t\t\t\t\t<div class=\"elementor-element elementor-element-2608764 elementor-widget elementor-widget-text-editor\" data-id=\"2608764\" data-element_type=\"widget\" data-e-type=\"widget\" data-widget_type=\"text-editor.default\">\n\t\t\t\t<div class=\"elementor-widget-container\">\n\t\t\t\t\t\t\t\t\t<p><a href=\"https:\/\/theconversation.com\/profiles\/vincent-bertrand-425061\">Vincent Bertrand<\/a>, <em><a href=\"https:\/\/theconversation.com\/institutions\/universite-de-franche-comte-ubfc-2353\">Universit\u00e9 de Franche-Comt\u00e9 \u2013 UBFC<\/a><\/em><\/p>\t\t\t\t\t\t\t\t<\/div>\n\t\t\t\t<\/div>\n\t\t\t\t\t<\/div>\n\t\t<\/div>\n\t\t\t\t\t<\/div>\n\t\t<\/section>\n\t\t\t\t<section class=\"elementor-section elementor-top-section elementor-element elementor-element-4506288 elementor-section-boxed elementor-section-height-default elementor-section-height-default\" data-id=\"4506288\" data-element_type=\"section\" data-e-type=\"section\">\n\t\t\t\t\t\t<div class=\"elementor-container elementor-column-gap-default\">\n\t\t\t\t\t<div class=\"elementor-column elementor-col-100 elementor-top-column elementor-element elementor-element-70f26b5\" data-id=\"70f26b5\" data-element_type=\"column\" data-e-type=\"column\">\n\t\t\t<div class=\"elementor-widget-wrap elementor-element-populated\">\n\t\t\t\t\t\t<div class=\"elementor-element elementor-element-f0ef5f9 elementor-widget elementor-widget-text-editor\" data-id=\"f0ef5f9\" data-element_type=\"widget\" data-e-type=\"widget\" data-widget_type=\"text-editor.default\">\n\t\t\t\t<div class=\"elementor-widget-container\">\n\t\t\t\t\t\t\t\t\t<p>Le march\u00e9 europ\u00e9en du CO<sub>2<\/sub> bat des records. Apr\u00e8s dix ann\u00e9es de faiblesse structurelle entre 2008 et 2018, o\u00f9 le prix du carbone oscillait entre 5 et 10 euros en Europe, le prix des quotas d\u2019\u00e9mission a flirt\u00e9 avec la barre des 100 euros avant la crise ukrainienne. Il a subi une importante correction au cours de la premi\u00e8re semaine de mars, puis est reparti \u00e0 la hausse <a href=\"https:\/\/www.theice.com\/products\/197\/EUA-Futures\/data?marketId=5474736&amp;span=1\">pour s\u2019\u00e9tablir aujourd\u2019hui aux environs de 80 euros<\/a>.<\/p><p>\u00c0 de tels niveaux, le prix du carbone rench\u00e9rit fortement les technologies tr\u00e8s \u00e9mettrices et p\u00e9nalise beaucoup d\u2019entreprises qui n\u2019ont pas modifi\u00e9 leurs processus de production.<\/p><p>Dans le contexte de l\u2019envol\u00e9e des prix des commodit\u00e9s \u00e9nerg\u00e9tiques g\u00e9n\u00e9r\u00e9e par la pand\u00e9mie de coronavirus, des critiques adress\u00e9es au march\u00e9 du carbone se sont fait entendre, celui-ci \u00e9tant accus\u00e9 d\u2019\u00eatre un instrument instable, uniquement guid\u00e9 par le court terme.<br \/><br \/><\/p><figure><iframe src=\"https:\/\/www.youtube.com\/embed\/ktu5S6dGTQo?wmode=transparent&amp;start=0\" width=\"440\" height=\"260\" frameborder=\"0\" allowfullscreen=\"allowfullscreen\"><\/iframe><figcaption><span class=\"caption\">\u00c0 quoi sert le march\u00e9 du carbone en Europe ? (Alternatives \u00e9conomiques\/YouTube, le 3 f\u00e9vrier 2020).<\/span><\/figcaption><\/figure><p><br \/>Au d\u00e9but du mois de mars, avec le conflit en Ukraine et les tensions sur le march\u00e9 du gaz, le prix du CO<sub>2<\/sub> en Europe a subi une forte correction, anticipant les cons\u00e9quences d\u2019une contraction de l\u2019activit\u00e9 \u00e9conomique devant se traduire par une r\u00e9duction de la contrainte fix\u00e9e par le m\u00e9canisme. Mais cette tendance s\u2019est infl\u00e9chie, et le march\u00e9 du carbone se maintient depuis la mi-mars \u00e0 des niveaux proches de 80 euros la tonne de CO<sub>2<\/sub>. L\u2019influence des r\u00e9formes structurelles semble donc rester visible.<\/p><p>Le march\u00e9 du carbone est-il uniquement guid\u00e9 par le court terme ? Qu\u2019en est-il dans les faits ?<\/p>\t\t\t\t\t\t\t\t<\/div>\n\t\t\t\t<\/div>\n\t\t\t\t\t<\/div>\n\t\t<\/div>\n\t\t\t\t\t<\/div>\n\t\t<\/section>\n\t\t\t\t<section class=\"elementor-section elementor-top-section elementor-element elementor-element-e551243 elementor-section-boxed elementor-section-height-default elementor-section-height-default\" data-id=\"e551243\" data-element_type=\"section\" data-e-type=\"section\">\n\t\t\t\t\t\t<div class=\"elementor-container elementor-column-gap-default\">\n\t\t\t\t\t<div class=\"elementor-column elementor-col-100 elementor-top-column elementor-element elementor-element-b913116\" data-id=\"b913116\" data-element_type=\"column\" data-e-type=\"column\">\n\t\t\t<div class=\"elementor-widget-wrap elementor-element-populated\">\n\t\t\t\t\t\t<div class=\"elementor-element elementor-element-80a8f57 elementor-widget elementor-widget-spacer\" data-id=\"80a8f57\" data-element_type=\"widget\" data-e-type=\"widget\" data-widget_type=\"spacer.default\">\n\t\t\t\t<div class=\"elementor-widget-container\">\n\t\t\t\t\t\t\t<div class=\"elementor-spacer\">\n\t\t\t<div class=\"elementor-spacer-inner\"><\/div>\n\t\t<\/div>\n\t\t\t\t\t\t<\/div>\n\t\t\t\t<\/div>\n\t\t\t\t<div class=\"elementor-element elementor-element-2826780 elementor-widget elementor-widget-text-editor\" data-id=\"2826780\" data-element_type=\"widget\" data-e-type=\"widget\" data-widget_type=\"text-editor.default\">\n\t\t\t\t<div class=\"elementor-widget-container\">\n\t\t\t\t\t\t\t\t\t<h2>Une hausse guid\u00e9e par le long terme<\/h2><p>Contrairement \u00e0 une id\u00e9e qui s\u2019est r\u00e9pandue en 2021, \u00e0 un moment o\u00f9 le prix du gaz s\u2019envolait alors que le march\u00e9 europ\u00e9en du CO<sub>2<\/sub> battait des records, le court terme n\u2019est pas l\u2019unique d\u00e9terminant du prix sur le march\u00e9 du carbone.<\/p><p>\u00c0 l\u2019inverse, le march\u00e9 est tr\u00e8s sensible \u00e0 la contrainte de r\u00e9duction des \u00e9missions fix\u00e9e par la loi, et sans volont\u00e9 politique claire sur l\u2019adoption d\u2019objectifs climatiques ambitieux \u00e0 long terme, il reste faible et ne produit aucun effet.<\/p><p>Le march\u00e9 europ\u00e9en du CO<sub>2<\/sub>, dit EU ETS, en donne une bonne illustration.<\/p><p>Depuis fin 2018 et l\u2019adoption d\u2019un objectif de r\u00e9duction des \u00e9missions en Europe pour l\u2019apr\u00e8s 2020 (-40 % \u00e0 horizon 2030 par rapport au niveau de 1990), puis le rehaussement de celui-ci \u00e0 -55 % dans le cadre du pacte vert europ\u00e9en, le prix des quotas d\u2019\u00e9mission sur le march\u00e9 europ\u00e9en a connu une augmentation constante.<\/p><p>Le march\u00e9 europ\u00e9en n\u2019a cess\u00e9 de battre des records. Si le march\u00e9 du carbone s\u2019est montr\u00e9 naturellement sensible \u00e0 la conjoncture et \u00e0 l\u2019envol\u00e9e des prix de l\u2019\u00e9nergie depuis l\u2019\u00e9t\u00e9 2021, force est de constater que la tendance haussi\u00e8re sur l\u2019EU ETS a \u00e9t\u00e9 amorc\u00e9e bien avant, avec un prix du CO<sub>2<\/sub> franchissant la <a href=\"https:\/\/www.connaissancedesenergies.org\/tribune-actualite-energies\/le-marche-du-co2-est-le-thermometre-de-lambition-dans-la-lutte-contre-le-rechauffement-climatique\">barre des 50 euros d\u00e8s le printemps 2021<\/a>.<br \/><br \/><\/p><figure class=\"align-center \"><img decoding=\"async\" src=\"https:\/\/images.theconversation.com\/files\/460127\/original\/file-20220427-18-e380el.png?ixlib=rb-1.1.0&amp;q=45&amp;auto=format&amp;w=754&amp;fit=clip\" sizes=\"(min-width: 1466px) 754px, (max-width: 599px) 100vw, (min-width: 600px) 600px, 237px\" srcset=\"https:\/\/images.theconversation.com\/files\/460127\/original\/file-20220427-18-e380el.png?ixlib=rb-1.1.0&amp;q=45&amp;auto=format&amp;w=600&amp;h=301&amp;fit=crop&amp;dpr=1 600w, https:\/\/images.theconversation.com\/files\/460127\/original\/file-20220427-18-e380el.png?ixlib=rb-1.1.0&amp;q=30&amp;auto=format&amp;w=600&amp;h=301&amp;fit=crop&amp;dpr=2 1200w, https:\/\/images.theconversation.com\/files\/460127\/original\/file-20220427-18-e380el.png?ixlib=rb-1.1.0&amp;q=15&amp;auto=format&amp;w=600&amp;h=301&amp;fit=crop&amp;dpr=3 1800w, https:\/\/images.theconversation.com\/files\/460127\/original\/file-20220427-18-e380el.png?ixlib=rb-1.1.0&amp;q=45&amp;auto=format&amp;w=754&amp;h=378&amp;fit=crop&amp;dpr=1 754w, https:\/\/images.theconversation.com\/files\/460127\/original\/file-20220427-18-e380el.png?ixlib=rb-1.1.0&amp;q=30&amp;auto=format&amp;w=754&amp;h=378&amp;fit=crop&amp;dpr=2 1508w, https:\/\/images.theconversation.com\/files\/460127\/original\/file-20220427-18-e380el.png?ixlib=rb-1.1.0&amp;q=15&amp;auto=format&amp;w=754&amp;h=378&amp;fit=crop&amp;dpr=3 2262w\" alt=\"\u00c9volution du prix du carbone en Europe ces deux derni\u00e8res ann\u00e9es\" \/><figcaption><span class=\"caption\">Prix du carbone en Europe.<\/span><br \/><span class=\"attribution\"><span class=\"source\">theice.com<\/span><\/span><\/figcaption><\/figure><p><br \/>L\u2019influence de la volont\u00e9 politique a \u00e9t\u00e9 particuli\u00e8rement visible au premier semestre 2020, o\u00f9 le prix du carbone augmentait alors que la pand\u00e9mie de coronavirus pr\u00e9cipitait les \u00e9conomies dans les ab\u00eemes d\u2019une crise in\u00e9dite avec un prix du p\u00e9trole devenant n\u00e9gatif\u2026 Dans de telles conditions, avec la crise et l\u2019effondrement de la production, la baisse exog\u00e8ne des \u00e9missions \u00ab avant effort \u00bb aurait d\u00fb se traduire par une forte baisse du prix des quotas (traduisant un moindre niveau d\u2019effort fix\u00e9 par le plafond de l\u2019EU ETS), comme ce fut le cas pendant la crise de 2008.<\/p><p>Or, tel n\u2019a pas \u00e9t\u00e9 le cas, et l\u2019EU ETS a <a href=\"http:\/\/edeni-energies.com\/research-brief-nov-2021\/\">davantage r\u00e9agi \u00e0 la volont\u00e9 de fixer un cap au-del\u00e0 de 2020<\/a> qu\u2019aux oscillations dict\u00e9es \u00e0 court terme par la pand\u00e9mie.<\/p><p>C\u2019est donc bien le long terme qui est le d\u00e9terminant essentiel\u2026 \u00e0 condition qu\u2019il y ait une volont\u00e9 politique et des objectifs climatiques ambitieux.<\/p>\t\t\t\t\t\t\t\t<\/div>\n\t\t\t\t<\/div>\n\t\t\t\t\t<\/div>\n\t\t<\/div>\n\t\t\t\t\t<\/div>\n\t\t<\/section>\n\t\t\t\t<section class=\"elementor-section elementor-top-section elementor-element elementor-element-91b353e elementor-section-boxed elementor-section-height-default elementor-section-height-default\" data-id=\"91b353e\" data-element_type=\"section\" data-e-type=\"section\">\n\t\t\t\t\t\t<div class=\"elementor-container elementor-column-gap-default\">\n\t\t\t\t\t<div class=\"elementor-column elementor-col-100 elementor-top-column elementor-element elementor-element-ee02c80\" data-id=\"ee02c80\" data-element_type=\"column\" data-e-type=\"column\">\n\t\t\t<div class=\"elementor-widget-wrap elementor-element-populated\">\n\t\t\t\t\t\t<div class=\"elementor-element elementor-element-7eb199f elementor-widget elementor-widget-spacer\" data-id=\"7eb199f\" data-element_type=\"widget\" data-e-type=\"widget\" data-widget_type=\"spacer.default\">\n\t\t\t\t<div class=\"elementor-widget-container\">\n\t\t\t\t\t\t\t<div class=\"elementor-spacer\">\n\t\t\t<div class=\"elementor-spacer-inner\"><\/div>\n\t\t<\/div>\n\t\t\t\t\t\t<\/div>\n\t\t\t\t<\/div>\n\t\t\t\t<div class=\"elementor-element elementor-element-47156c1 elementor-widget elementor-widget-text-editor\" data-id=\"47156c1\" data-element_type=\"widget\" data-e-type=\"widget\" data-widget_type=\"text-editor.default\">\n\t\t\t\t<div class=\"elementor-widget-container\">\n\t\t\t\t\t\t\t\t\t<h2>L\u2019impact du conflit ukrainien et des tensions sur le march\u00e9 du gaz<\/h2><p>Le march\u00e9 du carbone a enregistr\u00e9 une forte correction pendant la premi\u00e8re semaine du mois de mars 2022, avec un prix de l\u2019EUA (\u00ab European Union Allowances \u00bb, les quotas d\u2019\u00e9mission sur l\u2019EU ETS), passant de 80 \u00e0 60 euros entre le 1<sup>er<\/sup> et le 7 mars 2022.<\/p><p>Face \u00e0 la crise ukrainienne et \u00e0 la flamb\u00e9e des prix des \u00e9nergies, le march\u00e9 a r\u00e9agi logiquement \u00e0 ses fondamentaux, en anticipant une r\u00e9duction des \u00e9missions \u00ab avant effort \u00bb, cons\u00e9quence d\u2019une contraction de l\u2019activit\u00e9 \u00e9conomique, et ainsi un affaiblissement de la contrainte prescrit par le m\u00e9canisme (la contrainte correspondant \u00e0 la diff\u00e9rence entre le niveau des \u00e9missions \u00ab avant effort \u00bb et le plafond en dessous duquel les \u00e9missions doivent \u00eatre ramen\u00e9es).<\/p><p>En outre, pendant cette p\u00e9riode, la tendance baissi\u00e8re sur l\u2019EU ETS a \u00e9t\u00e9 intensifi\u00e9e par les annonces faites par les autorit\u00e9s allemandes concernant la <a href=\"https:\/\/www.la-croix.com\/Economie\/LAllemagne-reflechit-prolongation-centrales-nucleaires-2022-03-01-1201202753\">volont\u00e9 de ne pas s\u2019opposer \u00ab id\u00e9ologiquement \u00bb \u00e0 l\u2019\u00e9nergie nucl\u00e9aire<\/a> pour faire face \u00e0 l\u2019envol\u00e9e du prix du gaz. Les cons\u00e9quences d\u2019une telle d\u00e9cision, si elle devait finalement se r\u00e9aliser (ce qui ne semble pas \u00eatre le cas), seraient une baisse des \u00e9missions \u00ab avant effort \u00bb pour le tr\u00e8s \u00e9metteur secteur allemand de l\u2019\u00e9lectricit\u00e9. L\u2019EU ETS a \u00e9galement r\u00e9agi \u00e0 cette information en diminuant au d\u00e9but du mois de mars.<\/p><p>Mais la correction observ\u00e9e d\u00e9but mars a d\u00e9pass\u00e9 les niveaux li\u00e9s \u00e0 l\u2019\u00e9volution des fondamentaux du march\u00e9 du carbone. La surr\u00e9action \u00e0 la baisse de l\u2019EU ETS est la cons\u00e9quence de l\u2019explosion du co\u00fbt des positions ouvertes sur les contrats financiers pour le gaz (les <a href=\"https:\/\/fr.wikipedia.org\/wiki\/Appel_de_marge\">\u00ab appels de marge \u00bb<\/a>) avec un prix du gaz passant de 120 \u00e0 230 euros par MWh entre le 1<sup>er<\/sup> et le 7 mars.<br \/><br \/><\/p><figure class=\"align-center \"><img decoding=\"async\" src=\"https:\/\/images.theconversation.com\/files\/460126\/original\/file-20220427-22-l67t3m.png?ixlib=rb-1.1.0&amp;q=45&amp;auto=format&amp;w=754&amp;fit=clip\" sizes=\"(min-width: 1466px) 754px, (max-width: 599px) 100vw, (min-width: 600px) 600px, 237px\" srcset=\"https:\/\/images.theconversation.com\/files\/460126\/original\/file-20220427-22-l67t3m.png?ixlib=rb-1.1.0&amp;q=45&amp;auto=format&amp;w=600&amp;h=319&amp;fit=crop&amp;dpr=1 600w, https:\/\/images.theconversation.com\/files\/460126\/original\/file-20220427-22-l67t3m.png?ixlib=rb-1.1.0&amp;q=30&amp;auto=format&amp;w=600&amp;h=319&amp;fit=crop&amp;dpr=2 1200w, https:\/\/images.theconversation.com\/files\/460126\/original\/file-20220427-22-l67t3m.png?ixlib=rb-1.1.0&amp;q=15&amp;auto=format&amp;w=600&amp;h=319&amp;fit=crop&amp;dpr=3 1800w, https:\/\/images.theconversation.com\/files\/460126\/original\/file-20220427-22-l67t3m.png?ixlib=rb-1.1.0&amp;q=45&amp;auto=format&amp;w=754&amp;h=401&amp;fit=crop&amp;dpr=1 754w, https:\/\/images.theconversation.com\/files\/460126\/original\/file-20220427-22-l67t3m.png?ixlib=rb-1.1.0&amp;q=30&amp;auto=format&amp;w=754&amp;h=401&amp;fit=crop&amp;dpr=2 1508w, https:\/\/images.theconversation.com\/files\/460126\/original\/file-20220427-22-l67t3m.png?ixlib=rb-1.1.0&amp;q=15&amp;auto=format&amp;w=754&amp;h=401&amp;fit=crop&amp;dpr=3 2262w\" alt=\"Prix de r\u00e9f\u00e9rence pour le gaz en Europe (contrats TTF)\" \/><figcaption><span class=\"caption\">Prix du gaz en Europe.<\/span><br \/><span class=\"attribution\"><span class=\"source\">theice.com<\/span><\/span><\/figcaption><\/figure><p><br \/>Face \u00e0 cette situation, d\u00e9but mars, la vente de quotas a permis de d\u00e9gager des liquidit\u00e9s pour <a href=\"https:\/\/www.theguardian.com\/environment\/2022\/mar\/02\/eu-carbon-permit-prices-crash-after-russian-invasion-of-ukraine\">faire face au co\u00fbt \u00e9norme des appels de marge sur le gaz<\/a>. Cela a accentu\u00e9 la baisse du prix du carbone au-del\u00e0 de la correction normale li\u00e9e \u00e0 la baisse des \u00e9missions \u00ab avant effort \u00bb.<\/p><p>Depuis, la flamb\u00e9e folle du prix du gaz s\u2019est calm\u00e9e : m\u00eame s\u2019il reste \u00e0 des niveaux extraordinairement \u00e9lev\u00e9s, le prix du gaz se situe depuis la mi-mars aux alentours de 110 euros par MWh, alors qu\u2019il atteignait pr\u00e8s de 230 euros le 7 mars dernier.<\/p><p>Cet \u00e9pisode est d\u2019autant plus surprenant qu\u2019il existe en temps normal une <a href=\"https:\/\/www.connaissancedesenergies.org\/quel-prix-fixer-la-tonne-de-co2-pour-reduire-les-emissions-du-secteur-electrique-220218\">corr\u00e9lation positive entre les prix du gaz et du carbone<\/a> : une augmentation du premier se traduisant par un recours accru aux centrales \u00e9lectriques au charbon (ces derni\u00e8res devenant plus comp\u00e9titives par rapport aux centrales gaz) avec pour cons\u00e9quence un accroissement des \u00e9missions \u00ab avant effort \u00bb et du prix du carbone.<\/p><p>Or, d\u00e9but mars, avec la vente de quotas pour financer le co\u00fbt de l\u2019augmentation du prix du gaz, la corr\u00e9lation a \u00e9t\u00e9 n\u00e9gative pendant une semaine. Du jamais vu.<\/p><p>L\u2019\u00e9pisode des appels de marge est pass\u00e9, le prix de l\u2019EUA est reparti \u00e0 la hausse et semble avoir trouv\u00e9 un nouvel \u00e9quilibre aux environs de 80 euros. Le march\u00e9 du carbone reste donc sensible aux rehaussements de ses objectifs \u00e0 long terme op\u00e9r\u00e9s ces derni\u00e8res ann\u00e9es, malgr\u00e9 la crise.<\/p>\t\t\t\t\t\t\t\t<\/div>\n\t\t\t\t<\/div>\n\t\t\t\t\t<\/div>\n\t\t<\/div>\n\t\t\t\t\t<\/div>\n\t\t<\/section>\n\t\t\t\t<section class=\"elementor-section elementor-top-section elementor-element elementor-element-abc513e elementor-section-boxed elementor-section-height-default elementor-section-height-default\" data-id=\"abc513e\" data-element_type=\"section\" data-e-type=\"section\">\n\t\t\t\t\t\t<div class=\"elementor-container elementor-column-gap-default\">\n\t\t\t\t\t<div class=\"elementor-column elementor-col-100 elementor-top-column elementor-element elementor-element-c3f6b12\" data-id=\"c3f6b12\" data-element_type=\"column\" data-e-type=\"column\">\n\t\t\t<div class=\"elementor-widget-wrap elementor-element-populated\">\n\t\t\t\t\t\t<div class=\"elementor-element elementor-element-ed71ee4 elementor-widget elementor-widget-spacer\" data-id=\"ed71ee4\" data-element_type=\"widget\" data-e-type=\"widget\" data-widget_type=\"spacer.default\">\n\t\t\t\t<div class=\"elementor-widget-container\">\n\t\t\t\t\t\t\t<div class=\"elementor-spacer\">\n\t\t\t<div class=\"elementor-spacer-inner\"><\/div>\n\t\t<\/div>\n\t\t\t\t\t\t<\/div>\n\t\t\t\t<\/div>\n\t\t\t\t<div class=\"elementor-element elementor-element-2a2d4de elementor-widget elementor-widget-text-editor\" data-id=\"2a2d4de\" data-element_type=\"widget\" data-e-type=\"widget\" data-widget_type=\"text-editor.default\">\n\t\t\t\t<div class=\"elementor-widget-container\">\n\t\t\t\t\t\t\t\t\t<h2>La n\u00e9cessit\u00e9 d\u2019avoir des objectifs stables et ambitieux pour le long terme<\/h2><p>Sur le long terme, la volont\u00e9 politique joue un r\u00f4le cl\u00e9. Sans cela, le march\u00e9 du CO<sub>2<\/sub> ne produit aucun effet. C\u2019est ce qui explique la faiblesse de l\u2019EU ETS entre 2008 et 2018, avant l\u2019adoption d\u2019un objectif pour l\u2019apr\u00e8s 2020.<\/p><p>En l\u2019absence d\u2019objectifs climatiques ambitieux, annonc\u00e9s longtemps \u00e0 l\u2019avance, il y a n\u00e9cessairement des rattrapages brutaux qui se font, quand sont compens\u00e9s, \u00e0 la h\u00e2te, les retards du pass\u00e9. Cela produit de l\u2019instabilit\u00e9 pour les entreprises, avec ou sans march\u00e9 du CO<sub>2<\/sub>.<\/p><p>Faire du march\u00e9 du CO<sub>2<\/sub> le seul responsable de ces retards et des rattrapages brutaux qui suivent, c\u2019est s\u2019attaquer au thermom\u00e8tre plut\u00f4t qu\u2019\u00e0 la maladie.<\/p><p>Ainsi faut-il interpr\u00e9ter l\u2019augmentation du prix du carbone en Europe et les niveaux records observ\u00e9s avant la guerre en Ukraine, non pas comme une surr\u00e9action \u00e0 des ph\u00e9nom\u00e8nes conjoncturels, mais plut\u00f4t comme les cons\u00e9quences des rattrapages op\u00e9r\u00e9s en 2020 et 2021 pour aligner, \u00e0 la h\u00e2te, l\u2019EU ETS sur les engagements pris par l\u2019Union europ\u00e9enne en 2015 dans le cadre de l\u2019Accord de Paris sur le climat.<\/p><p>C\u2019est l\u2019attentisme et le report des d\u00e9cisions qui sont coupables, pas le march\u00e9 du carbone.<\/p>\t\t\t\t\t\t\t\t<\/div>\n\t\t\t\t<\/div>\n\t\t\t\t\t<\/div>\n\t\t<\/div>\n\t\t\t\t\t<\/div>\n\t\t<\/section>\n\t\t\t\t<section class=\"elementor-section elementor-top-section elementor-element elementor-element-bb90c62 elementor-section-boxed elementor-section-height-default elementor-section-height-default\" data-id=\"bb90c62\" data-element_type=\"section\" data-e-type=\"section\">\n\t\t\t\t\t\t<div class=\"elementor-container elementor-column-gap-default\">\n\t\t\t\t\t<div class=\"elementor-column elementor-col-100 elementor-top-column elementor-element elementor-element-751a948\" data-id=\"751a948\" data-element_type=\"column\" data-e-type=\"column\">\n\t\t\t<div class=\"elementor-widget-wrap elementor-element-populated\">\n\t\t\t\t\t\t<div class=\"elementor-element elementor-element-2028671 elementor-widget elementor-widget-spacer\" data-id=\"2028671\" data-element_type=\"widget\" data-e-type=\"widget\" data-widget_type=\"spacer.default\">\n\t\t\t\t<div class=\"elementor-widget-container\">\n\t\t\t\t\t\t\t<div class=\"elementor-spacer\">\n\t\t\t<div class=\"elementor-spacer-inner\"><\/div>\n\t\t<\/div>\n\t\t\t\t\t\t<\/div>\n\t\t\t\t<\/div>\n\t\t\t\t<div class=\"elementor-element elementor-element-ca39e1f elementor-widget elementor-widget-text-editor\" data-id=\"ca39e1f\" data-element_type=\"widget\" data-e-type=\"widget\" data-widget_type=\"text-editor.default\">\n\t\t\t\t<div class=\"elementor-widget-container\">\n\t\t\t\t\t\t\t\t\t<h2>Le prix du carbone pour financer la transition<\/h2><p>Au-del\u00e0 de la n\u00e9cessit\u00e9 de mettre un prix sur la valeur associ\u00e9e \u00e0 la raret\u00e9 pour les \u00e9missions, seul le prix du carbone peut permettre de d\u00e9gager des recettes capables de <a href=\"https:\/\/theconversation.com\/fiscalite-verte-et-acceptabilite-sociale-pourquoi-ca-coince-108185\">financer les mesures n\u00e9cessaires \u00e0 l\u2019accompagnement<\/a> des m\u00e9nages et des entreprises dans la transition bas-carbone.<\/p><p>Sans prix du carbone, avec uniquement des normes qui plafonnent les \u00e9missions, nous subirons \u00e9galement tous les co\u00fbts associ\u00e9s \u00e0 la r\u00e9duction des \u00e9missions (ou alors on acte qu\u2019on ne veut pas r\u00e9duire les \u00e9missions pour ne pas en supporter le co\u00fbt\u2026), nous payerons le \u00ab prix implicite \u00bb du carbone, mais il n\u2019y aura aucune recette pour venir accompagner les m\u00e9nages et les entreprises en les aidant \u00e0 supporter le co\u00fbt de la transition.<\/p><p>Les ench\u00e8res de quotas pour le march\u00e9 europ\u00e9en du CO<sub>2<\/sub> donnent une bonne illustration : elles g\u00e9n\u00e8rent des revenus qui permettent de financer les mesures de soutien pour le d\u00e9veloppement des \u00e9nergies renouvelables.<\/p><p>Sans prix du carbone, nous aurons bien le co\u00fbt, mais pas les recettes pour financer les mesures d\u2019accompagnement. Seul le prix du carbone peut \u00e0 la fois r\u00e9duire les \u00e9missions et aider les m\u00e9nages et les entreprises \u00e0 r\u00e9aliser leurs transitions, en finan\u00e7ant les mesures d\u2019accompagnement et de soutien. Nous avons besoin du prix du carbone pour financer des \u00ab allocations climat \u00bb.<\/p><figure><iframe src=\"https:\/\/www.youtube.com\/embed\/0TJWfauqeWA?wmode=transparent&amp;start=0\" width=\"440\" height=\"260\" frameborder=\"0\" allowfullscreen=\"allowfullscreen\"><\/iframe><figcaption><span class=\"caption\">Avons-nous besoin d\u2019une fiscalit\u00e9 \u00e9cologique ? | Mireille Chiroleu-Assouline | TEDxTours.<\/span><\/figcaption><\/figure><p>\u00a0<\/p>\t\t\t\t\t\t\t\t<\/div>\n\t\t\t\t<\/div>\n\t\t\t\t\t<\/div>\n\t\t<\/div>\n\t\t\t\t\t<\/div>\n\t\t<\/section>\n\t\t\t\t<section class=\"elementor-section elementor-top-section elementor-element elementor-element-c5acf8f elementor-section-boxed elementor-section-height-default elementor-section-height-default\" data-id=\"c5acf8f\" data-element_type=\"section\" data-e-type=\"section\">\n\t\t\t\t\t\t<div class=\"elementor-container elementor-column-gap-default\">\n\t\t\t\t\t<div class=\"elementor-column elementor-col-100 elementor-top-column elementor-element elementor-element-f57e05d\" data-id=\"f57e05d\" data-element_type=\"column\" data-e-type=\"column\">\n\t\t\t<div class=\"elementor-widget-wrap elementor-element-populated\">\n\t\t\t\t\t\t<div class=\"elementor-element elementor-element-16fe87b elementor-widget elementor-widget-spacer\" data-id=\"16fe87b\" data-element_type=\"widget\" data-e-type=\"widget\" data-widget_type=\"spacer.default\">\n\t\t\t\t<div class=\"elementor-widget-container\">\n\t\t\t\t\t\t\t<div class=\"elementor-spacer\">\n\t\t\t<div class=\"elementor-spacer-inner\"><\/div>\n\t\t<\/div>\n\t\t\t\t\t\t<\/div>\n\t\t\t\t<\/div>\n\t\t\t\t<div class=\"elementor-element elementor-element-ab3684c elementor-widget elementor-widget-text-editor\" data-id=\"ab3684c\" data-element_type=\"widget\" data-e-type=\"widget\" data-widget_type=\"text-editor.default\">\n\t\t\t\t<div class=\"elementor-widget-container\">\n\t\t\t\t\t\t\t\t\t<h2>Le r\u00f4le cl\u00e9 de la volont\u00e9 politique<\/h2><p>Le march\u00e9 du carbone a une fonction importante. Il ne peut cependant pas \u00eatre la solution unique au probl\u00e8me du changement climatique. Il ne peut en aucun cas se substituer \u00e0 la volont\u00e9 politique.<\/p><p>En revanche, d\u00e9nier toute utilit\u00e9 au march\u00e9 du carbone sur la base d\u2019interpr\u00e9tations tronqu\u00e9es et erron\u00e9es constitue une autre d\u00e9rive. Faisons preuve de pragmatisme : r\u00e9gulons mieux l\u2019EU ETS sur le p\u00e9rim\u00e8tre o\u00f9 il est pertinent, celui des grandes entreprises capables de manipuler cet instrument.<\/p><p>Fixons des objectifs climatiques clairs et ambitieux, longtemps \u00e0 l\u2019avance. Utilisons mieux et davantage les m\u00e9canismes \u00e9conomiques capables d\u2019assurer une \u00e9volution moins heurt\u00e9e du prix des quotas, tels que la r\u00e9serve de stabilit\u00e9 introduite sur l\u2019EU ETS en 2019.<\/p>\t\t\t\t\t\t\t\t<\/div>\n\t\t\t\t<\/div>\n\t\t\t\t\t<\/div>\n\t\t<\/div>\n\t\t\t\t\t<\/div>\n\t\t<\/section>\n\t\t\t\t<section class=\"elementor-section elementor-top-section elementor-element elementor-element-51818a4 elementor-section-boxed elementor-section-height-default elementor-section-height-default\" data-id=\"51818a4\" data-element_type=\"section\" data-e-type=\"section\">\n\t\t\t\t\t\t<div class=\"elementor-container elementor-column-gap-default\">\n\t\t\t\t\t<div class=\"elementor-column elementor-col-100 elementor-top-column elementor-element elementor-element-1d5e96e\" data-id=\"1d5e96e\" data-element_type=\"column\" data-e-type=\"column\">\n\t\t\t<div class=\"elementor-widget-wrap elementor-element-populated\">\n\t\t\t\t\t\t<div class=\"elementor-element elementor-element-91438f1 elementor-widget-divider--view-line elementor-widget elementor-widget-divider\" data-id=\"91438f1\" data-element_type=\"widget\" data-e-type=\"widget\" data-widget_type=\"divider.default\">\n\t\t\t\t<div class=\"elementor-widget-container\">\n\t\t\t\t\t\t\t<div class=\"elementor-divider\">\n\t\t\t<span class=\"elementor-divider-separator\">\n\t\t\t\t\t\t<\/span>\n\t\t<\/div>\n\t\t\t\t\t\t<\/div>\n\t\t\t\t<\/div>\n\t\t\t\t\t<\/div>\n\t\t<\/div>\n\t\t\t\t\t<\/div>\n\t\t<\/section>\n\t\t\t\t<section class=\"elementor-section elementor-top-section elementor-element elementor-element-761c8c3 elementor-section-boxed elementor-section-height-default elementor-section-height-default\" data-id=\"761c8c3\" data-element_type=\"section\" data-e-type=\"section\">\n\t\t\t\t\t\t<div class=\"elementor-container elementor-column-gap-default\">\n\t\t\t\t\t<div class=\"elementor-column elementor-col-100 elementor-top-column elementor-element elementor-element-1698670\" data-id=\"1698670\" data-element_type=\"column\" data-e-type=\"column\">\n\t\t\t<div class=\"elementor-widget-wrap elementor-element-populated\">\n\t\t\t\t\t\t<div class=\"elementor-element elementor-element-b292f8b elementor-widget elementor-widget-text-editor\" data-id=\"b292f8b\" data-element_type=\"widget\" data-e-type=\"widget\" data-widget_type=\"text-editor.default\">\n\t\t\t\t<div class=\"elementor-widget-container\">\n\t\t\t\t\t\t\t\t\t<p><a href=\"https:\/\/theconversation.com\/profiles\/vincent-bertrand-425061\">Vincent Bertrand<\/a>, Ma\u00eetre de conf\u00e9rences, chercheur en \u00e9conomie de l\u2019\u00e9nergie, <em><a href=\"https:\/\/theconversation.com\/institutions\/universite-de-franche-comte-ubfc-2353\">Universit\u00e9 de Franche-Comt\u00e9 \u2013 UBFC<\/a><\/em><\/p><p>Cet article est republi\u00e9 \u00e0 partir de <a href=\"https:\/\/theconversation.com\">The Conversation<\/a> sous licence Creative Commons. Lire l\u2019<a href=\"https:\/\/theconversation.com\/debat-le-prix-du-carbone-pas-uniquement-guide-par-le-court-terme-178070\">article original<\/a>.<\/p>\t\t\t\t\t\t\t\t<\/div>\n\t\t\t\t<\/div>\n\t\t\t\t\t<\/div>\n\t\t<\/div>\n\t\t\t\t\t<\/div>\n\t\t<\/section>\n\t\t\t\t<\/div>\n\t\t","protected":false},"excerpt":{"rendered":"<p>Vincent Bertrand, Universit\u00e9 de Franche-Comt\u00e9 \u2013 UBFC Le march\u00e9 europ\u00e9en du CO2 bat des records. Apr\u00e8s dix ann\u00e9es de faiblesse structurelle entre 2008 et 2018, o\u00f9 le prix du carbone oscillait entre 5 et 10 euros en Europe, le prix des quotas d\u2019\u00e9mission a flirt\u00e9 avec la barre des 100 euros avant la crise ukrainienne. &hellip; <a href=\"https:\/\/www.ubfc.fr\/en\/debat-le-prix-du-carbone-pas-uniquement-guide-par-le-court-terme\/\">Continued<\/a><\/p>\n","protected":false},"author":60,"featured_media":58480,"comment_status":"open","ping_status":"closed","sticky":false,"template":"","format":"standard","meta":{"_acf_changed":false,"footnotes":""},"categories":[2062,2049,14],"class_list":["post-60665","post","type-post","status-publish","format-standard","has-post-thumbnail","hentry","category-culture-scientifique-et-technique","category-recherche","category-ubfc"],"acf":[],"yoast_head":"<!-- This site is optimized with the Yoast SEO plugin v27.4 - https:\/\/yoast.com\/product\/yoast-seo-wordpress\/ -->\n<title>D\u00e9bat : Le prix du carbone, pas uniquement guid\u00e9 par le court terme - COMUE Universit\u00e9 Bourgogne-Franche-Comt\u00e9<\/title>\n<meta name=\"robots\" content=\"index, follow, max-snippet:-1, max-image-preview:large, max-video-preview:-1\" \/>\n<link rel=\"canonical\" href=\"https:\/\/www.ubfc.fr\/en\/debat-le-prix-du-carbone-pas-uniquement-guide-par-le-court-terme\/\" \/>\n<meta property=\"og:locale\" content=\"en_US\" \/>\n<meta property=\"og:type\" content=\"article\" \/>\n<meta property=\"og:title\" content=\"D\u00e9bat : Le prix du carbone, pas uniquement guid\u00e9 par le court terme - COMUE Universit\u00e9 Bourgogne-Franche-Comt\u00e9\" \/>\n<meta property=\"og:description\" content=\"Vincent Bertrand, Universit\u00e9 de Franche-Comt\u00e9 \u2013 UBFC Le march\u00e9 europ\u00e9en du CO2 bat des records. Apr\u00e8s dix ann\u00e9es de faiblesse structurelle entre 2008 et 2018, o\u00f9 le prix du carbone oscillait entre 5 et 10 euros en Europe, le prix des quotas d\u2019\u00e9mission a flirt\u00e9 avec la barre des 100 euros avant la crise ukrainienne. &hellip; Continued\" \/>\n<meta property=\"og:url\" content=\"https:\/\/www.ubfc.fr\/en\/debat-le-prix-du-carbone-pas-uniquement-guide-par-le-court-terme\/\" \/>\n<meta property=\"og:site_name\" content=\"COMUE Universit\u00e9 Bourgogne-Franche-Comt\u00e9\" \/>\n<meta property=\"article:publisher\" content=\"https:\/\/www.facebook.com\/UnivBFC\/\" \/>\n<meta property=\"article:published_time\" content=\"2022-04-29T08:24:37+00:00\" \/>\n<meta property=\"article:modified_time\" content=\"2022-04-29T08:50:20+00:00\" \/>\n<meta property=\"og:image\" content=\"https:\/\/www.ubfc.fr\/wp-content\/uploads\/2022\/02\/the-conversation-vignette-actu.png\" \/>\n\t<meta property=\"og:image:width\" content=\"412\" \/>\n\t<meta property=\"og:image:height\" content=\"536\" \/>\n\t<meta property=\"og:image:type\" content=\"image\/png\" \/>\n<meta name=\"author\" content=\"Fanny Ajak\" \/>\n<meta name=\"twitter:card\" content=\"summary_large_image\" \/>\n<meta name=\"twitter:creator\" content=\"@univ_bfc\" \/>\n<meta name=\"twitter:site\" content=\"@univ_bfc\" \/>\n<meta name=\"twitter:label1\" content=\"Written by\" \/>\n\t<meta name=\"twitter:data1\" content=\"Fanny Ajak\" \/>\n\t<meta name=\"twitter:label2\" content=\"Est. reading time\" \/>\n\t<meta name=\"twitter:data2\" content=\"10 minutes\" \/>\n<script type=\"application\/ld+json\" class=\"yoast-schema-graph\">{\"@context\":\"https:\\\/\\\/schema.org\",\"@graph\":[{\"@type\":\"Article\",\"@id\":\"https:\\\/\\\/www.ubfc.fr\\\/en\\\/debat-le-prix-du-carbone-pas-uniquement-guide-par-le-court-terme\\\/#article\",\"isPartOf\":{\"@id\":\"https:\\\/\\\/www.ubfc.fr\\\/en\\\/debat-le-prix-du-carbone-pas-uniquement-guide-par-le-court-terme\\\/\"},\"author\":{\"name\":\"Fanny Ajak\",\"@id\":\"https:\\\/\\\/www.ubfc.fr\\\/#\\\/schema\\\/person\\\/692829a283f52bc4a247708371ee307a\"},\"headline\":\"D\u00e9bat : Le prix du carbone, pas uniquement guid\u00e9 par le court terme\",\"datePublished\":\"2022-04-29T08:24:37+00:00\",\"dateModified\":\"2022-04-29T08:50:20+00:00\",\"mainEntityOfPage\":{\"@id\":\"https:\\\/\\\/www.ubfc.fr\\\/en\\\/debat-le-prix-du-carbone-pas-uniquement-guide-par-le-court-terme\\\/\"},\"wordCount\":1938,\"commentCount\":0,\"publisher\":{\"@id\":\"https:\\\/\\\/www.ubfc.fr\\\/#organization\"},\"image\":{\"@id\":\"https:\\\/\\\/www.ubfc.fr\\\/en\\\/debat-le-prix-du-carbone-pas-uniquement-guide-par-le-court-terme\\\/#primaryimage\"},\"thumbnailUrl\":\"https:\\\/\\\/www.ubfc.fr\\\/wp-content\\\/uploads\\\/2022\\\/02\\\/the-conversation-vignette-actu.png\",\"articleSection\":[\"Culture scientifique et technique\",\"Recherche\",\"UBFC\"],\"inLanguage\":\"en-US\",\"potentialAction\":[{\"@type\":\"CommentAction\",\"name\":\"Comment\",\"target\":[\"https:\\\/\\\/www.ubfc.fr\\\/en\\\/debat-le-prix-du-carbone-pas-uniquement-guide-par-le-court-terme\\\/#respond\"]}]},{\"@type\":\"WebPage\",\"@id\":\"https:\\\/\\\/www.ubfc.fr\\\/en\\\/debat-le-prix-du-carbone-pas-uniquement-guide-par-le-court-terme\\\/\",\"url\":\"https:\\\/\\\/www.ubfc.fr\\\/en\\\/debat-le-prix-du-carbone-pas-uniquement-guide-par-le-court-terme\\\/\",\"name\":\"D\u00e9bat : Le prix du carbone, pas uniquement guid\u00e9 par le court terme - COMUE Universit\u00e9 Bourgogne-Franche-Comt\u00e9\",\"isPartOf\":{\"@id\":\"https:\\\/\\\/www.ubfc.fr\\\/#website\"},\"primaryImageOfPage\":{\"@id\":\"https:\\\/\\\/www.ubfc.fr\\\/en\\\/debat-le-prix-du-carbone-pas-uniquement-guide-par-le-court-terme\\\/#primaryimage\"},\"image\":{\"@id\":\"https:\\\/\\\/www.ubfc.fr\\\/en\\\/debat-le-prix-du-carbone-pas-uniquement-guide-par-le-court-terme\\\/#primaryimage\"},\"thumbnailUrl\":\"https:\\\/\\\/www.ubfc.fr\\\/wp-content\\\/uploads\\\/2022\\\/02\\\/the-conversation-vignette-actu.png\",\"datePublished\":\"2022-04-29T08:24:37+00:00\",\"dateModified\":\"2022-04-29T08:50:20+00:00\",\"breadcrumb\":{\"@id\":\"https:\\\/\\\/www.ubfc.fr\\\/en\\\/debat-le-prix-du-carbone-pas-uniquement-guide-par-le-court-terme\\\/#breadcrumb\"},\"inLanguage\":\"en-US\",\"potentialAction\":[{\"@type\":\"ReadAction\",\"target\":[\"https:\\\/\\\/www.ubfc.fr\\\/en\\\/debat-le-prix-du-carbone-pas-uniquement-guide-par-le-court-terme\\\/\"]}]},{\"@type\":\"ImageObject\",\"inLanguage\":\"en-US\",\"@id\":\"https:\\\/\\\/www.ubfc.fr\\\/en\\\/debat-le-prix-du-carbone-pas-uniquement-guide-par-le-court-terme\\\/#primaryimage\",\"url\":\"https:\\\/\\\/www.ubfc.fr\\\/wp-content\\\/uploads\\\/2022\\\/02\\\/the-conversation-vignette-actu.png\",\"contentUrl\":\"https:\\\/\\\/www.ubfc.fr\\\/wp-content\\\/uploads\\\/2022\\\/02\\\/the-conversation-vignette-actu.png\",\"width\":412,\"height\":536},{\"@type\":\"BreadcrumbList\",\"@id\":\"https:\\\/\\\/www.ubfc.fr\\\/en\\\/debat-le-prix-du-carbone-pas-uniquement-guide-par-le-court-terme\\\/#breadcrumb\",\"itemListElement\":[{\"@type\":\"ListItem\",\"position\":1,\"name\":\"Accueil\",\"item\":\"https:\\\/\\\/www.ubfc.fr\\\/en\\\/\"},{\"@type\":\"ListItem\",\"position\":2,\"name\":\"D\u00e9bat : Le prix du carbone, pas uniquement guid\u00e9 par le court terme\"}]},{\"@type\":\"WebSite\",\"@id\":\"https:\\\/\\\/www.ubfc.fr\\\/#website\",\"url\":\"https:\\\/\\\/www.ubfc.fr\\\/\",\"name\":\"COMUE Universit\u00e9 Bourgogne-Franche-Comt\u00e9\",\"description\":\"\",\"publisher\":{\"@id\":\"https:\\\/\\\/www.ubfc.fr\\\/#organization\"},\"potentialAction\":[{\"@type\":\"SearchAction\",\"target\":{\"@type\":\"EntryPoint\",\"urlTemplate\":\"https:\\\/\\\/www.ubfc.fr\\\/?s={search_term_string}\"},\"query-input\":{\"@type\":\"PropertyValueSpecification\",\"valueRequired\":true,\"valueName\":\"search_term_string\"}}],\"inLanguage\":\"en-US\"},{\"@type\":\"Organization\",\"@id\":\"https:\\\/\\\/www.ubfc.fr\\\/#organization\",\"name\":\"Universit\u00e9 Bourgogne-Franche-Comt\u00e9\",\"url\":\"https:\\\/\\\/www.ubfc.fr\\\/\",\"logo\":{\"@type\":\"ImageObject\",\"inLanguage\":\"en-US\",\"@id\":\"https:\\\/\\\/www.ubfc.fr\\\/#\\\/schema\\\/logo\\\/image\\\/\",\"url\":\"https:\\\/\\\/www.ubfc.fr\\\/wp-content\\\/uploads\\\/2022\\\/03\\\/vagueUBFC_favicon.png\",\"contentUrl\":\"https:\\\/\\\/www.ubfc.fr\\\/wp-content\\\/uploads\\\/2022\\\/03\\\/vagueUBFC_favicon.png\",\"width\":512,\"height\":512,\"caption\":\"Universit\u00e9 Bourgogne-Franche-Comt\u00e9\"},\"image\":{\"@id\":\"https:\\\/\\\/www.ubfc.fr\\\/#\\\/schema\\\/logo\\\/image\\\/\"},\"sameAs\":[\"https:\\\/\\\/www.facebook.com\\\/UnivBFC\\\/\",\"https:\\\/\\\/x.com\\\/univ_bfc\",\"https:\\\/\\\/www.linkedin.com\\\/school\\\/universitebourgognefranchecomte\\\/mycompany\\\/\"]},{\"@type\":\"Person\",\"@id\":\"https:\\\/\\\/www.ubfc.fr\\\/#\\\/schema\\\/person\\\/692829a283f52bc4a247708371ee307a\",\"name\":\"Fanny Ajak\"}]}<\/script>\n<!-- \/ Yoast SEO plugin. -->","yoast_head_json":{"title":"D\u00e9bat : Le prix du carbone, pas uniquement guid\u00e9 par le court terme - COMUE Universit\u00e9 Bourgogne-Franche-Comt\u00e9","robots":{"index":"index","follow":"follow","max-snippet":"max-snippet:-1","max-image-preview":"max-image-preview:large","max-video-preview":"max-video-preview:-1"},"canonical":"https:\/\/www.ubfc.fr\/en\/debat-le-prix-du-carbone-pas-uniquement-guide-par-le-court-terme\/","og_locale":"en_US","og_type":"article","og_title":"D\u00e9bat : Le prix du carbone, pas uniquement guid\u00e9 par le court terme - COMUE Universit\u00e9 Bourgogne-Franche-Comt\u00e9","og_description":"Vincent Bertrand, Universit\u00e9 de Franche-Comt\u00e9 \u2013 UBFC Le march\u00e9 europ\u00e9en du CO2 bat des records. Apr\u00e8s dix ann\u00e9es de faiblesse structurelle entre 2008 et 2018, o\u00f9 le prix du carbone oscillait entre 5 et 10 euros en Europe, le prix des quotas d\u2019\u00e9mission a flirt\u00e9 avec la barre des 100 euros avant la crise ukrainienne. &hellip; Continued","og_url":"https:\/\/www.ubfc.fr\/en\/debat-le-prix-du-carbone-pas-uniquement-guide-par-le-court-terme\/","og_site_name":"COMUE Universit\u00e9 Bourgogne-Franche-Comt\u00e9","article_publisher":"https:\/\/www.facebook.com\/UnivBFC\/","article_published_time":"2022-04-29T08:24:37+00:00","article_modified_time":"2022-04-29T08:50:20+00:00","og_image":[{"width":412,"height":536,"url":"https:\/\/www.ubfc.fr\/wp-content\/uploads\/2022\/02\/the-conversation-vignette-actu.png","type":"image\/png"}],"author":"Fanny Ajak","twitter_card":"summary_large_image","twitter_creator":"@univ_bfc","twitter_site":"@univ_bfc","twitter_misc":{"Written by":"Fanny Ajak","Est. reading time":"10 minutes"},"schema":{"@context":"https:\/\/schema.org","@graph":[{"@type":"Article","@id":"https:\/\/www.ubfc.fr\/en\/debat-le-prix-du-carbone-pas-uniquement-guide-par-le-court-terme\/#article","isPartOf":{"@id":"https:\/\/www.ubfc.fr\/en\/debat-le-prix-du-carbone-pas-uniquement-guide-par-le-court-terme\/"},"author":{"name":"Fanny Ajak","@id":"https:\/\/www.ubfc.fr\/#\/schema\/person\/692829a283f52bc4a247708371ee307a"},"headline":"D\u00e9bat : Le prix du carbone, pas uniquement guid\u00e9 par le court terme","datePublished":"2022-04-29T08:24:37+00:00","dateModified":"2022-04-29T08:50:20+00:00","mainEntityOfPage":{"@id":"https:\/\/www.ubfc.fr\/en\/debat-le-prix-du-carbone-pas-uniquement-guide-par-le-court-terme\/"},"wordCount":1938,"commentCount":0,"publisher":{"@id":"https:\/\/www.ubfc.fr\/#organization"},"image":{"@id":"https:\/\/www.ubfc.fr\/en\/debat-le-prix-du-carbone-pas-uniquement-guide-par-le-court-terme\/#primaryimage"},"thumbnailUrl":"https:\/\/www.ubfc.fr\/wp-content\/uploads\/2022\/02\/the-conversation-vignette-actu.png","articleSection":["Culture scientifique et technique","Recherche","UBFC"],"inLanguage":"en-US","potentialAction":[{"@type":"CommentAction","name":"Comment","target":["https:\/\/www.ubfc.fr\/en\/debat-le-prix-du-carbone-pas-uniquement-guide-par-le-court-terme\/#respond"]}]},{"@type":"WebPage","@id":"https:\/\/www.ubfc.fr\/en\/debat-le-prix-du-carbone-pas-uniquement-guide-par-le-court-terme\/","url":"https:\/\/www.ubfc.fr\/en\/debat-le-prix-du-carbone-pas-uniquement-guide-par-le-court-terme\/","name":"D\u00e9bat : Le prix du carbone, pas uniquement guid\u00e9 par le court terme - COMUE Universit\u00e9 Bourgogne-Franche-Comt\u00e9","isPartOf":{"@id":"https:\/\/www.ubfc.fr\/#website"},"primaryImageOfPage":{"@id":"https:\/\/www.ubfc.fr\/en\/debat-le-prix-du-carbone-pas-uniquement-guide-par-le-court-terme\/#primaryimage"},"image":{"@id":"https:\/\/www.ubfc.fr\/en\/debat-le-prix-du-carbone-pas-uniquement-guide-par-le-court-terme\/#primaryimage"},"thumbnailUrl":"https:\/\/www.ubfc.fr\/wp-content\/uploads\/2022\/02\/the-conversation-vignette-actu.png","datePublished":"2022-04-29T08:24:37+00:00","dateModified":"2022-04-29T08:50:20+00:00","breadcrumb":{"@id":"https:\/\/www.ubfc.fr\/en\/debat-le-prix-du-carbone-pas-uniquement-guide-par-le-court-terme\/#breadcrumb"},"inLanguage":"en-US","potentialAction":[{"@type":"ReadAction","target":["https:\/\/www.ubfc.fr\/en\/debat-le-prix-du-carbone-pas-uniquement-guide-par-le-court-terme\/"]}]},{"@type":"ImageObject","inLanguage":"en-US","@id":"https:\/\/www.ubfc.fr\/en\/debat-le-prix-du-carbone-pas-uniquement-guide-par-le-court-terme\/#primaryimage","url":"https:\/\/www.ubfc.fr\/wp-content\/uploads\/2022\/02\/the-conversation-vignette-actu.png","contentUrl":"https:\/\/www.ubfc.fr\/wp-content\/uploads\/2022\/02\/the-conversation-vignette-actu.png","width":412,"height":536},{"@type":"BreadcrumbList","@id":"https:\/\/www.ubfc.fr\/en\/debat-le-prix-du-carbone-pas-uniquement-guide-par-le-court-terme\/#breadcrumb","itemListElement":[{"@type":"ListItem","position":1,"name":"Accueil","item":"https:\/\/www.ubfc.fr\/en\/"},{"@type":"ListItem","position":2,"name":"D\u00e9bat : Le prix du carbone, pas uniquement guid\u00e9 par le court terme"}]},{"@type":"WebSite","@id":"https:\/\/www.ubfc.fr\/#website","url":"https:\/\/www.ubfc.fr\/","name":"COMUE Universit\u00e9 Bourgogne-Franche-Comt\u00e9","description":"","publisher":{"@id":"https:\/\/www.ubfc.fr\/#organization"},"potentialAction":[{"@type":"SearchAction","target":{"@type":"EntryPoint","urlTemplate":"https:\/\/www.ubfc.fr\/?s={search_term_string}"},"query-input":{"@type":"PropertyValueSpecification","valueRequired":true,"valueName":"search_term_string"}}],"inLanguage":"en-US"},{"@type":"Organization","@id":"https:\/\/www.ubfc.fr\/#organization","name":"Universit\u00e9 Bourgogne-Franche-Comt\u00e9","url":"https:\/\/www.ubfc.fr\/","logo":{"@type":"ImageObject","inLanguage":"en-US","@id":"https:\/\/www.ubfc.fr\/#\/schema\/logo\/image\/","url":"https:\/\/www.ubfc.fr\/wp-content\/uploads\/2022\/03\/vagueUBFC_favicon.png","contentUrl":"https:\/\/www.ubfc.fr\/wp-content\/uploads\/2022\/03\/vagueUBFC_favicon.png","width":512,"height":512,"caption":"Universit\u00e9 Bourgogne-Franche-Comt\u00e9"},"image":{"@id":"https:\/\/www.ubfc.fr\/#\/schema\/logo\/image\/"},"sameAs":["https:\/\/www.facebook.com\/UnivBFC\/","https:\/\/x.com\/univ_bfc","https:\/\/www.linkedin.com\/school\/universitebourgognefranchecomte\/mycompany\/"]},{"@type":"Person","@id":"https:\/\/www.ubfc.fr\/#\/schema\/person\/692829a283f52bc4a247708371ee307a","name":"Fanny Ajak"}]}},"_links":{"self":[{"href":"https:\/\/www.ubfc.fr\/en\/wp-json\/wp\/v2\/posts\/60665","targetHints":{"allow":["GET"]}}],"collection":[{"href":"https:\/\/www.ubfc.fr\/en\/wp-json\/wp\/v2\/posts"}],"about":[{"href":"https:\/\/www.ubfc.fr\/en\/wp-json\/wp\/v2\/types\/post"}],"author":[{"embeddable":true,"href":"https:\/\/www.ubfc.fr\/en\/wp-json\/wp\/v2\/users\/60"}],"replies":[{"embeddable":true,"href":"https:\/\/www.ubfc.fr\/en\/wp-json\/wp\/v2\/comments?post=60665"}],"version-history":[{"count":0,"href":"https:\/\/www.ubfc.fr\/en\/wp-json\/wp\/v2\/posts\/60665\/revisions"}],"wp:featuredmedia":[{"embeddable":true,"href":"https:\/\/www.ubfc.fr\/en\/wp-json\/wp\/v2\/media\/58480"}],"wp:attachment":[{"href":"https:\/\/www.ubfc.fr\/en\/wp-json\/wp\/v2\/media?parent=60665"}],"wp:term":[{"taxonomy":"category","embeddable":true,"href":"https:\/\/www.ubfc.fr\/en\/wp-json\/wp\/v2\/categories?post=60665"}],"curies":[{"name":"wp","href":"https:\/\/api.w.org\/{rel}","templated":true}]}}