{"id":59405,"date":"2022-03-15T11:28:05","date_gmt":"2022-03-15T10:28:05","guid":{"rendered":"https:\/\/www.ubfc.fr\/?p=59405"},"modified":"2022-03-15T14:21:30","modified_gmt":"2022-03-15T13:21:30","slug":"bonnes-feuilles-de-chamonix-a-beijing-un-siecle-dolympisme-en-hiver","status":"publish","type":"post","link":"https:\/\/www.ubfc.fr\/en\/bonnes-feuilles-de-chamonix-a-beijing-un-siecle-dolympisme-en-hiver\/","title":{"rendered":"Bonnes feuilles : \u00ab De Chamonix \u00e0 Beijing. Un si\u00e8cle d\u2019olympisme en hiver \u00bb"},"content":{"rendered":"\t\t<div data-elementor-type=\"wp-post\" data-elementor-id=\"59405\" class=\"elementor elementor-59405\" data-elementor-post-type=\"post\">\n\t\t\t\t\t\t<section class=\"elementor-section elementor-top-section elementor-element elementor-element-629912e elementor-section-boxed elementor-section-height-default elementor-section-height-default\" data-id=\"629912e\" data-element_type=\"section\" data-e-type=\"section\">\n\t\t\t\t\t\t<div class=\"elementor-container elementor-column-gap-default\">\n\t\t\t\t\t<div class=\"elementor-column elementor-col-100 elementor-top-column elementor-element elementor-element-f5bc468\" data-id=\"f5bc468\" data-element_type=\"column\" data-e-type=\"column\">\n\t\t\t<div class=\"elementor-widget-wrap elementor-element-populated\">\n\t\t\t\t\t\t<div class=\"elementor-element elementor-element-29ad358 elementor-widget elementor-widget-text-editor\" data-id=\"29ad358\" data-element_type=\"widget\" data-e-type=\"widget\" data-widget_type=\"text-editor.default\">\n\t\t\t\t<div class=\"elementor-widget-container\">\n\t\t\t\t\t\t\t\t\t<figure><img decoding=\"async\" src=\"https:\/\/images.theconversation.com\/files\/446804\/original\/file-20220216-16-4mbful.jpg?ixlib=rb-1.1.0&amp;rect=0%2C10%2C6988%2C5050&amp;q=45&amp;auto=format&amp;w=754&amp;fit=clip\" \/><figcaption>Le tremplin olympique du Mont lors du concours de saut \u00e0 ski de 1924.\n<span class=\"attribution\"><a class=\"source\" href=\"https:\/\/fr.wikipedia.org\/wiki\/Jeux_olympiques_d%27hiver_de_1924#\/media\/Fichier:JO_hiver_1924_03.jpg\">Agence de presse Meurisse\/Wikipedia<\/a><\/span><\/figcaption><\/figure>\t\t\t\t\t\t\t\t<\/div>\n\t\t\t\t<\/div>\n\t\t\t\t\t<\/div>\n\t\t<\/div>\n\t\t\t\t\t<\/div>\n\t\t<\/section>\n\t\t\t\t<section class=\"elementor-section elementor-top-section elementor-element elementor-element-0f6495d elementor-section-boxed elementor-section-height-default elementor-section-height-default\" data-id=\"0f6495d\" data-element_type=\"section\" data-e-type=\"section\">\n\t\t\t\t\t\t<div class=\"elementor-container elementor-column-gap-default\">\n\t\t\t\t\t<div class=\"elementor-column elementor-col-100 elementor-top-column elementor-element elementor-element-1f3b8c3\" data-id=\"1f3b8c3\" data-element_type=\"column\" data-e-type=\"column\">\n\t\t\t<div class=\"elementor-widget-wrap elementor-element-populated\">\n\t\t\t\t\t\t<div class=\"elementor-element elementor-element-f4aa980 elementor-widget elementor-widget-text-editor\" data-id=\"f4aa980\" data-element_type=\"widget\" data-e-type=\"widget\" data-widget_type=\"text-editor.default\">\n\t\t\t\t<div class=\"elementor-widget-container\">\n\t\t\t\t\t\t\t\t\t<p><a href=\"https:\/\/theconversation.com\/profiles\/eric-monnin-1319122\">\u00c9ric Monnin<\/a>, <em><a href=\"https:\/\/theconversation.com\/institutions\/universite-de-franche-comte-ubfc-2353\">Universit\u00e9 de Franche-Comt\u00e9 \u2013 UBFC<\/a><\/em><\/p>\t\t\t\t\t\t\t\t<\/div>\n\t\t\t\t<\/div>\n\t\t\t\t\t<\/div>\n\t\t<\/div>\n\t\t\t\t\t<\/div>\n\t\t<\/section>\n\t\t\t\t<section class=\"elementor-section elementor-top-section elementor-element elementor-element-1ae3756 elementor-section-boxed elementor-section-height-default elementor-section-height-default\" data-id=\"1ae3756\" data-element_type=\"section\" data-e-type=\"section\">\n\t\t\t\t\t\t<div class=\"elementor-container elementor-column-gap-default\">\n\t\t\t\t\t<div class=\"elementor-column elementor-col-100 elementor-top-column elementor-element elementor-element-f45d366\" data-id=\"f45d366\" data-element_type=\"column\" data-e-type=\"column\">\n\t\t\t<div class=\"elementor-widget-wrap elementor-element-populated\">\n\t\t\t\t\t\t<div class=\"elementor-element elementor-element-8ae05ce elementor-widget elementor-widget-text-editor\" data-id=\"8ae05ce\" data-element_type=\"widget\" data-e-type=\"widget\" data-widget_type=\"text-editor.default\">\n\t\t\t\t<div class=\"elementor-widget-container\">\n\t\t\t\t\t\t\t\t\t<p>Le 23 juin 1894, lors du congr\u00e8s de l\u2019Union des soci\u00e9t\u00e9s fran\u00e7aises de sports athl\u00e9tiques (USFSA), Pierre de Coubertin, dans le grand amphith\u00e9\u00e2tre de la Sorbonne, proclame le r\u00e9tablissement des Jeux olympiques de l\u2019\u00e8re moderne. \u00c0 cette occasion, devant la popularit\u00e9 des sports de glace, le congr\u00e8s adopte le patinage comme \u00e9preuve olympique. Concernant le ski, il faut attendre les Jeux de Chamonix en 1924.<\/p><p>Deux ans plus tard, les premiers Jeux olympiques se d\u00e9roulent \u00e0 Ath\u00e8nes du 6 au 15 avril 1896. Deux cent quatre-vingts athl\u00e8tes prennent part aux \u00e9preuves.<\/p><p>\u00c0 la suite des d\u00e9cisions du congr\u00e8s deux ans auparavant, le patinage doit figurer parmi les disciplines au programme des Jeux. Mais il n\u2019en est rien, faute de pouvoir disposer d\u2019une patinoire artificielle ou de bassins glac\u00e9s. D\u2019autres initiatives sont tent\u00e9es pour inclure les sports de glace dans les Jeux mais toujours avec beaucoup de difficult\u00e9s.<\/p><p>En 1908, aux IVes Jeux olympiques de Londres, organis\u00e9s du 27 avril au 21 octobre, le patinage fait son entr\u00e9e comme discipline olympique. Trois types d\u2019\u00e9preuves sont organis\u00e9s : hommes, femmes et couple. Aucun Fran\u00e7ais ne participe \u00e0 ces \u00e9preuves o\u00f9 l\u2019on constate la supr\u00e9matie des Su\u00e9dois, et plus sp\u00e9cialement du fameux <a href=\"https:\/\/fr.wikipedia.org\/wiki\/Ulrich_Salchow\">Ulrich Salchow<\/a>, des Allemands et des Anglais pour les \u00e9preuves individuelles femmes et en couple.<\/p><p>Dans ses <a href=\"https:\/\/fr.wikisource.org\/wiki\/Livre:Coubertin_-_M%C3%A9moires_olympiques,_1931.djvu\"><em>M\u00e9moires olympiques<\/em><\/a>, le Baron Pierre de Coubertin revient sur ces Jeux de Londres qui lui apparaissent peu satisfaisants par leur d\u00e9coupage. Ils se d\u00e9roulent en deux parties : jeux d\u2019\u00e9t\u00e9 et jeux d\u2019automne. Le patinage figure dans ces derniers. Selon lui, \u00ab ce n\u2019\u00e9tait pas une heureuse solution, mais les pr\u00e9jug\u00e9s r\u00e9gnant sur l\u2019Angleterre concernant les saisons sportives l\u2019avaient rendue n\u00e9cessaire \u00bb.<\/p><p>Aux Jeux suivants, qui ont lieu du 5 au 22 juillet 1912 \u00e0 Stockholm, en Su\u00e8de, le patinage artistique est annul\u00e9. Les Scandinaves ne veulent \u00e0 aucun prix organiser des Jeux d\u2019hiver. Les Norv\u00e9giens et les Su\u00e9dois craignent fortement la concurrence de ces jeux avec ceux qu\u2019ils organisent depuis 1900, appel\u00e9s Jeux du Nord. Certains sugg\u00e8rent m\u00eame de les appeler Jeux d\u2019hiver en leur donnant un num\u00e9ro comme les Jeux olympiques.<\/p><p>Pierre de Coubertin, dans ses <em>M\u00e9moires olympiques<\/em>, souligne les difficult\u00e9s rencontr\u00e9es par ces Jeux d\u2019hiver. Londres, qui poss\u00e8de un \u00ab palais de glace \u00bb, a pu organiser en 1908 des \u00e9preuves satisfaisantes. Mais en 1912, la ville de Stockholm a saisi avec empressement l\u2019argument qu\u2019elle ne poss\u00e8de aucune infrastructure pour organiser des \u00e9preuves de patinage. Ainsi, les Scandinaves ont \u00e9chapp\u00e9 \u00e0 la fin des Jeux du Nord. N\u00e9anmoins, il appara\u00eet incontournable, pour Pierre de Coubertin, d\u2019inclure les sports d\u2019hiver dans le programme olympique car ils rassemblent un grand nombre de nations.<\/p><p>Mais comment inclure les sports d\u2019\u00e9t\u00e9 avec ceux d\u2019hiver ? Il n\u2019est pas concevable d\u2019exiger \u00ab des pays organisateurs des Jeux olympiques qu\u2019ils \u00e9rigent une cha\u00eene de montagnes, achet\u00e9e d\u2019occasion, ou faite sur mesure \u00bb. Pierre de Coubertin pense qu\u2019il faut constituer une sorte de cycle d\u2019automne reli\u00e9 aux Jeux d\u2019\u00e9t\u00e9. \u00ab C\u2019\u00e9tait \u00e9videmment l\u2019unique solution, pleine d\u2019inconv\u00e9nients quand m\u00eame \u00bb.<\/p><p>Lors des Jeux olympiques de 1920, organis\u00e9s du 23 avril au 12 septembre \u00e0 Anvers, en Belgique, le patinage, avec ses trois types d\u2019\u00e9preuves, r\u00e9appara\u00eet, accompagn\u00e9 d\u00e9sormais du hockey sur glace. Quant \u00e0 la d\u00e9l\u00e9gation fran\u00e7aise, elle compte dans ses rangs un couple de patineurs : Simone et Charles Sabouret qui se classent septi\u00e8mes de l\u2019\u00e9preuve en couple, remport\u00e9e par les Finlandais Ludowika et Walter Jacobsson.<\/p><p>Les Scandinaves sont de plus en plus agac\u00e9s par ce type d\u2019\u00e9preuves et s\u2019opposent \u00e0 toute tentative d\u2019int\u00e9grer les sports d\u2019hiver dans les Jeux d\u2019\u00e9t\u00e9.<\/p><p>Pierre de Coubertin a un souci majeur, celui d\u2019\u00e9tablir l\u2019\u00e9galit\u00e9 entre chaque sport. D\u00e9sormais, les sports d\u2019hiver sont aussi importants que les sports d\u2019\u00e9t\u00e9. Mais les Norv\u00e9giens, les Finlandais et les Su\u00e9dois ne souhaitent en aucun cas qu\u2019une autre nation g\u00e8re ces \u00e9preuves. Les Scandinaves veulent conserver leur monopole dans le cirque blanc par le biais de leurs Jeux du Nord. Par ailleurs, ils pensent que personne ne peut \u00eatre aussi comp\u00e9tent qu\u2019eux pour organiser ces Jeux.<\/p><p>Lors du septi\u00e8me congr\u00e8s de Lausanne, organis\u00e9 en juin 1921, Pierre de Coubertin, en fin diplomate, met en place une rencontre entre sp\u00e9cialistes des Jeux d\u2019hiver.<\/p><p>Finalement, au terme du congr\u00e8s, on d\u00e9cide de ne pas cr\u00e9er des Jeux d\u2019hiver, pour ne pas froisser les Scandinaves, mais d\u2019organiser tout simplement une \u00ab semaine de sports d\u2019hiver \u00bb. Pierre de Coubertin l\u2019\u00e9crit clairement dans ses <em>M\u00e9moires olympiques<\/em> : \u00ab Finalement il fut entendu que la France si elle \u00e9tait d\u00e9sign\u00e9e (elle ne l\u2019\u00e9tait pas encore, mais ne pouvait pas ne pas l\u2019\u00eatre) aurait le droit d\u2019organiser en 1924 \u00e0 Chamonix, une semaine de sports d\u2019hiver, \u00e0 laquelle le Comit\u00e9 international olympique donnerait son patronage mais qui ne ferait pas partie des Jeux.<\/p><p>Cette d\u00e9cision ravit de nombreux pays entour\u00e9s de montagnes tels que l\u2019Allemagne ou l\u2019Autriche qui manifestent un grand enthousiasme pour les sports d\u2019hiver.<\/p><p>Pierre de Coubertin \u00e9crit alors que \u00ab les Jeux d\u2019hiver n\u2019en \u00e9taient pas moins fond\u00e9s malgr\u00e9 les Scandinaves qui finissent par renoncer \u00e0 leur intransigeance et comprendre qu\u2019en face de la Suisse et du Canada notamment, ils ne pouvaient plus se r\u00e9clamer du monopole de fait qu\u2019ils avaient longtemps exerc\u00e9 \u00bb.<\/p><p>Sous la pr\u00e9sidence du baron Pierre de Coubertin se tient la 24<sup>e<\/sup> session du CIO \u00e0 l\u2019h\u00f4tel de ville de Prague, du 26 au 28 mai 1925. Le principal objectif de cette session consiste \u00e0 pr\u00e9parer les dossiers qui seront d\u00e9battus au congr\u00e8s qui d\u00e9bute le 29 mai. Durant la s\u00e9ance du mercredi matin 27 mai, le CIO aborde la question des sports d\u2019hiver et, notamment, \u00ab il a \u00e9t\u00e9 propos\u00e9 de les grouper en un cycle sp\u00e9cial. M. de Polignac appuie chaleureusement un tel projet \u00bb. Durant la s\u00e9ance de l\u2019apr\u00e8s-midi, le marquis Melchior de Polignac, membre fran\u00e7ais du CIO, pr\u00e9sente la charte des Jeux d\u2019hiver sugg\u00e9r\u00e9e par la commission ex\u00e9cutive.<\/p><p>Le texte, apr\u00e8s quelques modifications, est adopt\u00e9 : \u00ab Le Comit\u00e9 international olympique institue un cycle distinct de Jeux olympiques d\u2019hiver. Ces Jeux auront lieu la m\u00eame ann\u00e9e que les Jeux olympiques. Ils prendront le nom de premiers, deuxi\u00e8mes, troisi\u00e8mes Jeux olympiques d\u2019hiver et seront soumis \u00e0 toutes les r\u00e8gles du protocole olympique. Les prix, m\u00e9dailles, dipl\u00f4mes et documents divers devront \u00eatre diff\u00e9rents de ceux employ\u00e9s pour les Jeux de l\u2019olympiade en cours (le terme olympiade ne sera pas employ\u00e9). Le Comit\u00e9 international olympique d\u00e9signera la localit\u00e9 o\u00f9 seront c\u00e9l\u00e9br\u00e9s les Jeux olympiques d\u2019hiver, en r\u00e9servant la priorit\u00e9 au pays d\u00e9tenteur des Jeux de l\u2019olympiade \u00e0 la condition que ce dernier puisse fournir les garanties suffisantes de sa capacit\u00e9 d\u2019organiser les Jeux d\u2019hiver dans leur ensemble \u00bb.<\/p><p>\u00c0 l\u2019issue de la session, le jeudi 28 mai, le comte Henry de Baillet-Latour est \u00e9lu pr\u00e9sident du CIO pour une dur\u00e9e de huit ann\u00e9es (1925 \u00e0 1933).<\/p><p>Le lendemain de cette \u00e9lection s\u2019ouvre le huiti\u00e8me congr\u00e8s, qui se d\u00e9roule toujours \u00e0 Prague du 29 mai au 4 juin 1925. C\u2019est en r\u00e9alit\u00e9 un double congr\u00e8s : p\u00e9dagogique et technique.<\/p><p>La commission VI du congr\u00e8s technique doit traiter du point 12 de l\u2019ordre du jour : \u00ab Questions sp\u00e9ciales concernant les Jeux d\u2019hiver. Projet d\u2019un cycle distinct. \u00bb Cette commission est pr\u00e9sid\u00e9e par le comte Clary et se compose de : baron de Blonay, Dr Diem, Dr Frey (avec voix consultative), Schlesinger, Hearne, Mulqueen, Stenberg, Bonacossa, Falchenberg, Hirschy, R\u00f6ssler-Orovsky et Lucassen.<\/p><p>Le dimanche 31 mai \u00e0 la Maison municipale de Prague, la commission VI pr\u00e9sente son rapport au congr\u00e8s. Deux points majeurs sont retenus par la commission \u00e0 l\u2019unanimit\u00e9 moins une voix : l\u2019institution d\u2019un cycle de Jeux olympiques d\u2019hiver et le v\u0153u de nommer Premiers Jeux olympiques d\u2019hiver, les Jeux d\u2019hiver c\u00e9l\u00e9br\u00e9s \u00e0 Chamonix en 1924. \u00c0 l\u2019issue des d\u00e9bats, le congr\u00e8s approuve la d\u00e9cision d\u2019instituer un cycle de Jeux olympiques d\u2019hiver. Quant \u00e0 la question d\u2019accorder le titre de Premiers Jeux olympiques d\u2019hiver \u00e0 Chamonix, cette d\u00e9cision est mise au vote :<\/p><blockquote><p>\u00ab Le Pr\u00e9sident demande \u00e0 l\u2019assembl\u00e9e de voter sur l\u2019opportunit\u00e9 d\u2019un v\u0153u \u00e0 exprimer au CIO afin de faire donner le titre de \u201cPremiers Jeux olympiques d\u2019hiver\u201d aux Jeux Chamonix 1924. Le congr\u00e8s se prononce en faveur de ce v\u0153u par 45 voix contre 15. MM. De Rosen, Falchenberg, Hulbert, Thompson, Lewald et Sander demandent qu\u2019il soit pris acte qu\u2019ils votent contre. \u00bb<\/p><\/blockquote><p>\u00c0 Lisbonne, \u00e0 l\u2019occasion de la 25<sup>e<\/sup> session, les membres du CIO ont vot\u00e9, le jeudi 6 mai 1926, trois d\u00e9cisions importantes :<\/p><blockquote><p>\u00ab Saint-Moritz est d\u00e9sign\u00e9 pour la c\u00e9l\u00e9bration des Jeux d\u2019hiver de 1928 [par 22 voix et une abstention] ;<\/p><p>L\u2019attribution du titre de 1<sup>er<\/sup>s Jeux olympiques d\u2019hiver aux Jeux de Chamonix 1924 est d\u00e9cid\u00e9e ;<\/p><p>La dur\u00e9e des Jeux d\u2019hiver est limit\u00e9e \u00e0 huit jours, dont deux dimanches. \u00bb<\/p><\/blockquote><figure class=\"align-right \"><img fetchpriority=\"high\" decoding=\"async\" class=\"aligncenter\" src=\"https:\/\/images.theconversation.com\/files\/446802\/original\/file-20220216-22-186g90m.jpg?ixlib=rb-1.1.0&amp;q=45&amp;auto=format&amp;w=237&amp;fit=clip\" sizes=\"(min-width: 1466px) 754px, (max-width: 599px) 100vw, (min-width: 600px) 600px, 237px\" srcset=\"https:\/\/images.theconversation.com\/files\/446802\/original\/file-20220216-22-186g90m.jpg?ixlib=rb-1.1.0&amp;q=45&amp;auto=format&amp;w=600&amp;h=813&amp;fit=crop&amp;dpr=1 600w, https:\/\/images.theconversation.com\/files\/446802\/original\/file-20220216-22-186g90m.jpg?ixlib=rb-1.1.0&amp;q=30&amp;auto=format&amp;w=600&amp;h=813&amp;fit=crop&amp;dpr=2 1200w, https:\/\/images.theconversation.com\/files\/446802\/original\/file-20220216-22-186g90m.jpg?ixlib=rb-1.1.0&amp;q=15&amp;auto=format&amp;w=600&amp;h=813&amp;fit=crop&amp;dpr=3 1800w, https:\/\/images.theconversation.com\/files\/446802\/original\/file-20220216-22-186g90m.jpg?ixlib=rb-1.1.0&amp;q=45&amp;auto=format&amp;w=754&amp;h=1021&amp;fit=crop&amp;dpr=1 754w, https:\/\/images.theconversation.com\/files\/446802\/original\/file-20220216-22-186g90m.jpg?ixlib=rb-1.1.0&amp;q=30&amp;auto=format&amp;w=754&amp;h=1021&amp;fit=crop&amp;dpr=2 1508w, https:\/\/images.theconversation.com\/files\/446802\/original\/file-20220216-22-186g90m.jpg?ixlib=rb-1.1.0&amp;q=15&amp;auto=format&amp;w=754&amp;h=1021&amp;fit=crop&amp;dpr=3 2262w\" alt=\"\" width=\"504\" height=\"683\" \/><figcaption><span class=\"caption\">Couverture du livre <em>De Chamonix \u00e0 Beijing. Un si\u00e8cle d\u2019olympisme en hiver<\/em>.<\/span><br \/><span class=\"attribution\"><span class=\"license\">Fourni par l&#8217;auteur<\/span><\/span><\/figcaption><\/figure><p>Cette d\u00e9cision constitue une victoire pour Pierre de Coubertin qui quittera officiellement la pr\u00e9sidence du CIO le 1<sup>er<\/sup> septembre 1925. Il annonce que \u00ab les Jeux d\u2019hiver avaient victoire compl\u00e8te. Nos coll\u00e8gues scandinaves convaincus et convertis s\u2019\u00e9taient ralli\u00e9s sans restriction. J\u2019en \u00e9tais heureux, ayant toujours souhait\u00e9 voir cette annexe hivernale d\u00fbment l\u00e9galis\u00e9e, mais je me reproche d\u2019avoir alors laiss\u00e9 p\u00e9n\u00e9trer dans mes codes, sous le titre de Charte des Jeux d\u2019hiver, un texte qui pourra cr\u00e9er des embarras. Il e\u00fbt fallu au contraire interdire tout num\u00e9rotage \u00e0 part et donner \u00e0 ces concours le num\u00e9ro de l\u2019olympiade en cours. \u00bb<\/p><p>Les Jeux olympiques d\u2019hiver sont enfin reconnus en tant que tels, au m\u00eame titre que les Jeux olympiques d\u2019\u00e9t\u00e9. Apr\u00e8s ces querelles d\u2019influence, Chamonix devient la premi\u00e8re station de sports d\u2019hiver \u00e0 organiser cet \u00e9v\u00e9nement plan\u00e9taire. Ainsi, 1924 marque le grand d\u00e9but de l\u2019\u00e8re des Jeux olympiques d\u2019hiver.<\/p>\t\t\t\t\t\t\t\t<\/div>\n\t\t\t\t<\/div>\n\t\t\t\t\t<\/div>\n\t\t<\/div>\n\t\t\t\t\t<\/div>\n\t\t<\/section>\n\t\t\t\t<section class=\"elementor-section elementor-top-section elementor-element elementor-element-2fab1a9 elementor-section-boxed elementor-section-height-default elementor-section-height-default\" data-id=\"2fab1a9\" data-element_type=\"section\" data-e-type=\"section\">\n\t\t\t\t\t\t<div class=\"elementor-container elementor-column-gap-default\">\n\t\t\t\t\t<div class=\"elementor-column elementor-col-100 elementor-top-column elementor-element elementor-element-113b811\" data-id=\"113b811\" data-element_type=\"column\" data-e-type=\"column\">\n\t\t\t<div class=\"elementor-widget-wrap elementor-element-populated\">\n\t\t\t\t\t\t<div class=\"elementor-element elementor-element-9f20eff elementor-widget elementor-widget-text-editor\" data-id=\"9f20eff\" data-element_type=\"widget\" data-e-type=\"widget\" data-widget_type=\"text-editor.default\">\n\t\t\t\t<div class=\"elementor-widget-container\">\n\t\t\t\t\t\t\t\t\t<p><em>Cet extrait est issu de l\u2019ouvrage \u00ab De Chamonix \u00e0 Beijing. Un si\u00e8cle d\u2019olympisme en hiver \u00bb publi\u00e9 aux \u00e9ditions D\u00e9siris.<\/em><\/p><p><a href=\"https:\/\/theconversation.com\/profiles\/eric-monnin-1319122\">\u00c9ric Monnin<\/a>, Vice-Pr\u00e9sident de l&#8217;Universit\u00e9 de Franche-Comt\u00e9 et Directeur du Centre d\u2019\u00e9tudes et de recherches olympiques universitaires (CEROU), <em><a href=\"https:\/\/theconversation.com\/institutions\/universite-de-franche-comte-ubfc-2353\">Universit\u00e9 de Franche-Comt\u00e9 \u2013 UBFC<\/a><\/em><\/p><p>Cet article est republi\u00e9 \u00e0 partir de <a href=\"https:\/\/theconversation.com\">The Conversation<\/a> sous licence Creative Commons. Lire l\u2019<a href=\"https:\/\/theconversation.com\/bonnes-feuilles-de-chamonix-a-beijing-un-siecle-dolympisme-en-hiver-177261\">article original<\/a>.<\/p>\t\t\t\t\t\t\t\t<\/div>\n\t\t\t\t<\/div>\n\t\t\t\t\t<\/div>\n\t\t<\/div>\n\t\t\t\t\t<\/div>\n\t\t<\/section>\n\t\t\t\t<section class=\"elementor-section elementor-top-section elementor-element elementor-element-6e507eb elementor-section-boxed elementor-section-height-default elementor-section-height-default\" data-id=\"6e507eb\" data-element_type=\"section\" data-e-type=\"section\">\n\t\t\t\t\t\t<div class=\"elementor-container elementor-column-gap-default\">\n\t\t\t\t\t<div class=\"elementor-column elementor-col-100 elementor-top-column elementor-element elementor-element-06614fb\" data-id=\"06614fb\" data-element_type=\"column\" data-e-type=\"column\">\n\t\t\t<div class=\"elementor-widget-wrap elementor-element-populated\">\n\t\t\t\t\t\t<div class=\"elementor-element elementor-element-12c488e elementor-widget elementor-widget-text-editor\" data-id=\"12c488e\" data-element_type=\"widget\" data-e-type=\"widget\" data-widget_type=\"text-editor.default\">\n\t\t\t\t<div class=\"elementor-widget-container\">\n\t\t\t\t\t\t\t\t\t<img decoding=\"async\" src=\"https:\/\/counter.theconversation.com\/content\/177261\/count.gif?distributor=republish-lightbox-advanced\" alt=\"The Conversation\" width=\"1\" height=\"1\" style=\"border: none !important; box-shadow: none !important; margin: 0 !important; max-height: 1px !important; max-width: 1px !important; min-height: 1px !important; min-width: 1px !important; opacity: 0 !important; outline: none !important; padding: 0 !important; text-shadow: none !important\" \/>\n\t\t\t\t\t\t\t\t<\/div>\n\t\t\t\t<\/div>\n\t\t\t\t\t<\/div>\n\t\t<\/div>\n\t\t\t\t\t<\/div>\n\t\t<\/section>\n\t\t\t\t<\/div>\n\t\t","protected":false},"excerpt":{"rendered":"<p>Le tremplin olympique du Mont lors du concours de saut \u00e0 ski de 1924. Agence de presse Meurisse\/Wikipedia \u00c9ric Monnin, Universit\u00e9 de Franche-Comt\u00e9 \u2013 UBFC Le 23 juin 1894, lors du congr\u00e8s de l\u2019Union des soci\u00e9t\u00e9s fran\u00e7aises de sports athl\u00e9tiques (USFSA), Pierre de Coubertin, dans le grand amphith\u00e9\u00e2tre de la Sorbonne, proclame le r\u00e9tablissement des &hellip; <a href=\"https:\/\/www.ubfc.fr\/en\/bonnes-feuilles-de-chamonix-a-beijing-un-siecle-dolympisme-en-hiver\/\">Continued<\/a><\/p>\n","protected":false},"author":60,"featured_media":58480,"comment_status":"open","ping_status":"closed","sticky":false,"template":"","format":"standard","meta":{"_acf_changed":false,"footnotes":""},"categories":[2062,2049,14],"class_list":["post-59405","post","type-post","status-publish","format-standard","has-post-thumbnail","hentry","category-culture-scientifique-et-technique","category-recherche","category-ubfc"],"acf":[],"yoast_head":"<!-- This site is optimized with the Yoast SEO plugin v27.4 - https:\/\/yoast.com\/product\/yoast-seo-wordpress\/ -->\n<title>Bonnes feuilles : \u00ab De Chamonix \u00e0 Beijing. Un si\u00e8cle d\u2019olympisme en hiver \u00bb - COMUE Universit\u00e9 Bourgogne-Franche-Comt\u00e9<\/title>\n<meta name=\"robots\" content=\"index, follow, max-snippet:-1, max-image-preview:large, max-video-preview:-1\" \/>\n<link rel=\"canonical\" href=\"https:\/\/www.ubfc.fr\/bonnes-feuilles-de-chamonix-a-beijing-un-siecle-dolympisme-en-hiver\/\" \/>\n<meta property=\"og:locale\" content=\"en_US\" \/>\n<meta property=\"og:type\" content=\"article\" \/>\n<meta property=\"og:title\" content=\"Bonnes feuilles : \u00ab De Chamonix \u00e0 Beijing. Un si\u00e8cle d\u2019olympisme en hiver \u00bb - COMUE Universit\u00e9 Bourgogne-Franche-Comt\u00e9\" \/>\n<meta property=\"og:description\" content=\"Le tremplin olympique du Mont lors du concours de saut \u00e0 ski de 1924. Agence de presse Meurisse\/Wikipedia \u00c9ric Monnin, Universit\u00e9 de Franche-Comt\u00e9 \u2013 UBFC Le 23 juin 1894, lors du congr\u00e8s de l\u2019Union des soci\u00e9t\u00e9s fran\u00e7aises de sports athl\u00e9tiques (USFSA), Pierre de Coubertin, dans le grand amphith\u00e9\u00e2tre de la Sorbonne, proclame le r\u00e9tablissement des &hellip; Continued\" \/>\n<meta property=\"og:url\" content=\"https:\/\/www.ubfc.fr\/bonnes-feuilles-de-chamonix-a-beijing-un-siecle-dolympisme-en-hiver\/\" \/>\n<meta property=\"og:site_name\" content=\"COMUE Universit\u00e9 Bourgogne-Franche-Comt\u00e9\" \/>\n<meta property=\"article:publisher\" content=\"https:\/\/www.facebook.com\/UnivBFC\/\" \/>\n<meta property=\"article:published_time\" content=\"2022-03-15T10:28:05+00:00\" \/>\n<meta property=\"article:modified_time\" content=\"2022-03-15T13:21:30+00:00\" \/>\n<meta property=\"og:image\" content=\"https:\/\/www.ubfc.fr\/wp-content\/uploads\/2022\/02\/the-conversation-vignette-actu.png\" \/>\n\t<meta property=\"og:image:width\" content=\"412\" \/>\n\t<meta property=\"og:image:height\" content=\"536\" \/>\n\t<meta property=\"og:image:type\" content=\"image\/png\" \/>\n<meta name=\"author\" content=\"Fanny Ajak\" \/>\n<meta name=\"twitter:card\" content=\"summary_large_image\" \/>\n<meta name=\"twitter:creator\" content=\"@univ_bfc\" \/>\n<meta name=\"twitter:site\" content=\"@univ_bfc\" \/>\n<meta name=\"twitter:label1\" content=\"Written by\" \/>\n\t<meta name=\"twitter:data1\" content=\"Fanny Ajak\" \/>\n\t<meta name=\"twitter:label2\" content=\"Est. reading time\" \/>\n\t<meta name=\"twitter:data2\" content=\"10 minutes\" \/>\n<script type=\"application\/ld+json\" class=\"yoast-schema-graph\">{\"@context\":\"https:\\\/\\\/schema.org\",\"@graph\":[{\"@type\":\"Article\",\"@id\":\"https:\\\/\\\/www.ubfc.fr\\\/bonnes-feuilles-de-chamonix-a-beijing-un-siecle-dolympisme-en-hiver\\\/#article\",\"isPartOf\":{\"@id\":\"https:\\\/\\\/www.ubfc.fr\\\/bonnes-feuilles-de-chamonix-a-beijing-un-siecle-dolympisme-en-hiver\\\/\"},\"author\":{\"name\":\"Fanny Ajak\",\"@id\":\"https:\\\/\\\/www.ubfc.fr\\\/#\\\/schema\\\/person\\\/692829a283f52bc4a247708371ee307a\"},\"headline\":\"Bonnes feuilles : \u00ab De Chamonix \u00e0 Beijing. Un si\u00e8cle d\u2019olympisme en hiver \u00bb\",\"datePublished\":\"2022-03-15T10:28:05+00:00\",\"dateModified\":\"2022-03-15T13:21:30+00:00\",\"mainEntityOfPage\":{\"@id\":\"https:\\\/\\\/www.ubfc.fr\\\/bonnes-feuilles-de-chamonix-a-beijing-un-siecle-dolympisme-en-hiver\\\/\"},\"wordCount\":1875,\"commentCount\":0,\"publisher\":{\"@id\":\"https:\\\/\\\/www.ubfc.fr\\\/#organization\"},\"image\":{\"@id\":\"https:\\\/\\\/www.ubfc.fr\\\/bonnes-feuilles-de-chamonix-a-beijing-un-siecle-dolympisme-en-hiver\\\/#primaryimage\"},\"thumbnailUrl\":\"https:\\\/\\\/www.ubfc.fr\\\/wp-content\\\/uploads\\\/2022\\\/02\\\/the-conversation-vignette-actu.png\",\"articleSection\":[\"Culture scientifique et technique\",\"Recherche\",\"UBFC\"],\"inLanguage\":\"en-US\",\"potentialAction\":[{\"@type\":\"CommentAction\",\"name\":\"Comment\",\"target\":[\"https:\\\/\\\/www.ubfc.fr\\\/bonnes-feuilles-de-chamonix-a-beijing-un-siecle-dolympisme-en-hiver\\\/#respond\"]}]},{\"@type\":\"WebPage\",\"@id\":\"https:\\\/\\\/www.ubfc.fr\\\/bonnes-feuilles-de-chamonix-a-beijing-un-siecle-dolympisme-en-hiver\\\/\",\"url\":\"https:\\\/\\\/www.ubfc.fr\\\/bonnes-feuilles-de-chamonix-a-beijing-un-siecle-dolympisme-en-hiver\\\/\",\"name\":\"Bonnes feuilles : \u00ab De Chamonix \u00e0 Beijing. Un si\u00e8cle d\u2019olympisme en hiver \u00bb - COMUE Universit\u00e9 Bourgogne-Franche-Comt\u00e9\",\"isPartOf\":{\"@id\":\"https:\\\/\\\/www.ubfc.fr\\\/#website\"},\"primaryImageOfPage\":{\"@id\":\"https:\\\/\\\/www.ubfc.fr\\\/bonnes-feuilles-de-chamonix-a-beijing-un-siecle-dolympisme-en-hiver\\\/#primaryimage\"},\"image\":{\"@id\":\"https:\\\/\\\/www.ubfc.fr\\\/bonnes-feuilles-de-chamonix-a-beijing-un-siecle-dolympisme-en-hiver\\\/#primaryimage\"},\"thumbnailUrl\":\"https:\\\/\\\/www.ubfc.fr\\\/wp-content\\\/uploads\\\/2022\\\/02\\\/the-conversation-vignette-actu.png\",\"datePublished\":\"2022-03-15T10:28:05+00:00\",\"dateModified\":\"2022-03-15T13:21:30+00:00\",\"breadcrumb\":{\"@id\":\"https:\\\/\\\/www.ubfc.fr\\\/bonnes-feuilles-de-chamonix-a-beijing-un-siecle-dolympisme-en-hiver\\\/#breadcrumb\"},\"inLanguage\":\"en-US\",\"potentialAction\":[{\"@type\":\"ReadAction\",\"target\":[\"https:\\\/\\\/www.ubfc.fr\\\/bonnes-feuilles-de-chamonix-a-beijing-un-siecle-dolympisme-en-hiver\\\/\"]}]},{\"@type\":\"ImageObject\",\"inLanguage\":\"en-US\",\"@id\":\"https:\\\/\\\/www.ubfc.fr\\\/bonnes-feuilles-de-chamonix-a-beijing-un-siecle-dolympisme-en-hiver\\\/#primaryimage\",\"url\":\"https:\\\/\\\/www.ubfc.fr\\\/wp-content\\\/uploads\\\/2022\\\/02\\\/the-conversation-vignette-actu.png\",\"contentUrl\":\"https:\\\/\\\/www.ubfc.fr\\\/wp-content\\\/uploads\\\/2022\\\/02\\\/the-conversation-vignette-actu.png\",\"width\":412,\"height\":536},{\"@type\":\"BreadcrumbList\",\"@id\":\"https:\\\/\\\/www.ubfc.fr\\\/bonnes-feuilles-de-chamonix-a-beijing-un-siecle-dolympisme-en-hiver\\\/#breadcrumb\",\"itemListElement\":[{\"@type\":\"ListItem\",\"position\":1,\"name\":\"Accueil\",\"item\":\"https:\\\/\\\/www.ubfc.fr\\\/en\\\/\"},{\"@type\":\"ListItem\",\"position\":2,\"name\":\"Bonnes feuilles : \u00ab De Chamonix \u00e0 Beijing. Un si\u00e8cle d\u2019olympisme en hiver \u00bb\"}]},{\"@type\":\"WebSite\",\"@id\":\"https:\\\/\\\/www.ubfc.fr\\\/#website\",\"url\":\"https:\\\/\\\/www.ubfc.fr\\\/\",\"name\":\"COMUE Universit\u00e9 Bourgogne-Franche-Comt\u00e9\",\"description\":\"\",\"publisher\":{\"@id\":\"https:\\\/\\\/www.ubfc.fr\\\/#organization\"},\"potentialAction\":[{\"@type\":\"SearchAction\",\"target\":{\"@type\":\"EntryPoint\",\"urlTemplate\":\"https:\\\/\\\/www.ubfc.fr\\\/?s={search_term_string}\"},\"query-input\":{\"@type\":\"PropertyValueSpecification\",\"valueRequired\":true,\"valueName\":\"search_term_string\"}}],\"inLanguage\":\"en-US\"},{\"@type\":\"Organization\",\"@id\":\"https:\\\/\\\/www.ubfc.fr\\\/#organization\",\"name\":\"Universit\u00e9 Bourgogne-Franche-Comt\u00e9\",\"url\":\"https:\\\/\\\/www.ubfc.fr\\\/\",\"logo\":{\"@type\":\"ImageObject\",\"inLanguage\":\"en-US\",\"@id\":\"https:\\\/\\\/www.ubfc.fr\\\/#\\\/schema\\\/logo\\\/image\\\/\",\"url\":\"https:\\\/\\\/www.ubfc.fr\\\/wp-content\\\/uploads\\\/2022\\\/03\\\/vagueUBFC_favicon.png\",\"contentUrl\":\"https:\\\/\\\/www.ubfc.fr\\\/wp-content\\\/uploads\\\/2022\\\/03\\\/vagueUBFC_favicon.png\",\"width\":512,\"height\":512,\"caption\":\"Universit\u00e9 Bourgogne-Franche-Comt\u00e9\"},\"image\":{\"@id\":\"https:\\\/\\\/www.ubfc.fr\\\/#\\\/schema\\\/logo\\\/image\\\/\"},\"sameAs\":[\"https:\\\/\\\/www.facebook.com\\\/UnivBFC\\\/\",\"https:\\\/\\\/x.com\\\/univ_bfc\",\"https:\\\/\\\/www.linkedin.com\\\/school\\\/universitebourgognefranchecomte\\\/mycompany\\\/\"]},{\"@type\":\"Person\",\"@id\":\"https:\\\/\\\/www.ubfc.fr\\\/#\\\/schema\\\/person\\\/692829a283f52bc4a247708371ee307a\",\"name\":\"Fanny Ajak\"}]}<\/script>\n<!-- \/ Yoast SEO plugin. -->","yoast_head_json":{"title":"Bonnes feuilles : \u00ab De Chamonix \u00e0 Beijing. Un si\u00e8cle d\u2019olympisme en hiver \u00bb - COMUE Universit\u00e9 Bourgogne-Franche-Comt\u00e9","robots":{"index":"index","follow":"follow","max-snippet":"max-snippet:-1","max-image-preview":"max-image-preview:large","max-video-preview":"max-video-preview:-1"},"canonical":"https:\/\/www.ubfc.fr\/bonnes-feuilles-de-chamonix-a-beijing-un-siecle-dolympisme-en-hiver\/","og_locale":"en_US","og_type":"article","og_title":"Bonnes feuilles : \u00ab De Chamonix \u00e0 Beijing. Un si\u00e8cle d\u2019olympisme en hiver \u00bb - COMUE Universit\u00e9 Bourgogne-Franche-Comt\u00e9","og_description":"Le tremplin olympique du Mont lors du concours de saut \u00e0 ski de 1924. Agence de presse Meurisse\/Wikipedia \u00c9ric Monnin, Universit\u00e9 de Franche-Comt\u00e9 \u2013 UBFC Le 23 juin 1894, lors du congr\u00e8s de l\u2019Union des soci\u00e9t\u00e9s fran\u00e7aises de sports athl\u00e9tiques (USFSA), Pierre de Coubertin, dans le grand amphith\u00e9\u00e2tre de la Sorbonne, proclame le r\u00e9tablissement des &hellip; Continued","og_url":"https:\/\/www.ubfc.fr\/bonnes-feuilles-de-chamonix-a-beijing-un-siecle-dolympisme-en-hiver\/","og_site_name":"COMUE Universit\u00e9 Bourgogne-Franche-Comt\u00e9","article_publisher":"https:\/\/www.facebook.com\/UnivBFC\/","article_published_time":"2022-03-15T10:28:05+00:00","article_modified_time":"2022-03-15T13:21:30+00:00","og_image":[{"width":412,"height":536,"url":"https:\/\/www.ubfc.fr\/wp-content\/uploads\/2022\/02\/the-conversation-vignette-actu.png","type":"image\/png"}],"author":"Fanny Ajak","twitter_card":"summary_large_image","twitter_creator":"@univ_bfc","twitter_site":"@univ_bfc","twitter_misc":{"Written by":"Fanny Ajak","Est. reading time":"10 minutes"},"schema":{"@context":"https:\/\/schema.org","@graph":[{"@type":"Article","@id":"https:\/\/www.ubfc.fr\/bonnes-feuilles-de-chamonix-a-beijing-un-siecle-dolympisme-en-hiver\/#article","isPartOf":{"@id":"https:\/\/www.ubfc.fr\/bonnes-feuilles-de-chamonix-a-beijing-un-siecle-dolympisme-en-hiver\/"},"author":{"name":"Fanny Ajak","@id":"https:\/\/www.ubfc.fr\/#\/schema\/person\/692829a283f52bc4a247708371ee307a"},"headline":"Bonnes feuilles : \u00ab De Chamonix \u00e0 Beijing. Un si\u00e8cle d\u2019olympisme en hiver \u00bb","datePublished":"2022-03-15T10:28:05+00:00","dateModified":"2022-03-15T13:21:30+00:00","mainEntityOfPage":{"@id":"https:\/\/www.ubfc.fr\/bonnes-feuilles-de-chamonix-a-beijing-un-siecle-dolympisme-en-hiver\/"},"wordCount":1875,"commentCount":0,"publisher":{"@id":"https:\/\/www.ubfc.fr\/#organization"},"image":{"@id":"https:\/\/www.ubfc.fr\/bonnes-feuilles-de-chamonix-a-beijing-un-siecle-dolympisme-en-hiver\/#primaryimage"},"thumbnailUrl":"https:\/\/www.ubfc.fr\/wp-content\/uploads\/2022\/02\/the-conversation-vignette-actu.png","articleSection":["Culture scientifique et technique","Recherche","UBFC"],"inLanguage":"en-US","potentialAction":[{"@type":"CommentAction","name":"Comment","target":["https:\/\/www.ubfc.fr\/bonnes-feuilles-de-chamonix-a-beijing-un-siecle-dolympisme-en-hiver\/#respond"]}]},{"@type":"WebPage","@id":"https:\/\/www.ubfc.fr\/bonnes-feuilles-de-chamonix-a-beijing-un-siecle-dolympisme-en-hiver\/","url":"https:\/\/www.ubfc.fr\/bonnes-feuilles-de-chamonix-a-beijing-un-siecle-dolympisme-en-hiver\/","name":"Bonnes feuilles : \u00ab De Chamonix \u00e0 Beijing. Un si\u00e8cle d\u2019olympisme en hiver \u00bb - COMUE Universit\u00e9 Bourgogne-Franche-Comt\u00e9","isPartOf":{"@id":"https:\/\/www.ubfc.fr\/#website"},"primaryImageOfPage":{"@id":"https:\/\/www.ubfc.fr\/bonnes-feuilles-de-chamonix-a-beijing-un-siecle-dolympisme-en-hiver\/#primaryimage"},"image":{"@id":"https:\/\/www.ubfc.fr\/bonnes-feuilles-de-chamonix-a-beijing-un-siecle-dolympisme-en-hiver\/#primaryimage"},"thumbnailUrl":"https:\/\/www.ubfc.fr\/wp-content\/uploads\/2022\/02\/the-conversation-vignette-actu.png","datePublished":"2022-03-15T10:28:05+00:00","dateModified":"2022-03-15T13:21:30+00:00","breadcrumb":{"@id":"https:\/\/www.ubfc.fr\/bonnes-feuilles-de-chamonix-a-beijing-un-siecle-dolympisme-en-hiver\/#breadcrumb"},"inLanguage":"en-US","potentialAction":[{"@type":"ReadAction","target":["https:\/\/www.ubfc.fr\/bonnes-feuilles-de-chamonix-a-beijing-un-siecle-dolympisme-en-hiver\/"]}]},{"@type":"ImageObject","inLanguage":"en-US","@id":"https:\/\/www.ubfc.fr\/bonnes-feuilles-de-chamonix-a-beijing-un-siecle-dolympisme-en-hiver\/#primaryimage","url":"https:\/\/www.ubfc.fr\/wp-content\/uploads\/2022\/02\/the-conversation-vignette-actu.png","contentUrl":"https:\/\/www.ubfc.fr\/wp-content\/uploads\/2022\/02\/the-conversation-vignette-actu.png","width":412,"height":536},{"@type":"BreadcrumbList","@id":"https:\/\/www.ubfc.fr\/bonnes-feuilles-de-chamonix-a-beijing-un-siecle-dolympisme-en-hiver\/#breadcrumb","itemListElement":[{"@type":"ListItem","position":1,"name":"Accueil","item":"https:\/\/www.ubfc.fr\/en\/"},{"@type":"ListItem","position":2,"name":"Bonnes feuilles : \u00ab De Chamonix \u00e0 Beijing. Un si\u00e8cle d\u2019olympisme en hiver \u00bb"}]},{"@type":"WebSite","@id":"https:\/\/www.ubfc.fr\/#website","url":"https:\/\/www.ubfc.fr\/","name":"COMUE Universit\u00e9 Bourgogne-Franche-Comt\u00e9","description":"","publisher":{"@id":"https:\/\/www.ubfc.fr\/#organization"},"potentialAction":[{"@type":"SearchAction","target":{"@type":"EntryPoint","urlTemplate":"https:\/\/www.ubfc.fr\/?s={search_term_string}"},"query-input":{"@type":"PropertyValueSpecification","valueRequired":true,"valueName":"search_term_string"}}],"inLanguage":"en-US"},{"@type":"Organization","@id":"https:\/\/www.ubfc.fr\/#organization","name":"Universit\u00e9 Bourgogne-Franche-Comt\u00e9","url":"https:\/\/www.ubfc.fr\/","logo":{"@type":"ImageObject","inLanguage":"en-US","@id":"https:\/\/www.ubfc.fr\/#\/schema\/logo\/image\/","url":"https:\/\/www.ubfc.fr\/wp-content\/uploads\/2022\/03\/vagueUBFC_favicon.png","contentUrl":"https:\/\/www.ubfc.fr\/wp-content\/uploads\/2022\/03\/vagueUBFC_favicon.png","width":512,"height":512,"caption":"Universit\u00e9 Bourgogne-Franche-Comt\u00e9"},"image":{"@id":"https:\/\/www.ubfc.fr\/#\/schema\/logo\/image\/"},"sameAs":["https:\/\/www.facebook.com\/UnivBFC\/","https:\/\/x.com\/univ_bfc","https:\/\/www.linkedin.com\/school\/universitebourgognefranchecomte\/mycompany\/"]},{"@type":"Person","@id":"https:\/\/www.ubfc.fr\/#\/schema\/person\/692829a283f52bc4a247708371ee307a","name":"Fanny Ajak"}]}},"_links":{"self":[{"href":"https:\/\/www.ubfc.fr\/en\/wp-json\/wp\/v2\/posts\/59405","targetHints":{"allow":["GET"]}}],"collection":[{"href":"https:\/\/www.ubfc.fr\/en\/wp-json\/wp\/v2\/posts"}],"about":[{"href":"https:\/\/www.ubfc.fr\/en\/wp-json\/wp\/v2\/types\/post"}],"author":[{"embeddable":true,"href":"https:\/\/www.ubfc.fr\/en\/wp-json\/wp\/v2\/users\/60"}],"replies":[{"embeddable":true,"href":"https:\/\/www.ubfc.fr\/en\/wp-json\/wp\/v2\/comments?post=59405"}],"version-history":[{"count":0,"href":"https:\/\/www.ubfc.fr\/en\/wp-json\/wp\/v2\/posts\/59405\/revisions"}],"wp:featuredmedia":[{"embeddable":true,"href":"https:\/\/www.ubfc.fr\/en\/wp-json\/wp\/v2\/media\/58480"}],"wp:attachment":[{"href":"https:\/\/www.ubfc.fr\/en\/wp-json\/wp\/v2\/media?parent=59405"}],"wp:term":[{"taxonomy":"category","embeddable":true,"href":"https:\/\/www.ubfc.fr\/en\/wp-json\/wp\/v2\/categories?post=59405"}],"curies":[{"name":"wp","href":"https:\/\/api.w.org\/{rel}","templated":true}]}}