{"id":59357,"date":"2022-03-15T09:12:24","date_gmt":"2022-03-15T08:12:24","guid":{"rendered":"https:\/\/www.ubfc.fr\/?p=59357"},"modified":"2022-03-17T10:32:50","modified_gmt":"2022-03-17T09:32:50","slug":"emmanuel-macron-president-candidat-rassembleur-et-aseptise","status":"publish","type":"post","link":"https:\/\/www.ubfc.fr\/en\/emmanuel-macron-president-candidat-rassembleur-et-aseptise\/","title":{"rendered":"Emmanuel Macron, pr\u00e9sident candidat rassembleur et aseptis\u00e9"},"content":{"rendered":"\t\t<div data-elementor-type=\"wp-post\" data-elementor-id=\"59357\" class=\"elementor elementor-59357\" data-elementor-post-type=\"post\">\n\t\t\t\t\t\t<section class=\"elementor-section elementor-top-section elementor-element elementor-element-257aef3 elementor-section-boxed elementor-section-height-default elementor-section-height-default\" data-id=\"257aef3\" data-element_type=\"section\" data-e-type=\"section\">\n\t\t\t\t\t\t<div class=\"elementor-container elementor-column-gap-default\">\n\t\t\t\t\t<div class=\"elementor-column elementor-col-100 elementor-top-column elementor-element elementor-element-442ed28\" data-id=\"442ed28\" data-element_type=\"column\" data-e-type=\"column\">\n\t\t\t<div class=\"elementor-widget-wrap elementor-element-populated\">\n\t\t\t\t\t\t<div class=\"elementor-element elementor-element-af619e8 elementor-widget elementor-widget-text-editor\" data-id=\"af619e8\" data-element_type=\"widget\" data-e-type=\"widget\" data-widget_type=\"text-editor.default\">\n\t\t\t\t<div class=\"elementor-widget-container\">\n\t\t\t\t\t\t\t\t\t<p><a href=\"https:\/\/theconversation.com\/profiles\/claude-patriat-209887\">Claude Patriat<\/a>, <em><a href=\"https:\/\/theconversation.com\/institutions\/universite-de-bourgogne-ubfc-2288\">Universit\u00e9 de Bourgogne \u2013 UBFC<\/a><\/em><\/p>\t\t\t\t\t\t\t\t<\/div>\n\t\t\t\t<\/div>\n\t\t\t\t\t<\/div>\n\t\t<\/div>\n\t\t\t\t\t<\/div>\n\t\t<\/section>\n\t\t\t\t<section class=\"elementor-section elementor-top-section elementor-element elementor-element-3d3aea7 elementor-section-boxed elementor-section-height-default elementor-section-height-default\" data-id=\"3d3aea7\" data-element_type=\"section\" data-e-type=\"section\">\n\t\t\t\t\t\t<div class=\"elementor-container elementor-column-gap-default\">\n\t\t\t\t\t<div class=\"elementor-column elementor-col-100 elementor-top-column elementor-element elementor-element-a136490\" data-id=\"a136490\" data-element_type=\"column\" data-e-type=\"column\">\n\t\t\t<div class=\"elementor-widget-wrap elementor-element-populated\">\n\t\t\t\t\t\t<div class=\"elementor-element elementor-element-4bf81c9 elementor-widget elementor-widget-text-editor\" data-id=\"4bf81c9\" data-element_type=\"widget\" data-e-type=\"widget\" data-widget_type=\"text-editor.default\">\n\t\t\t\t<div class=\"elementor-widget-container\">\n\t\t\t\t\t\t\t\t\t<p>Il s\u2019est voulu pr\u00e9sident du \u00ab en m\u00eame temps \u00bb, mais il n\u2019avait certainement pas pr\u00e9vu le sc\u00e9nario ukrainien.<\/p><p>\u00c9quilibre difficile \u00e0 tenir par un seul et m\u00eame homme : pr\u00e9sident candidat, Emmanuel Macron doit d\u00e9sormais en tant que chef d\u2019\u00c9tat faire face \u00e0 une guerre mena\u00e7ant la d\u00e9mocratie et les valeurs europ\u00e9ennes ; en tant que candidat, il s\u2019oblige \u00e0 ne pas n\u00e9gliger la confrontation d\u00e9mocratique interne et \u00e0 ne pas \u00e9craser la concurrence sous le poids des circonstances.<\/p><p>D\u2019o\u00f9 cette <a href=\"https:\/\/www.bfmtv.com\/politique\/elections\/presidentielle\/document-bfmtv-la-lettre-aux-francais-d-emmanuel-macron-dans-lequel-il-annonce-sa-candidature_AN-202203030605.html\">Lettre aux Fran\u00e7ais<\/a>, avec un convenu qui confirme l\u2019attendu.<\/p><p>La d\u00e9claration de candidature \u00e9tait un passage formellement oblig\u00e9, la lettre en constitue une mani\u00e8re de service minimum.<\/p>\t\t\t\t\t\t\t\t<\/div>\n\t\t\t\t<\/div>\n\t\t\t\t\t<\/div>\n\t\t<\/div>\n\t\t\t\t\t<\/div>\n\t\t<\/section>\n\t\t\t\t<section class=\"elementor-section elementor-top-section elementor-element elementor-element-0de9754 elementor-section-boxed elementor-section-height-default elementor-section-height-default\" data-id=\"0de9754\" data-element_type=\"section\" data-e-type=\"section\">\n\t\t\t\t\t\t<div class=\"elementor-container elementor-column-gap-default\">\n\t\t\t\t\t<div class=\"elementor-column elementor-col-100 elementor-top-column elementor-element elementor-element-5894ffe\" data-id=\"5894ffe\" data-element_type=\"column\" data-e-type=\"column\">\n\t\t\t<div class=\"elementor-widget-wrap elementor-element-populated\">\n\t\t\t\t\t\t<div class=\"elementor-element elementor-element-c15da67 elementor-widget elementor-widget-text-editor\" data-id=\"c15da67\" data-element_type=\"widget\" data-e-type=\"widget\" data-widget_type=\"text-editor.default\">\n\t\t\t\t<div class=\"elementor-widget-container\">\n\t\t\t\t\t\t\t\t\t<h2>\u00c0 fleuret mouchet\u00e9<\/h2><p>La rupture de ton est manifeste avec <a href=\"https:\/\/www.lefigaro.fr\/medias\/plus-de-21-millions-de-francais-ont-suivi-l-allocution-d-emmanuel-macron-20220303\">l\u2019intervention du 2 mars<\/a> sur l\u2019Ukraine. Toute dimension tragique est soigneusement \u00e9cart\u00e9e : la lettre vise avant tout \u00e0 rehausser la capacit\u00e9 de la France, via son pr\u00e9sident, \u00e0 affronter les dangers et les crises. Si l\u2019ombre de la trag\u00e9die r\u00f4de autour du propos, elle reste voil\u00e9e par le choix d\u2019un vocabulaire aseptis\u00e9, reprenant les fondamentaux du genre et empruntant \u00e0 ses adversaires leurs termes favoris : fraternit\u00e9, lutte contre les in\u00e9galit\u00e9s, s\u00e9curit\u00e9, inqui\u00e9tude pour l\u2019avenir, dignit\u00e9, travail, courage. On va m\u00eame jusqu\u2019\u00e0 capter le terme \u00ab reconqu\u00eate \u00bb\u2026<\/p><p>L\u2019ensemble est baign\u00e9 dans une atmosph\u00e8re de modestie teint\u00e9e d\u2019humilit\u00e9 et de lucidit\u00e9, qui ouvre la fen\u00eatre \u00e0 une discr\u00e8te autocritique. Tout est fait pour \u00e9viter une provocation directe des adversaires. Certes, le pr\u00e9sident multiplie les incursions sur les terrains des concurrents, plante des banderilles ici et l\u00e0. Mais on n\u2019attaque qu\u2019\u00e0 fleuret mouchet\u00e9, avec une soutenable l\u00e9g\u00e8ret\u00e9, glissant parfois jusqu\u2019au facilit\u00e9s des formules de communicants : \u00ab L\u2019enjeu est de b\u00e2tir la France de nos enfants, pas de ressasser la France de notre enfance. \u00bb<\/p><p>Comme le choix r\u00e9p\u00e9t\u00e9 du \u00ab nous \u00bb entend le surligner, l\u2019heure est au rassemblement, et non pas \u00e0 la division ou \u00e0 la dispersion. Certes, ce th\u00e8me de la \u00ab France unie \u00bb est devenu un classique pour un pr\u00e9sident en fonction souhaitant \u00eatre r\u00e9\u00e9lu. Les circonstances en font plus que jamais un passage oblig\u00e9.<\/p><p>Au candidat d\u00e9complex\u00e9 de 2017 pr\u00f4nant la rupture, voire la <a href=\"https:\/\/www.lesechos.fr\/2017\/03\/macron-promet-une-transformation-sans-revolution-164079\">r\u00e9volution<\/a>, a succ\u00e9d\u00e9, par la force du contexte, un pr\u00e9sident plaidant sagement la continuit\u00e9, n\u00e9cessaire par gros temps. Sur fond d\u2019inqui\u00e9tude caus\u00e9e par le chaos possible, Emmanuel Macron esquisse d\u2019une plume d\u00e9lib\u00e9r\u00e9ment mod\u00e9r\u00e9e sa capacit\u00e9 \u00e0 incarner l\u2019unit\u00e9 nationale.<\/p><p>Un message qui s\u2019adresse aux Fran\u00e7ais par-dessus la t\u00eate des autres candidats. Il n\u2019en reste pas moins que, suspendue qu\u2019elle est \u00e0 l\u2019\u00e9volution de la situation en Ukraine, cette d\u00e9claration ne renseigne pas sur ce que sera son engagement dans la campagne. Il est candidat. Il participera. Mais avant tout, il pr\u00e9sidera. Ses concurrents n\u2019ont toujours pas d\u2019adversaire.<\/p>\t\t\t\t\t\t\t\t<\/div>\n\t\t\t\t<\/div>\n\t\t\t\t\t<\/div>\n\t\t<\/div>\n\t\t\t\t\t<\/div>\n\t\t<\/section>\n\t\t\t\t<section class=\"elementor-section elementor-top-section elementor-element elementor-element-a1f1374 elementor-section-boxed elementor-section-height-default elementor-section-height-default\" data-id=\"a1f1374\" data-element_type=\"section\" data-e-type=\"section\">\n\t\t\t\t\t\t<div class=\"elementor-container elementor-column-gap-default\">\n\t\t\t\t\t<div class=\"elementor-column elementor-col-100 elementor-top-column elementor-element elementor-element-2cf413b\" data-id=\"2cf413b\" data-element_type=\"column\" data-e-type=\"column\">\n\t\t\t<div class=\"elementor-widget-wrap elementor-element-populated\">\n\t\t\t\t\t\t<div class=\"elementor-element elementor-element-beaf622 elementor-widget elementor-widget-text-editor\" data-id=\"beaf622\" data-element_type=\"widget\" data-e-type=\"widget\" data-widget_type=\"text-editor.default\">\n\t\t\t\t<div class=\"elementor-widget-container\">\n\t\t\t\t\t\t\t\t\t<h2>Vid\u00e9o savamment cadr\u00e9e<\/h2><p>Contraint par les circonstances, Emmanuel Macron entretient habilement avec ses comp\u00e9titeurs une \u00e9trange partie de cache-cache. Condamn\u00e9s \u00e0 un chiasme permanent, ceux-ci s\u2019\u00e9puisent voir dans le pr\u00e9sident un vrai\/faux candidat, et dans le candidat un faux\/vrai pr\u00e9sident. Toute la campagne semble d\u00e8s lors appel\u00e9e \u00e0 se d\u00e9rouler dans une dialectique de l\u2019\u00eatre et du para\u00eetre : \u00eatre ce que l\u2019on est ou para\u00eetre ce qu\u2019on veut \u00eatre, l\u00e0 est la question.<\/p><p>Les lieux et les moments des confrontations qui ne peuvent manquer d\u2019advenir restent dans la p\u00e9nombre. Certes, elles auront lieu, d\u00e9mocratie oblige, et Emmanuel Macron l\u2019a promis. Mais elles seront le plus souvent indirectes et m\u00e9di\u00e9es. Le jour m\u00eame de la parution de la lettre, le n\u00e9o-candidat a d\u2019ailleurs tenu \u00e0 diffuser via sa cha\u00eene YouTube une <a href=\"https:\/\/www.bfmtv.com\/politique\/elections\/presidentielle\/j-ai-une-ambition-pour-le-pays-explique-emmanuel-macron-dans-une-video-de-campagne-postee-sur-twitter_AN-202203040474.html\">vid\u00e9o savamment cadr\u00e9e<\/a> : un peu plus de quatre minutes, o\u00f9 il est saisi sur son lieu de travail (l\u2019\u00c9lys\u00e9e), mais veste tomb\u00e9e et avec la simplicit\u00e9 du contact qui sied \u00e0 tout candidat.<\/p><p>Les circonstances aidant, dans cet espace-temps limit\u00e9 \u00e0 quelques courtes semaines, les r\u00e9seaux sociaux, r\u00e9percut\u00e9s par les cha\u00eenes d\u2019information en continu, seront sans aucun doute l\u2019ar\u00e8ne principale du d\u00e9bat, donnant l\u2019image d\u2019une gu\u00e9rilla entretenue.<\/p><p>On ne choisit pas toujours le cadre du combat, mais il faut savoir se servir du terrain. Et la Lettre aux Fran\u00e7ais en est une habile illustration. Point besoin pour Emmanuel Macron d\u2019\u00e9noncer longuement un programme ni d\u2019assumer une vraie campagne. Il a son bilan et, depuis six mois, les promesses qu\u2019il \u00e9gr\u00e8ne sont autant de petits cailloux blancs : s\u00e9curit\u00e9, sant\u00e9, grand-\u00e2ge, \u00e9ducation\u2026 Le moment venu, il suffira de les rassembler dans la derni\u00e8re ligne droite.<\/p>\t\t\t\t\t\t\t\t<\/div>\n\t\t\t\t<\/div>\n\t\t\t\t\t<\/div>\n\t\t<\/div>\n\t\t\t\t\t<\/div>\n\t\t<\/section>\n\t\t\t\t<section class=\"elementor-section elementor-top-section elementor-element elementor-element-eaec7a6 elementor-section-boxed elementor-section-height-default elementor-section-height-default\" data-id=\"eaec7a6\" data-element_type=\"section\" data-e-type=\"section\">\n\t\t\t\t\t\t<div class=\"elementor-container elementor-column-gap-default\">\n\t\t\t\t\t<div class=\"elementor-column elementor-col-100 elementor-top-column elementor-element elementor-element-386ce26\" data-id=\"386ce26\" data-element_type=\"column\" data-e-type=\"column\">\n\t\t\t<div class=\"elementor-widget-wrap elementor-element-populated\">\n\t\t\t\t\t\t<div class=\"elementor-element elementor-element-1da50c7 elementor-widget elementor-widget-text-editor\" data-id=\"1da50c7\" data-element_type=\"widget\" data-e-type=\"widget\" data-widget_type=\"text-editor.default\">\n\t\t\t\t<div class=\"elementor-widget-container\">\n\t\t\t\t\t\t\t\t\t<h2>Aux antipodes de 2017<\/h2><p>Nous voici donc bien loin de l\u2019\u00e9lection de 2017. Sym\u00e9triquement \u00e0 l\u2019oppos\u00e9. Alors, un jeune candidat audacieux, s\u2019appuyant sur une m\u00e9thode de combat originale, partait victorieusement \u00e0 l\u2019assaut des <a href=\"https:\/\/www.france24.com\/fr\/20180507-france-an-election-emmanuel-macron-recomposition-paysage-politique-francais-lfi-ps-lr-fn\">appareils politiques<\/a>. Il se d\u00e9clarait porteur d\u2019une promesse de gouverner autrement, proposait de substituer au vieux monde politique us\u00e9 par son impuissance, l\u2019espoir d\u2019une r\u00e9volution fi\u00e8re et conqu\u00e9rante.<\/p><p>La campagne, voulue comme une transgression du traditionnel clivage droite\/gauche, s\u2019afficha longue et riche. La victoire fulgurante fut totale. Droite et gauche de gouvernement vol\u00e8rent en \u00e9clats. Chass\u00e9s du pouvoir, vivant leur d\u00e9faite comme une usurpation, les vieux partis ne surent ou ne purent s\u2019en remettre. Incapables de se positionner clairement par rapport au nouveau Pr\u00e9sident, h\u00e9sitant entre le rejet complet et le compromis constructif, ils se sont montr\u00e9s impuissants \u00e0 construire une alternative et \u00e0 se rassembler derri\u00e8re de nouveaux leaders. Et donc \u00e0 opposer un projet cr\u00e9dible.<\/p><p>Le r\u00e9sultat est l\u00e0 : un paysage politique d\u00e9vast\u00e9, une extr\u00eame-droite suractiv\u00e9e (\u00e0 plus de 30 %), un parti socialiste parti aux abysses, Les R\u00e9publicains d\u00e9chir\u00e9s entre leur tropisme centriste et leurs vieux d\u00e9mons nationalistes, une participation annonc\u00e9e en berne\u2026<\/p><p>Le chemin de campagne d\u2019Emmanuel Macron s\u2019en trouve tout trac\u00e9 : laisser ses opposants se disputer les fruits amers de leurs divisions, et affirmer son image de rassembleur dans un pays fractur\u00e9, en proie au doute et \u00e0 l\u2019inqui\u00e9tude. C\u2019est qu\u2019il ne s\u2019agit plus de monter \u00e0 l\u2019assaut d\u2019une citadelle, mais d\u2019appara\u00eetre comme le gardien ferme et rassurant de la maison qu\u2019on occupe. Nul besoin d\u2019avancer une forte artillerie. Il suffit d\u2019ouvrir largement les ailes pour accueillir les soutiens venus des diff\u00e9rents horizons. Seul le \u00ab en m\u00eame temps \u00bb subsiste. Il change toutefois de sens : il voulait dire agir \u00e0 gauche et \u00e0 droite ; il signifie aujourd\u2019hui r\u00e9unir, sur tous les fronts.<\/p><p>D\u00e8s lors, on ne saurait s\u2019\u00e9tonner que la Lettre aux Fran\u00e7ais n\u2019en dise pas plus. C\u2019est dans ses silences qu\u2019elle parle le plus fort.<\/p>\t\t\t\t\t\t\t\t<\/div>\n\t\t\t\t<\/div>\n\t\t\t\t\t<\/div>\n\t\t<\/div>\n\t\t\t\t\t<\/div>\n\t\t<\/section>\n\t\t\t\t<section class=\"elementor-section elementor-top-section elementor-element elementor-element-6218936 elementor-section-boxed elementor-section-height-default elementor-section-height-default\" data-id=\"6218936\" data-element_type=\"section\" data-e-type=\"section\">\n\t\t\t\t\t\t<div class=\"elementor-container elementor-column-gap-default\">\n\t\t\t\t\t<div class=\"elementor-column elementor-col-100 elementor-top-column elementor-element elementor-element-c8bc1ea\" data-id=\"c8bc1ea\" data-element_type=\"column\" data-e-type=\"column\">\n\t\t\t<div class=\"elementor-widget-wrap elementor-element-populated\">\n\t\t\t\t\t\t<div class=\"elementor-element elementor-element-9b1b3fb elementor-widget elementor-widget-text-editor\" data-id=\"9b1b3fb\" data-element_type=\"widget\" data-e-type=\"widget\" data-widget_type=\"text-editor.default\">\n\t\t\t\t<div class=\"elementor-widget-container\">\n\t\t\t\t\t\t\t\t\t<p><a href=\"https:\/\/theconversation.com\/profiles\/claude-patriat-209887\">Claude Patriat<\/a>, Professeur \u00e9m\u00e9rite de Science politique Universit\u00e9 de Bourgogne, <em><a href=\"https:\/\/theconversation.com\/institutions\/universite-de-bourgogne-ubfc-2288\">Universit\u00e9 de Bourgogne \u2013 UBFC<\/a><\/em><\/p><p>Cet article est republi\u00e9 \u00e0 partir de <a href=\"https:\/\/theconversation.com\">The Conversation<\/a> sous licence Creative Commons. <br \/>Lire l\u2019<a href=\"https:\/\/theconversation.com\/emmanuel-macron-president-candidat-rassembleur-et-aseptise-178616\">article original<\/a>.<\/p>\t\t\t\t\t\t\t\t<\/div>\n\t\t\t\t<\/div>\n\t\t\t\t\t<\/div>\n\t\t<\/div>\n\t\t\t\t\t<\/div>\n\t\t<\/section>\n\t\t\t\t<\/div>\n\t\t","protected":false},"excerpt":{"rendered":"<p>Claude Patriat, Universit\u00e9 de Bourgogne \u2013 UBFC Il s\u2019est voulu pr\u00e9sident du \u00ab en m\u00eame temps \u00bb, mais il n\u2019avait certainement pas pr\u00e9vu le sc\u00e9nario ukrainien. \u00c9quilibre difficile \u00e0 tenir par un seul et m\u00eame homme : pr\u00e9sident candidat, Emmanuel Macron doit d\u00e9sormais en tant que chef d\u2019\u00c9tat faire face \u00e0 une guerre mena\u00e7ant la &hellip; <a href=\"https:\/\/www.ubfc.fr\/en\/emmanuel-macron-president-candidat-rassembleur-et-aseptise\/\">Continued<\/a><\/p>\n","protected":false},"author":60,"featured_media":58480,"comment_status":"open","ping_status":"closed","sticky":false,"template":"","format":"standard","meta":{"_acf_changed":false,"footnotes":""},"categories":[2062,2049,14],"class_list":["post-59357","post","type-post","status-publish","format-standard","has-post-thumbnail","hentry","category-culture-scientifique-et-technique","category-recherche","category-ubfc"],"acf":[],"yoast_head":"<!-- This site is optimized with the Yoast SEO plugin v27.4 - https:\/\/yoast.com\/product\/yoast-seo-wordpress\/ -->\n<title>Emmanuel Macron, pr\u00e9sident candidat rassembleur et aseptis\u00e9 - COMUE Universit\u00e9 Bourgogne-Franche-Comt\u00e9<\/title>\n<meta name=\"robots\" content=\"index, follow, max-snippet:-1, max-image-preview:large, max-video-preview:-1\" \/>\n<link rel=\"canonical\" href=\"https:\/\/www.ubfc.fr\/emmanuel-macron-president-candidat-rassembleur-et-aseptise\/\" \/>\n<meta property=\"og:locale\" content=\"en_US\" \/>\n<meta property=\"og:type\" content=\"article\" \/>\n<meta property=\"og:title\" content=\"Emmanuel Macron, pr\u00e9sident candidat rassembleur et aseptis\u00e9 - COMUE Universit\u00e9 Bourgogne-Franche-Comt\u00e9\" \/>\n<meta property=\"og:description\" content=\"Claude Patriat, Universit\u00e9 de Bourgogne \u2013 UBFC Il s\u2019est voulu pr\u00e9sident du \u00ab en m\u00eame temps \u00bb, mais il n\u2019avait certainement pas pr\u00e9vu le sc\u00e9nario ukrainien. \u00c9quilibre difficile \u00e0 tenir par un seul et m\u00eame homme : pr\u00e9sident candidat, Emmanuel Macron doit d\u00e9sormais en tant que chef d\u2019\u00c9tat faire face \u00e0 une guerre mena\u00e7ant la &hellip; Continued\" \/>\n<meta property=\"og:url\" content=\"https:\/\/www.ubfc.fr\/emmanuel-macron-president-candidat-rassembleur-et-aseptise\/\" \/>\n<meta property=\"og:site_name\" content=\"COMUE Universit\u00e9 Bourgogne-Franche-Comt\u00e9\" \/>\n<meta property=\"article:publisher\" content=\"https:\/\/www.facebook.com\/UnivBFC\/\" \/>\n<meta property=\"article:published_time\" content=\"2022-03-15T08:12:24+00:00\" \/>\n<meta property=\"article:modified_time\" content=\"2022-03-17T09:32:50+00:00\" \/>\n<meta property=\"og:image\" content=\"https:\/\/www.ubfc.fr\/wp-content\/uploads\/2022\/02\/the-conversation-vignette-actu.png\" \/>\n\t<meta property=\"og:image:width\" content=\"412\" \/>\n\t<meta property=\"og:image:height\" content=\"536\" \/>\n\t<meta property=\"og:image:type\" content=\"image\/png\" \/>\n<meta name=\"author\" content=\"Fanny Ajak\" \/>\n<meta name=\"twitter:card\" content=\"summary_large_image\" \/>\n<meta name=\"twitter:creator\" content=\"@univ_bfc\" \/>\n<meta name=\"twitter:site\" content=\"@univ_bfc\" \/>\n<meta name=\"twitter:label1\" content=\"Written by\" \/>\n\t<meta name=\"twitter:data1\" content=\"Fanny Ajak\" \/>\n\t<meta name=\"twitter:label2\" content=\"Est. reading time\" \/>\n\t<meta name=\"twitter:data2\" content=\"6 minutes\" \/>\n<script type=\"application\/ld+json\" class=\"yoast-schema-graph\">{\"@context\":\"https:\\\/\\\/schema.org\",\"@graph\":[{\"@type\":\"Article\",\"@id\":\"https:\\\/\\\/www.ubfc.fr\\\/emmanuel-macron-president-candidat-rassembleur-et-aseptise\\\/#article\",\"isPartOf\":{\"@id\":\"https:\\\/\\\/www.ubfc.fr\\\/emmanuel-macron-president-candidat-rassembleur-et-aseptise\\\/\"},\"author\":{\"name\":\"Fanny Ajak\",\"@id\":\"https:\\\/\\\/www.ubfc.fr\\\/#\\\/schema\\\/person\\\/692829a283f52bc4a247708371ee307a\"},\"headline\":\"Emmanuel Macron, pr\u00e9sident candidat rassembleur et aseptis\u00e9\",\"datePublished\":\"2022-03-15T08:12:24+00:00\",\"dateModified\":\"2022-03-17T09:32:50+00:00\",\"mainEntityOfPage\":{\"@id\":\"https:\\\/\\\/www.ubfc.fr\\\/emmanuel-macron-president-candidat-rassembleur-et-aseptise\\\/\"},\"wordCount\":1240,\"commentCount\":0,\"publisher\":{\"@id\":\"https:\\\/\\\/www.ubfc.fr\\\/#organization\"},\"image\":{\"@id\":\"https:\\\/\\\/www.ubfc.fr\\\/emmanuel-macron-president-candidat-rassembleur-et-aseptise\\\/#primaryimage\"},\"thumbnailUrl\":\"https:\\\/\\\/www.ubfc.fr\\\/wp-content\\\/uploads\\\/2022\\\/02\\\/the-conversation-vignette-actu.png\",\"articleSection\":[\"Culture scientifique et technique\",\"Recherche\",\"UBFC\"],\"inLanguage\":\"en-US\",\"potentialAction\":[{\"@type\":\"CommentAction\",\"name\":\"Comment\",\"target\":[\"https:\\\/\\\/www.ubfc.fr\\\/emmanuel-macron-president-candidat-rassembleur-et-aseptise\\\/#respond\"]}]},{\"@type\":\"WebPage\",\"@id\":\"https:\\\/\\\/www.ubfc.fr\\\/emmanuel-macron-president-candidat-rassembleur-et-aseptise\\\/\",\"url\":\"https:\\\/\\\/www.ubfc.fr\\\/emmanuel-macron-president-candidat-rassembleur-et-aseptise\\\/\",\"name\":\"Emmanuel Macron, pr\u00e9sident candidat rassembleur et aseptis\u00e9 - COMUE Universit\u00e9 Bourgogne-Franche-Comt\u00e9\",\"isPartOf\":{\"@id\":\"https:\\\/\\\/www.ubfc.fr\\\/#website\"},\"primaryImageOfPage\":{\"@id\":\"https:\\\/\\\/www.ubfc.fr\\\/emmanuel-macron-president-candidat-rassembleur-et-aseptise\\\/#primaryimage\"},\"image\":{\"@id\":\"https:\\\/\\\/www.ubfc.fr\\\/emmanuel-macron-president-candidat-rassembleur-et-aseptise\\\/#primaryimage\"},\"thumbnailUrl\":\"https:\\\/\\\/www.ubfc.fr\\\/wp-content\\\/uploads\\\/2022\\\/02\\\/the-conversation-vignette-actu.png\",\"datePublished\":\"2022-03-15T08:12:24+00:00\",\"dateModified\":\"2022-03-17T09:32:50+00:00\",\"breadcrumb\":{\"@id\":\"https:\\\/\\\/www.ubfc.fr\\\/emmanuel-macron-president-candidat-rassembleur-et-aseptise\\\/#breadcrumb\"},\"inLanguage\":\"en-US\",\"potentialAction\":[{\"@type\":\"ReadAction\",\"target\":[\"https:\\\/\\\/www.ubfc.fr\\\/emmanuel-macron-president-candidat-rassembleur-et-aseptise\\\/\"]}]},{\"@type\":\"ImageObject\",\"inLanguage\":\"en-US\",\"@id\":\"https:\\\/\\\/www.ubfc.fr\\\/emmanuel-macron-president-candidat-rassembleur-et-aseptise\\\/#primaryimage\",\"url\":\"https:\\\/\\\/www.ubfc.fr\\\/wp-content\\\/uploads\\\/2022\\\/02\\\/the-conversation-vignette-actu.png\",\"contentUrl\":\"https:\\\/\\\/www.ubfc.fr\\\/wp-content\\\/uploads\\\/2022\\\/02\\\/the-conversation-vignette-actu.png\",\"width\":412,\"height\":536},{\"@type\":\"BreadcrumbList\",\"@id\":\"https:\\\/\\\/www.ubfc.fr\\\/emmanuel-macron-president-candidat-rassembleur-et-aseptise\\\/#breadcrumb\",\"itemListElement\":[{\"@type\":\"ListItem\",\"position\":1,\"name\":\"Accueil\",\"item\":\"https:\\\/\\\/www.ubfc.fr\\\/en\\\/\"},{\"@type\":\"ListItem\",\"position\":2,\"name\":\"Emmanuel Macron, pr\u00e9sident candidat rassembleur et aseptis\u00e9\"}]},{\"@type\":\"WebSite\",\"@id\":\"https:\\\/\\\/www.ubfc.fr\\\/#website\",\"url\":\"https:\\\/\\\/www.ubfc.fr\\\/\",\"name\":\"COMUE Universit\u00e9 Bourgogne-Franche-Comt\u00e9\",\"description\":\"\",\"publisher\":{\"@id\":\"https:\\\/\\\/www.ubfc.fr\\\/#organization\"},\"potentialAction\":[{\"@type\":\"SearchAction\",\"target\":{\"@type\":\"EntryPoint\",\"urlTemplate\":\"https:\\\/\\\/www.ubfc.fr\\\/?s={search_term_string}\"},\"query-input\":{\"@type\":\"PropertyValueSpecification\",\"valueRequired\":true,\"valueName\":\"search_term_string\"}}],\"inLanguage\":\"en-US\"},{\"@type\":\"Organization\",\"@id\":\"https:\\\/\\\/www.ubfc.fr\\\/#organization\",\"name\":\"Universit\u00e9 Bourgogne-Franche-Comt\u00e9\",\"url\":\"https:\\\/\\\/www.ubfc.fr\\\/\",\"logo\":{\"@type\":\"ImageObject\",\"inLanguage\":\"en-US\",\"@id\":\"https:\\\/\\\/www.ubfc.fr\\\/#\\\/schema\\\/logo\\\/image\\\/\",\"url\":\"https:\\\/\\\/www.ubfc.fr\\\/wp-content\\\/uploads\\\/2022\\\/03\\\/vagueUBFC_favicon.png\",\"contentUrl\":\"https:\\\/\\\/www.ubfc.fr\\\/wp-content\\\/uploads\\\/2022\\\/03\\\/vagueUBFC_favicon.png\",\"width\":512,\"height\":512,\"caption\":\"Universit\u00e9 Bourgogne-Franche-Comt\u00e9\"},\"image\":{\"@id\":\"https:\\\/\\\/www.ubfc.fr\\\/#\\\/schema\\\/logo\\\/image\\\/\"},\"sameAs\":[\"https:\\\/\\\/www.facebook.com\\\/UnivBFC\\\/\",\"https:\\\/\\\/x.com\\\/univ_bfc\",\"https:\\\/\\\/www.linkedin.com\\\/school\\\/universitebourgognefranchecomte\\\/mycompany\\\/\"]},{\"@type\":\"Person\",\"@id\":\"https:\\\/\\\/www.ubfc.fr\\\/#\\\/schema\\\/person\\\/692829a283f52bc4a247708371ee307a\",\"name\":\"Fanny Ajak\"}]}<\/script>\n<!-- \/ Yoast SEO plugin. -->","yoast_head_json":{"title":"Emmanuel Macron, pr\u00e9sident candidat rassembleur et aseptis\u00e9 - COMUE Universit\u00e9 Bourgogne-Franche-Comt\u00e9","robots":{"index":"index","follow":"follow","max-snippet":"max-snippet:-1","max-image-preview":"max-image-preview:large","max-video-preview":"max-video-preview:-1"},"canonical":"https:\/\/www.ubfc.fr\/emmanuel-macron-president-candidat-rassembleur-et-aseptise\/","og_locale":"en_US","og_type":"article","og_title":"Emmanuel Macron, pr\u00e9sident candidat rassembleur et aseptis\u00e9 - COMUE Universit\u00e9 Bourgogne-Franche-Comt\u00e9","og_description":"Claude Patriat, Universit\u00e9 de Bourgogne \u2013 UBFC Il s\u2019est voulu pr\u00e9sident du \u00ab en m\u00eame temps \u00bb, mais il n\u2019avait certainement pas pr\u00e9vu le sc\u00e9nario ukrainien. \u00c9quilibre difficile \u00e0 tenir par un seul et m\u00eame homme : pr\u00e9sident candidat, Emmanuel Macron doit d\u00e9sormais en tant que chef d\u2019\u00c9tat faire face \u00e0 une guerre mena\u00e7ant la &hellip; Continued","og_url":"https:\/\/www.ubfc.fr\/emmanuel-macron-president-candidat-rassembleur-et-aseptise\/","og_site_name":"COMUE Universit\u00e9 Bourgogne-Franche-Comt\u00e9","article_publisher":"https:\/\/www.facebook.com\/UnivBFC\/","article_published_time":"2022-03-15T08:12:24+00:00","article_modified_time":"2022-03-17T09:32:50+00:00","og_image":[{"width":412,"height":536,"url":"https:\/\/www.ubfc.fr\/wp-content\/uploads\/2022\/02\/the-conversation-vignette-actu.png","type":"image\/png"}],"author":"Fanny Ajak","twitter_card":"summary_large_image","twitter_creator":"@univ_bfc","twitter_site":"@univ_bfc","twitter_misc":{"Written by":"Fanny Ajak","Est. reading time":"6 minutes"},"schema":{"@context":"https:\/\/schema.org","@graph":[{"@type":"Article","@id":"https:\/\/www.ubfc.fr\/emmanuel-macron-president-candidat-rassembleur-et-aseptise\/#article","isPartOf":{"@id":"https:\/\/www.ubfc.fr\/emmanuel-macron-president-candidat-rassembleur-et-aseptise\/"},"author":{"name":"Fanny Ajak","@id":"https:\/\/www.ubfc.fr\/#\/schema\/person\/692829a283f52bc4a247708371ee307a"},"headline":"Emmanuel Macron, pr\u00e9sident candidat rassembleur et aseptis\u00e9","datePublished":"2022-03-15T08:12:24+00:00","dateModified":"2022-03-17T09:32:50+00:00","mainEntityOfPage":{"@id":"https:\/\/www.ubfc.fr\/emmanuel-macron-president-candidat-rassembleur-et-aseptise\/"},"wordCount":1240,"commentCount":0,"publisher":{"@id":"https:\/\/www.ubfc.fr\/#organization"},"image":{"@id":"https:\/\/www.ubfc.fr\/emmanuel-macron-president-candidat-rassembleur-et-aseptise\/#primaryimage"},"thumbnailUrl":"https:\/\/www.ubfc.fr\/wp-content\/uploads\/2022\/02\/the-conversation-vignette-actu.png","articleSection":["Culture scientifique et technique","Recherche","UBFC"],"inLanguage":"en-US","potentialAction":[{"@type":"CommentAction","name":"Comment","target":["https:\/\/www.ubfc.fr\/emmanuel-macron-president-candidat-rassembleur-et-aseptise\/#respond"]}]},{"@type":"WebPage","@id":"https:\/\/www.ubfc.fr\/emmanuel-macron-president-candidat-rassembleur-et-aseptise\/","url":"https:\/\/www.ubfc.fr\/emmanuel-macron-president-candidat-rassembleur-et-aseptise\/","name":"Emmanuel Macron, pr\u00e9sident candidat rassembleur et aseptis\u00e9 - COMUE Universit\u00e9 Bourgogne-Franche-Comt\u00e9","isPartOf":{"@id":"https:\/\/www.ubfc.fr\/#website"},"primaryImageOfPage":{"@id":"https:\/\/www.ubfc.fr\/emmanuel-macron-president-candidat-rassembleur-et-aseptise\/#primaryimage"},"image":{"@id":"https:\/\/www.ubfc.fr\/emmanuel-macron-president-candidat-rassembleur-et-aseptise\/#primaryimage"},"thumbnailUrl":"https:\/\/www.ubfc.fr\/wp-content\/uploads\/2022\/02\/the-conversation-vignette-actu.png","datePublished":"2022-03-15T08:12:24+00:00","dateModified":"2022-03-17T09:32:50+00:00","breadcrumb":{"@id":"https:\/\/www.ubfc.fr\/emmanuel-macron-president-candidat-rassembleur-et-aseptise\/#breadcrumb"},"inLanguage":"en-US","potentialAction":[{"@type":"ReadAction","target":["https:\/\/www.ubfc.fr\/emmanuel-macron-president-candidat-rassembleur-et-aseptise\/"]}]},{"@type":"ImageObject","inLanguage":"en-US","@id":"https:\/\/www.ubfc.fr\/emmanuel-macron-president-candidat-rassembleur-et-aseptise\/#primaryimage","url":"https:\/\/www.ubfc.fr\/wp-content\/uploads\/2022\/02\/the-conversation-vignette-actu.png","contentUrl":"https:\/\/www.ubfc.fr\/wp-content\/uploads\/2022\/02\/the-conversation-vignette-actu.png","width":412,"height":536},{"@type":"BreadcrumbList","@id":"https:\/\/www.ubfc.fr\/emmanuel-macron-president-candidat-rassembleur-et-aseptise\/#breadcrumb","itemListElement":[{"@type":"ListItem","position":1,"name":"Accueil","item":"https:\/\/www.ubfc.fr\/en\/"},{"@type":"ListItem","position":2,"name":"Emmanuel Macron, pr\u00e9sident candidat rassembleur et aseptis\u00e9"}]},{"@type":"WebSite","@id":"https:\/\/www.ubfc.fr\/#website","url":"https:\/\/www.ubfc.fr\/","name":"COMUE Universit\u00e9 Bourgogne-Franche-Comt\u00e9","description":"","publisher":{"@id":"https:\/\/www.ubfc.fr\/#organization"},"potentialAction":[{"@type":"SearchAction","target":{"@type":"EntryPoint","urlTemplate":"https:\/\/www.ubfc.fr\/?s={search_term_string}"},"query-input":{"@type":"PropertyValueSpecification","valueRequired":true,"valueName":"search_term_string"}}],"inLanguage":"en-US"},{"@type":"Organization","@id":"https:\/\/www.ubfc.fr\/#organization","name":"Universit\u00e9 Bourgogne-Franche-Comt\u00e9","url":"https:\/\/www.ubfc.fr\/","logo":{"@type":"ImageObject","inLanguage":"en-US","@id":"https:\/\/www.ubfc.fr\/#\/schema\/logo\/image\/","url":"https:\/\/www.ubfc.fr\/wp-content\/uploads\/2022\/03\/vagueUBFC_favicon.png","contentUrl":"https:\/\/www.ubfc.fr\/wp-content\/uploads\/2022\/03\/vagueUBFC_favicon.png","width":512,"height":512,"caption":"Universit\u00e9 Bourgogne-Franche-Comt\u00e9"},"image":{"@id":"https:\/\/www.ubfc.fr\/#\/schema\/logo\/image\/"},"sameAs":["https:\/\/www.facebook.com\/UnivBFC\/","https:\/\/x.com\/univ_bfc","https:\/\/www.linkedin.com\/school\/universitebourgognefranchecomte\/mycompany\/"]},{"@type":"Person","@id":"https:\/\/www.ubfc.fr\/#\/schema\/person\/692829a283f52bc4a247708371ee307a","name":"Fanny Ajak"}]}},"_links":{"self":[{"href":"https:\/\/www.ubfc.fr\/en\/wp-json\/wp\/v2\/posts\/59357","targetHints":{"allow":["GET"]}}],"collection":[{"href":"https:\/\/www.ubfc.fr\/en\/wp-json\/wp\/v2\/posts"}],"about":[{"href":"https:\/\/www.ubfc.fr\/en\/wp-json\/wp\/v2\/types\/post"}],"author":[{"embeddable":true,"href":"https:\/\/www.ubfc.fr\/en\/wp-json\/wp\/v2\/users\/60"}],"replies":[{"embeddable":true,"href":"https:\/\/www.ubfc.fr\/en\/wp-json\/wp\/v2\/comments?post=59357"}],"version-history":[{"count":0,"href":"https:\/\/www.ubfc.fr\/en\/wp-json\/wp\/v2\/posts\/59357\/revisions"}],"wp:featuredmedia":[{"embeddable":true,"href":"https:\/\/www.ubfc.fr\/en\/wp-json\/wp\/v2\/media\/58480"}],"wp:attachment":[{"href":"https:\/\/www.ubfc.fr\/en\/wp-json\/wp\/v2\/media?parent=59357"}],"wp:term":[{"taxonomy":"category","embeddable":true,"href":"https:\/\/www.ubfc.fr\/en\/wp-json\/wp\/v2\/categories?post=59357"}],"curies":[{"name":"wp","href":"https:\/\/api.w.org\/{rel}","templated":true}]}}