{"id":59178,"date":"2022-03-10T11:02:58","date_gmt":"2022-03-10T10:02:58","guid":{"rendered":"https:\/\/www.ubfc.fr\/?p=59178"},"modified":"2022-03-29T12:16:04","modified_gmt":"2022-03-29T10:16:04","slug":"ma-these-en-180-secondes-finale-le-24-mars-a-belfort","status":"publish","type":"post","link":"https:\/\/www.ubfc.fr\/en\/ma-these-en-180-secondes-finale-le-24-mars-a-belfort\/","title":{"rendered":"&#8220;Ma th\u00e8se en 180 secondes&#8221; : les r\u00e9sultats de la finale r\u00e9gionale !"},"content":{"rendered":"\t\t<div data-elementor-type=\"wp-post\" data-elementor-id=\"59178\" class=\"elementor elementor-59178\" data-elementor-post-type=\"post\">\n\t\t\t\t\t\t<section class=\"elementor-section elementor-top-section elementor-element elementor-element-9b1ac5a elementor-section-boxed elementor-section-height-default elementor-section-height-default\" data-id=\"9b1ac5a\" data-element_type=\"section\" data-e-type=\"section\">\n\t\t\t\t\t\t<div class=\"elementor-container elementor-column-gap-default\">\n\t\t\t\t\t<div class=\"elementor-column elementor-col-100 elementor-top-column elementor-element elementor-element-5ee67d1\" data-id=\"5ee67d1\" data-element_type=\"column\" data-e-type=\"column\">\n\t\t\t<div class=\"elementor-widget-wrap elementor-element-populated\">\n\t\t\t\t\t\t<div class=\"elementor-element elementor-element-8830b89 elementor-widget elementor-widget-text-editor\" data-id=\"8830b89\" data-element_type=\"widget\" data-e-type=\"widget\" data-widget_type=\"text-editor.default\">\n\t\t\t\t<div class=\"elementor-widget-container\">\n\t\t\t\t\t\t\t\t\t<p><span style=\"font-size: 8pt;\">[Publi\u00e9 le 09\/03\/2022]<\/span><\/p><p><strong>Et la gagnante est&#8230; Charlotte Montillot<\/strong> ! Elle a remport\u00e9 les 3 prix d\u00e9cern\u00e9s respectivement par les lyc\u00e9ens, le jury et le public ! Doctorante d\u2019Universit\u00e9 Bourgogne-Franche-Comt\u00e9 (UBFC) en biochimie et biologie mol\u00e9culaire au laboratoire G\u00e9n\u00e9tique des anomalies du d\u00e9veloppement de Dijon, elle a pr\u00e9sent\u00e9 ses recherches sur le syndrome de Cohen, maladie orpheline qui touche les neurones.<\/p><p><img fetchpriority=\"high\" decoding=\"async\" class=\"alignnone size-medium wp-image-60018\" src=\"https:\/\/www.ubfc.fr\/wp-content\/uploads\/2022\/03\/Charlotte-Montillot-300x200.jpg\" alt=\"\" width=\"300\" height=\"200\" srcset=\"https:\/\/www.ubfc.fr\/wp-content\/uploads\/2022\/03\/Charlotte-Montillot-300x200.jpg 300w, https:\/\/www.ubfc.fr\/wp-content\/uploads\/2022\/03\/Charlotte-Montillot-1024x681.jpg 1024w, https:\/\/www.ubfc.fr\/wp-content\/uploads\/2022\/03\/Charlotte-Montillot-768x511.jpg 768w, https:\/\/www.ubfc.fr\/wp-content\/uploads\/2022\/03\/Charlotte-Montillot-1536x1022.jpg 1536w, https:\/\/www.ubfc.fr\/wp-content\/uploads\/2022\/03\/Charlotte-Montillot-2048x1363.jpg 2048w\" sizes=\"(max-width: 300px) 100vw, 300px\" \/><\/p><p><span style=\"font-size: 8pt;\">Cr\u00e9dit photo : Fran\u00e7ois Jouffroy \/ UTBM<\/span><\/p><p>Le second prix du jury a \u00e9t\u00e9 attribu\u00e9 \u00e0 Ana\u00efs Perrichet, doctorante au laboratoire Lipides Nutrition Cancer \u00e0 Dijon.\u00a0 Son sujet de th\u00e8se \u00e9tait consacr\u00e9 \u00e0 l&#8217;efficacit\u00e9 de la chimio immunoth\u00e9rapie dans le cancer.<\/p><p>Elles repr\u00e9senteront toutes les deux la r\u00e9gion \u00e0 la demi-finale nationale les 8 et 9 avril.\u00a0<\/p><p>La finale r\u00e9gionale organis\u00e9e cette ann\u00e9e \u00e0 Belfort a rassembl\u00e9 pr\u00e8s de 500 personnes dont 300 lyc\u00e9ens de la r\u00e9gion.<\/p><p><img decoding=\"async\" class=\"alignnone size-medium wp-image-60026\" src=\"https:\/\/www.ubfc.fr\/wp-content\/uploads\/2022\/03\/Echanges-doctorants-lyceens-300x200.jpg\" alt=\"\" width=\"300\" height=\"200\" srcset=\"https:\/\/www.ubfc.fr\/wp-content\/uploads\/2022\/03\/Echanges-doctorants-lyceens-300x200.jpg 300w, https:\/\/www.ubfc.fr\/wp-content\/uploads\/2022\/03\/Echanges-doctorants-lyceens-1024x682.jpg 1024w, https:\/\/www.ubfc.fr\/wp-content\/uploads\/2022\/03\/Echanges-doctorants-lyceens-768x512.jpg 768w, https:\/\/www.ubfc.fr\/wp-content\/uploads\/2022\/03\/Echanges-doctorants-lyceens-1536x1024.jpg 1536w, https:\/\/www.ubfc.fr\/wp-content\/uploads\/2022\/03\/Echanges-doctorants-lyceens.jpg 2000w\" sizes=\"(max-width: 300px) 100vw, 300px\" \/><\/p><p><span style=\"font-size: 8pt;\">Cr\u00e9dit photo : Fran\u00e7ois Jouffroy \/ UTBM<\/span><\/p><p>Le jury \u00e9tait constitu\u00e9 pour l&#8217;occasion de\u00a0repr\u00e9sentants de la communaut\u00e9 scientifique et de la culture scientifique, du monde artistique, du monde \u00e9conomique et des m\u00e9dias.<\/p><p>Didier CHAMAGNE\u00a0: Pr\u00e9sident Conseil Acad\u00e9mique UBFC \/ Enseignant-chercheur<\/p><p>Lionel MAILLOT\u00a0: Vice-Pr\u00e9sident UBFC Culture et Liens sciences-soci\u00e9t\u00e9<\/p><p>Rita MEZIATI-SABOUR\u00a0: Laur\u00e9ate 2<sup>\u00e8me<\/sup> Prix du jury MT 180 en 2021<\/p><p>Agla\u00e9 NAVARRE\u00a0: Laur\u00e9ate 1<sup>er<\/sup> Prix du jury MT 180 en 2021<\/p><p>Cindy PELLETIER\u00a0: Journaliste \u00e0 Virgin Radio Belfort<\/p><p>Fanny ROBICHON\u00a0: Charg\u00e9e d\u2019affaires DECA-BFC<\/p><p><strong>D\u00e9couvrez en image les 10 finalistes <a href=\"https:\/\/www.youtube.com\/watch?v=SLcDSAtNRFc\">ici<\/a><\/strong><\/p><p><strong>180 secondes top chrono !\u00a0 C\u2019est le temps dont disposaient les 10 doctorants finalistes de Bourgogne-Franche-Comt\u00e9. Ils devaient expliquer leur sujet de recherche de fa\u00e7on claire, concise et convaincante \u00e0 un public de non-initi\u00e9s. <\/strong><strong>Et pour relever ce d\u00e9fi, ils ne pouvaient\u00a0 s&#8217;appuyer que sur une seule diapositive&#8230;<\/strong><\/p><p><strong>Les doctorants s\u00e9lectionn\u00e9s et les sp\u00e9cialit\u00e9s repr\u00e9sent\u00e9es<\/strong><\/p><p>Christine\u00a0BOLOU-CHIARAVALLI\u00a0 &#8211;\u00a0\u00a0Sciences de l&#8217;\u00e9ducation<\/p><p>Laura\u00a0CARBALLIDO\u00a0 &#8211;\u00a0 Biotechnologies agro-alimentaires<\/p><p>Redouane\u00a0ELGHAZI\u00a0 &#8211;\u00a0 Informatique<\/p><p>Jeanne\u00a0GAVARD-VEAU\u00a0 &#8211;\u00a0\u00a0Sciences de l&#8217;\u00e9ducation<\/p><p>Ludmilla\u00a0GRZELAK\u00a0 &#8211;\u00a0 Electronique<\/p><p>Sabrina\u00a0LORIOD\u00a0 &#8211;\u00a0 Biochimie et biologie mol\u00e9culaire<\/p><p>Charlotte\u00a0MONTILLOT\u00a0 &#8211;\u00a0 Biochimie et biologie mol\u00e9culaire<\/p><p>M\u00e9ven\u00a0OTHEGUY \u00a0&#8211;\u00a0 Biotechnologies agro-alimentaire<\/p><p>Ana\u00efs\u00a0PERRICHET\u00a0 &#8211;\u00a0 Biologie cellulaire<\/p><p>M\u00e9lanie\u00a0ROMAIN\u00a0 &#8211;\u00a0 Chimie<\/p><p>Contact : pauline.berger@ubfc.fr<\/p><p>L&#8217;\u00e9v\u00e8nement MT180 est organis\u00e9 par le CNRS et France Universit\u00e9s avec le soutien de plusieurs partenaires : CASDEN, MGEN, R\u00e9gion Bourgogne-Franche-Comt\u00e9, R\u00e9gion Acad\u00e9mique Bourgogne Franche-Comt\u00e9 et Pavillon des Sciences<\/p><p>En savoir plus : <a href=\"https:\/\/mt180.fr\/\">Concours &#8211; Ma th\u00e8se en 180 secondes (mt180.fr)<\/a><\/p>\t\t\t\t\t\t\t\t<\/div>\n\t\t\t\t<\/div>\n\t\t\t\t\t<\/div>\n\t\t<\/div>\n\t\t\t\t\t<\/div>\n\t\t<\/section>\n\t\t\t\t<\/div>\n\t\t","protected":false},"excerpt":{"rendered":"<p>[Publi\u00e9 le 09\/03\/2022] Et la gagnante est&#8230; Charlotte Montillot ! Elle a remport\u00e9 les 3 prix d\u00e9cern\u00e9s respectivement par les lyc\u00e9ens, le jury et le public ! Doctorante d\u2019Universit\u00e9 Bourgogne-Franche-Comt\u00e9 (UBFC) en biochimie et biologie mol\u00e9culaire au laboratoire G\u00e9n\u00e9tique des anomalies du d\u00e9veloppement de Dijon, elle a pr\u00e9sent\u00e9 ses recherches sur le syndrome de Cohen, &hellip; <a href=\"https:\/\/www.ubfc.fr\/en\/ma-these-en-180-secondes-finale-le-24-mars-a-belfort\/\">Continued<\/a><\/p>\n","protected":false},"author":18,"featured_media":60080,"comment_status":"open","ping_status":"closed","sticky":false,"template":"","format":"standard","meta":{"_acf_changed":false,"footnotes":""},"categories":[2071,14],"class_list":["post-59178","post","type-post","status-publish","format-standard","has-post-thumbnail","hentry","category-doctorat","category-ubfc"],"acf":[],"yoast_head":"<!-- This site is optimized with the Yoast SEO plugin v27.5 - https:\/\/yoast.com\/product\/yoast-seo-wordpress\/ -->\n<title>&quot;Ma th\u00e8se en 180 secondes&quot; : les r\u00e9sultats de la finale r\u00e9gionale ! - COMUE Universit\u00e9 Bourgogne-Franche-Comt\u00e9<\/title>\n<meta name=\"description\" content=\"Pr\u00e9sentation de la finale r\u00e9gionale d&#039;un concours de vulgarisation scientifique qui permet aux doctorants d&#039;expliquer leur sujet de th\u00e8se.\" \/>\n<meta name=\"robots\" content=\"index, follow, max-snippet:-1, max-image-preview:large, max-video-preview:-1\" \/>\n<link rel=\"canonical\" href=\"https:\/\/www.ubfc.fr\/ma-these-en-180-secondes-finale-le-24-mars-a-belfort\/\" \/>\n<meta property=\"og:locale\" content=\"en_US\" \/>\n<meta property=\"og:type\" content=\"article\" \/>\n<meta property=\"og:title\" content=\"&quot;Ma th\u00e8se en 180 secondes&quot; : les r\u00e9sultats de la finale r\u00e9gionale ! - COMUE Universit\u00e9 Bourgogne-Franche-Comt\u00e9\" \/>\n<meta property=\"og:description\" content=\"Pr\u00e9sentation de la finale r\u00e9gionale d&#039;un concours de vulgarisation scientifique qui permet aux doctorants d&#039;expliquer leur sujet de th\u00e8se.\" \/>\n<meta property=\"og:url\" content=\"https:\/\/www.ubfc.fr\/ma-these-en-180-secondes-finale-le-24-mars-a-belfort\/\" \/>\n<meta property=\"og:site_name\" content=\"COMUE Universit\u00e9 Bourgogne-Franche-Comt\u00e9\" \/>\n<meta property=\"article:publisher\" content=\"https:\/\/www.facebook.com\/UnivBFC\/\" \/>\n<meta property=\"article:published_time\" content=\"2022-03-10T10:02:58+00:00\" \/>\n<meta property=\"article:modified_time\" content=\"2022-03-29T10:16:04+00:00\" \/>\n<meta property=\"og:image\" content=\"https:\/\/www.ubfc.fr\/wp-content\/uploads\/2022\/03\/vignette-actu-charlotte.jpg\" \/>\n\t<meta property=\"og:image:width\" content=\"422\" \/>\n\t<meta property=\"og:image:height\" content=\"572\" \/>\n\t<meta property=\"og:image:type\" content=\"image\/jpeg\" \/>\n<meta name=\"author\" content=\"Service Communication\" \/>\n<meta name=\"twitter:card\" content=\"summary_large_image\" \/>\n<meta name=\"twitter:creator\" content=\"@univ_bfc\" \/>\n<meta name=\"twitter:site\" content=\"@univ_bfc\" \/>\n<meta name=\"twitter:label1\" content=\"Written by\" \/>\n\t<meta name=\"twitter:data1\" content=\"Service Communication\" \/>\n\t<meta name=\"twitter:label2\" content=\"Est. reading time\" \/>\n\t<meta name=\"twitter:data2\" content=\"3 minutes\" \/>\n<script type=\"application\/ld+json\" class=\"yoast-schema-graph\">{\"@context\":\"https:\\\/\\\/schema.org\",\"@graph\":[{\"@type\":\"Article\",\"@id\":\"https:\\\/\\\/www.ubfc.fr\\\/ma-these-en-180-secondes-finale-le-24-mars-a-belfort\\\/#article\",\"isPartOf\":{\"@id\":\"https:\\\/\\\/www.ubfc.fr\\\/ma-these-en-180-secondes-finale-le-24-mars-a-belfort\\\/\"},\"author\":{\"name\":\"Service Communication\",\"@id\":\"https:\\\/\\\/www.ubfc.fr\\\/#\\\/schema\\\/person\\\/3ef561973c06a7d92e306aff97468ee9\"},\"headline\":\"&#8220;Ma th\u00e8se en 180 secondes&#8221; : les r\u00e9sultats de la finale r\u00e9gionale !\",\"datePublished\":\"2022-03-10T10:02:58+00:00\",\"dateModified\":\"2022-03-29T10:16:04+00:00\",\"mainEntityOfPage\":{\"@id\":\"https:\\\/\\\/www.ubfc.fr\\\/ma-these-en-180-secondes-finale-le-24-mars-a-belfort\\\/\"},\"wordCount\":427,\"commentCount\":0,\"publisher\":{\"@id\":\"https:\\\/\\\/www.ubfc.fr\\\/#organization\"},\"image\":{\"@id\":\"https:\\\/\\\/www.ubfc.fr\\\/ma-these-en-180-secondes-finale-le-24-mars-a-belfort\\\/#primaryimage\"},\"thumbnailUrl\":\"https:\\\/\\\/www.ubfc.fr\\\/wp-content\\\/uploads\\\/2022\\\/03\\\/vignette-actu-charlotte.jpg\",\"articleSection\":[\"Doctorat\",\"UBFC\"],\"inLanguage\":\"en-US\",\"potentialAction\":[{\"@type\":\"CommentAction\",\"name\":\"Comment\",\"target\":[\"https:\\\/\\\/www.ubfc.fr\\\/ma-these-en-180-secondes-finale-le-24-mars-a-belfort\\\/#respond\"]}]},{\"@type\":\"WebPage\",\"@id\":\"https:\\\/\\\/www.ubfc.fr\\\/ma-these-en-180-secondes-finale-le-24-mars-a-belfort\\\/\",\"url\":\"https:\\\/\\\/www.ubfc.fr\\\/ma-these-en-180-secondes-finale-le-24-mars-a-belfort\\\/\",\"name\":\"\\\"Ma th\u00e8se en 180 secondes\\\" : les r\u00e9sultats de la finale r\u00e9gionale ! - COMUE Universit\u00e9 Bourgogne-Franche-Comt\u00e9\",\"isPartOf\":{\"@id\":\"https:\\\/\\\/www.ubfc.fr\\\/#website\"},\"primaryImageOfPage\":{\"@id\":\"https:\\\/\\\/www.ubfc.fr\\\/ma-these-en-180-secondes-finale-le-24-mars-a-belfort\\\/#primaryimage\"},\"image\":{\"@id\":\"https:\\\/\\\/www.ubfc.fr\\\/ma-these-en-180-secondes-finale-le-24-mars-a-belfort\\\/#primaryimage\"},\"thumbnailUrl\":\"https:\\\/\\\/www.ubfc.fr\\\/wp-content\\\/uploads\\\/2022\\\/03\\\/vignette-actu-charlotte.jpg\",\"datePublished\":\"2022-03-10T10:02:58+00:00\",\"dateModified\":\"2022-03-29T10:16:04+00:00\",\"description\":\"Pr\u00e9sentation de la finale r\u00e9gionale d'un concours de vulgarisation scientifique qui permet aux doctorants d'expliquer leur sujet de th\u00e8se.\",\"breadcrumb\":{\"@id\":\"https:\\\/\\\/www.ubfc.fr\\\/ma-these-en-180-secondes-finale-le-24-mars-a-belfort\\\/#breadcrumb\"},\"inLanguage\":\"en-US\",\"potentialAction\":[{\"@type\":\"ReadAction\",\"target\":[\"https:\\\/\\\/www.ubfc.fr\\\/ma-these-en-180-secondes-finale-le-24-mars-a-belfort\\\/\"]}]},{\"@type\":\"ImageObject\",\"inLanguage\":\"en-US\",\"@id\":\"https:\\\/\\\/www.ubfc.fr\\\/ma-these-en-180-secondes-finale-le-24-mars-a-belfort\\\/#primaryimage\",\"url\":\"https:\\\/\\\/www.ubfc.fr\\\/wp-content\\\/uploads\\\/2022\\\/03\\\/vignette-actu-charlotte.jpg\",\"contentUrl\":\"https:\\\/\\\/www.ubfc.fr\\\/wp-content\\\/uploads\\\/2022\\\/03\\\/vignette-actu-charlotte.jpg\",\"width\":422,\"height\":572},{\"@type\":\"BreadcrumbList\",\"@id\":\"https:\\\/\\\/www.ubfc.fr\\\/ma-these-en-180-secondes-finale-le-24-mars-a-belfort\\\/#breadcrumb\",\"itemListElement\":[{\"@type\":\"ListItem\",\"position\":1,\"name\":\"Accueil\",\"item\":\"https:\\\/\\\/www.ubfc.fr\\\/en\\\/\"},{\"@type\":\"ListItem\",\"position\":2,\"name\":\"&#8220;Ma th\u00e8se en 180 secondes&#8221; : les r\u00e9sultats de la finale r\u00e9gionale !\"}]},{\"@type\":\"WebSite\",\"@id\":\"https:\\\/\\\/www.ubfc.fr\\\/#website\",\"url\":\"https:\\\/\\\/www.ubfc.fr\\\/\",\"name\":\"COMUE Universit\u00e9 Bourgogne-Franche-Comt\u00e9\",\"description\":\"\",\"publisher\":{\"@id\":\"https:\\\/\\\/www.ubfc.fr\\\/#organization\"},\"potentialAction\":[{\"@type\":\"SearchAction\",\"target\":{\"@type\":\"EntryPoint\",\"urlTemplate\":\"https:\\\/\\\/www.ubfc.fr\\\/?s={search_term_string}\"},\"query-input\":{\"@type\":\"PropertyValueSpecification\",\"valueRequired\":true,\"valueName\":\"search_term_string\"}}],\"inLanguage\":\"en-US\"},{\"@type\":\"Organization\",\"@id\":\"https:\\\/\\\/www.ubfc.fr\\\/#organization\",\"name\":\"Universit\u00e9 Bourgogne-Franche-Comt\u00e9\",\"url\":\"https:\\\/\\\/www.ubfc.fr\\\/\",\"logo\":{\"@type\":\"ImageObject\",\"inLanguage\":\"en-US\",\"@id\":\"https:\\\/\\\/www.ubfc.fr\\\/#\\\/schema\\\/logo\\\/image\\\/\",\"url\":\"https:\\\/\\\/www.ubfc.fr\\\/wp-content\\\/uploads\\\/2022\\\/03\\\/vagueUBFC_favicon.png\",\"contentUrl\":\"https:\\\/\\\/www.ubfc.fr\\\/wp-content\\\/uploads\\\/2022\\\/03\\\/vagueUBFC_favicon.png\",\"width\":512,\"height\":512,\"caption\":\"Universit\u00e9 Bourgogne-Franche-Comt\u00e9\"},\"image\":{\"@id\":\"https:\\\/\\\/www.ubfc.fr\\\/#\\\/schema\\\/logo\\\/image\\\/\"},\"sameAs\":[\"https:\\\/\\\/www.facebook.com\\\/UnivBFC\\\/\",\"https:\\\/\\\/x.com\\\/univ_bfc\",\"https:\\\/\\\/www.linkedin.com\\\/school\\\/universitebourgognefranchecomte\\\/mycompany\\\/\"]},{\"@type\":\"Person\",\"@id\":\"https:\\\/\\\/www.ubfc.fr\\\/#\\\/schema\\\/person\\\/3ef561973c06a7d92e306aff97468ee9\",\"name\":\"Service Communication\"}]}<\/script>\n<!-- \/ Yoast SEO plugin. -->","yoast_head_json":{"title":"\"Ma th\u00e8se en 180 secondes\" : les r\u00e9sultats de la finale r\u00e9gionale ! - COMUE Universit\u00e9 Bourgogne-Franche-Comt\u00e9","description":"Pr\u00e9sentation de la finale r\u00e9gionale d'un concours de vulgarisation scientifique qui permet aux doctorants d'expliquer leur sujet de th\u00e8se.","robots":{"index":"index","follow":"follow","max-snippet":"max-snippet:-1","max-image-preview":"max-image-preview:large","max-video-preview":"max-video-preview:-1"},"canonical":"https:\/\/www.ubfc.fr\/ma-these-en-180-secondes-finale-le-24-mars-a-belfort\/","og_locale":"en_US","og_type":"article","og_title":"\"Ma th\u00e8se en 180 secondes\" : les r\u00e9sultats de la finale r\u00e9gionale ! - COMUE Universit\u00e9 Bourgogne-Franche-Comt\u00e9","og_description":"Pr\u00e9sentation de la finale r\u00e9gionale d'un concours de vulgarisation scientifique qui permet aux doctorants d'expliquer leur sujet de th\u00e8se.","og_url":"https:\/\/www.ubfc.fr\/ma-these-en-180-secondes-finale-le-24-mars-a-belfort\/","og_site_name":"COMUE Universit\u00e9 Bourgogne-Franche-Comt\u00e9","article_publisher":"https:\/\/www.facebook.com\/UnivBFC\/","article_published_time":"2022-03-10T10:02:58+00:00","article_modified_time":"2022-03-29T10:16:04+00:00","og_image":[{"width":422,"height":572,"url":"https:\/\/www.ubfc.fr\/wp-content\/uploads\/2022\/03\/vignette-actu-charlotte.jpg","type":"image\/jpeg"}],"author":"Service Communication","twitter_card":"summary_large_image","twitter_creator":"@univ_bfc","twitter_site":"@univ_bfc","twitter_misc":{"Written by":"Service Communication","Est. reading time":"3 minutes"},"schema":{"@context":"https:\/\/schema.org","@graph":[{"@type":"Article","@id":"https:\/\/www.ubfc.fr\/ma-these-en-180-secondes-finale-le-24-mars-a-belfort\/#article","isPartOf":{"@id":"https:\/\/www.ubfc.fr\/ma-these-en-180-secondes-finale-le-24-mars-a-belfort\/"},"author":{"name":"Service Communication","@id":"https:\/\/www.ubfc.fr\/#\/schema\/person\/3ef561973c06a7d92e306aff97468ee9"},"headline":"&#8220;Ma th\u00e8se en 180 secondes&#8221; : les r\u00e9sultats de la finale r\u00e9gionale !","datePublished":"2022-03-10T10:02:58+00:00","dateModified":"2022-03-29T10:16:04+00:00","mainEntityOfPage":{"@id":"https:\/\/www.ubfc.fr\/ma-these-en-180-secondes-finale-le-24-mars-a-belfort\/"},"wordCount":427,"commentCount":0,"publisher":{"@id":"https:\/\/www.ubfc.fr\/#organization"},"image":{"@id":"https:\/\/www.ubfc.fr\/ma-these-en-180-secondes-finale-le-24-mars-a-belfort\/#primaryimage"},"thumbnailUrl":"https:\/\/www.ubfc.fr\/wp-content\/uploads\/2022\/03\/vignette-actu-charlotte.jpg","articleSection":["Doctorat","UBFC"],"inLanguage":"en-US","potentialAction":[{"@type":"CommentAction","name":"Comment","target":["https:\/\/www.ubfc.fr\/ma-these-en-180-secondes-finale-le-24-mars-a-belfort\/#respond"]}]},{"@type":"WebPage","@id":"https:\/\/www.ubfc.fr\/ma-these-en-180-secondes-finale-le-24-mars-a-belfort\/","url":"https:\/\/www.ubfc.fr\/ma-these-en-180-secondes-finale-le-24-mars-a-belfort\/","name":"\"Ma th\u00e8se en 180 secondes\" : les r\u00e9sultats de la finale r\u00e9gionale ! - COMUE Universit\u00e9 Bourgogne-Franche-Comt\u00e9","isPartOf":{"@id":"https:\/\/www.ubfc.fr\/#website"},"primaryImageOfPage":{"@id":"https:\/\/www.ubfc.fr\/ma-these-en-180-secondes-finale-le-24-mars-a-belfort\/#primaryimage"},"image":{"@id":"https:\/\/www.ubfc.fr\/ma-these-en-180-secondes-finale-le-24-mars-a-belfort\/#primaryimage"},"thumbnailUrl":"https:\/\/www.ubfc.fr\/wp-content\/uploads\/2022\/03\/vignette-actu-charlotte.jpg","datePublished":"2022-03-10T10:02:58+00:00","dateModified":"2022-03-29T10:16:04+00:00","description":"Pr\u00e9sentation de la finale r\u00e9gionale d'un concours de vulgarisation scientifique qui permet aux doctorants d'expliquer leur sujet de th\u00e8se.","breadcrumb":{"@id":"https:\/\/www.ubfc.fr\/ma-these-en-180-secondes-finale-le-24-mars-a-belfort\/#breadcrumb"},"inLanguage":"en-US","potentialAction":[{"@type":"ReadAction","target":["https:\/\/www.ubfc.fr\/ma-these-en-180-secondes-finale-le-24-mars-a-belfort\/"]}]},{"@type":"ImageObject","inLanguage":"en-US","@id":"https:\/\/www.ubfc.fr\/ma-these-en-180-secondes-finale-le-24-mars-a-belfort\/#primaryimage","url":"https:\/\/www.ubfc.fr\/wp-content\/uploads\/2022\/03\/vignette-actu-charlotte.jpg","contentUrl":"https:\/\/www.ubfc.fr\/wp-content\/uploads\/2022\/03\/vignette-actu-charlotte.jpg","width":422,"height":572},{"@type":"BreadcrumbList","@id":"https:\/\/www.ubfc.fr\/ma-these-en-180-secondes-finale-le-24-mars-a-belfort\/#breadcrumb","itemListElement":[{"@type":"ListItem","position":1,"name":"Accueil","item":"https:\/\/www.ubfc.fr\/en\/"},{"@type":"ListItem","position":2,"name":"&#8220;Ma th\u00e8se en 180 secondes&#8221; : les r\u00e9sultats de la finale r\u00e9gionale !"}]},{"@type":"WebSite","@id":"https:\/\/www.ubfc.fr\/#website","url":"https:\/\/www.ubfc.fr\/","name":"COMUE Universit\u00e9 Bourgogne-Franche-Comt\u00e9","description":"","publisher":{"@id":"https:\/\/www.ubfc.fr\/#organization"},"potentialAction":[{"@type":"SearchAction","target":{"@type":"EntryPoint","urlTemplate":"https:\/\/www.ubfc.fr\/?s={search_term_string}"},"query-input":{"@type":"PropertyValueSpecification","valueRequired":true,"valueName":"search_term_string"}}],"inLanguage":"en-US"},{"@type":"Organization","@id":"https:\/\/www.ubfc.fr\/#organization","name":"Universit\u00e9 Bourgogne-Franche-Comt\u00e9","url":"https:\/\/www.ubfc.fr\/","logo":{"@type":"ImageObject","inLanguage":"en-US","@id":"https:\/\/www.ubfc.fr\/#\/schema\/logo\/image\/","url":"https:\/\/www.ubfc.fr\/wp-content\/uploads\/2022\/03\/vagueUBFC_favicon.png","contentUrl":"https:\/\/www.ubfc.fr\/wp-content\/uploads\/2022\/03\/vagueUBFC_favicon.png","width":512,"height":512,"caption":"Universit\u00e9 Bourgogne-Franche-Comt\u00e9"},"image":{"@id":"https:\/\/www.ubfc.fr\/#\/schema\/logo\/image\/"},"sameAs":["https:\/\/www.facebook.com\/UnivBFC\/","https:\/\/x.com\/univ_bfc","https:\/\/www.linkedin.com\/school\/universitebourgognefranchecomte\/mycompany\/"]},{"@type":"Person","@id":"https:\/\/www.ubfc.fr\/#\/schema\/person\/3ef561973c06a7d92e306aff97468ee9","name":"Service Communication"}]}},"_links":{"self":[{"href":"https:\/\/www.ubfc.fr\/en\/wp-json\/wp\/v2\/posts\/59178","targetHints":{"allow":["GET"]}}],"collection":[{"href":"https:\/\/www.ubfc.fr\/en\/wp-json\/wp\/v2\/posts"}],"about":[{"href":"https:\/\/www.ubfc.fr\/en\/wp-json\/wp\/v2\/types\/post"}],"author":[{"embeddable":true,"href":"https:\/\/www.ubfc.fr\/en\/wp-json\/wp\/v2\/users\/18"}],"replies":[{"embeddable":true,"href":"https:\/\/www.ubfc.fr\/en\/wp-json\/wp\/v2\/comments?post=59178"}],"version-history":[{"count":1,"href":"https:\/\/www.ubfc.fr\/en\/wp-json\/wp\/v2\/posts\/59178\/revisions"}],"predecessor-version":[{"id":74011,"href":"https:\/\/www.ubfc.fr\/en\/wp-json\/wp\/v2\/posts\/59178\/revisions\/74011"}],"wp:featuredmedia":[{"embeddable":true,"href":"https:\/\/www.ubfc.fr\/en\/wp-json\/wp\/v2\/media\/60080"}],"wp:attachment":[{"href":"https:\/\/www.ubfc.fr\/en\/wp-json\/wp\/v2\/media?parent=59178"}],"wp:term":[{"taxonomy":"category","embeddable":true,"href":"https:\/\/www.ubfc.fr\/en\/wp-json\/wp\/v2\/categories?post=59178"}],"curies":[{"name":"wp","href":"https:\/\/api.w.org\/{rel}","templated":true}]}}