{"id":58681,"date":"2022-02-02T08:52:57","date_gmt":"2022-02-02T07:52:57","guid":{"rendered":"https:\/\/www.ubfc.fr\/?p=58681"},"modified":"2022-03-15T09:11:36","modified_gmt":"2022-03-15T08:11:36","slug":"pour-reduire-votre-anxiete-optez-pour-une-garde-robe-minimaliste","status":"publish","type":"post","link":"https:\/\/www.ubfc.fr\/en\/pour-reduire-votre-anxiete-optez-pour-une-garde-robe-minimaliste\/","title":{"rendered":"Pour r\u00e9duire votre anxi\u00e9t\u00e9, optez pour une garde-robe minimaliste !"},"content":{"rendered":"\t\t<div data-elementor-type=\"wp-post\" data-elementor-id=\"58681\" class=\"elementor elementor-58681\" data-elementor-post-type=\"post\">\n\t\t\t\t\t\t<section class=\"elementor-section elementor-top-section elementor-element elementor-element-879a116 elementor-section-boxed elementor-section-height-default elementor-section-height-default\" data-id=\"879a116\" data-element_type=\"section\" data-e-type=\"section\">\n\t\t\t\t\t\t<div class=\"elementor-container elementor-column-gap-default\">\n\t\t\t\t\t<div class=\"elementor-column elementor-col-100 elementor-top-column elementor-element elementor-element-48a6d39\" data-id=\"48a6d39\" data-element_type=\"column\" data-e-type=\"column\">\n\t\t\t<div class=\"elementor-widget-wrap elementor-element-populated\">\n\t\t\t\t\t\t<div class=\"elementor-element elementor-element-206e334 elementor-widget elementor-widget-text-editor\" data-id=\"206e334\" data-element_type=\"widget\" data-e-type=\"widget\" data-widget_type=\"text-editor.default\">\n\t\t\t\t<div class=\"elementor-widget-container\">\n\t\t\t\t\t\t\t\t\t<p><span style=\"font-size: 8pt;\">[Publi\u00e9 le 1<sup>er<\/sup> f\u00e9vrier]<\/span><\/p>\t\t\t\t\t\t\t\t<\/div>\n\t\t\t\t<\/div>\n\t\t\t\t\t<\/div>\n\t\t<\/div>\n\t\t\t\t\t<\/div>\n\t\t<\/section>\n\t\t\t\t<section class=\"elementor-section elementor-top-section elementor-element elementor-element-5d25bc6 elementor-section-boxed elementor-section-height-default elementor-section-height-default\" data-id=\"5d25bc6\" data-element_type=\"section\" data-e-type=\"section\">\n\t\t\t\t\t\t<div class=\"elementor-container elementor-column-gap-default\">\n\t\t\t\t\t<div class=\"elementor-column elementor-col-100 elementor-top-column elementor-element elementor-element-0e942e6\" data-id=\"0e942e6\" data-element_type=\"column\" data-e-type=\"column\">\n\t\t\t<div class=\"elementor-widget-wrap elementor-element-populated\">\n\t\t\t\t\t\t<div class=\"elementor-element elementor-element-9521f6d elementor-widget elementor-widget-text-editor\" data-id=\"9521f6d\" data-element_type=\"widget\" data-e-type=\"widget\" data-widget_type=\"text-editor.default\">\n\t\t\t\t<div class=\"elementor-widget-container\">\n\t\t\t\t\t\t\t\t\t<p><a href=\"https:\/\/theconversation.com\/profiles\/aurore-bardey-1286716\">Aurore Bardey<\/a>, <em><a href=\"https:\/\/theconversation.com\/institutions\/burgundy-school-of-business-2355\">Burgundy School of Business <\/a><\/em><\/p>\t\t\t\t\t\t\t\t<\/div>\n\t\t\t\t<\/div>\n\t\t\t\t\t<\/div>\n\t\t<\/div>\n\t\t\t\t\t<\/div>\n\t\t<\/section>\n\t\t\t\t<section class=\"elementor-section elementor-top-section elementor-element elementor-element-3742545 elementor-section-boxed elementor-section-height-default elementor-section-height-default\" data-id=\"3742545\" data-element_type=\"section\" data-e-type=\"section\">\n\t\t\t\t\t\t<div class=\"elementor-container elementor-column-gap-default\">\n\t\t\t\t\t<div class=\"elementor-column elementor-col-100 elementor-top-column elementor-element elementor-element-4a778e9\" data-id=\"4a778e9\" data-element_type=\"column\" data-e-type=\"column\">\n\t\t\t<div class=\"elementor-widget-wrap elementor-element-populated\">\n\t\t\t\t\t\t<div class=\"elementor-element elementor-element-986c5ab elementor-widget elementor-widget-text-editor\" data-id=\"986c5ab\" data-element_type=\"widget\" data-e-type=\"widget\" data-widget_type=\"text-editor.default\">\n\t\t\t\t<div class=\"elementor-widget-container\">\n\t\t\t\t\t\t\t\t\t<figure><img decoding=\"async\" src=\"https:\/\/images.theconversation.com\/files\/442795\/original\/file-20220126-15-817p71.jpg?ixlib=rb-1.1.0&amp;rect=14%2C5%2C1171%2C788&amp;q=45&amp;auto=format&amp;w=754&amp;fit=clip\" \/><figcaption>\u00ab Apr\u00e8s cette exp\u00e9rience, j\u2019ai l\u2019impression de mieux me conna\u00eetre \u00bb, souligne une participante au groupe d\u2019\u00e9tude qui a fait du tri dans ses placards.\n<span class=\"attribution\"><span class=\"source\">Geneva Vanderzeil \/ Flickr<\/span>, <a class=\"license\" href=\"http:\/\/creativecommons.org\/licenses\/by-sa\/4.0\/\">CC BY-SA<\/a><\/span><\/figcaption><\/figure>\t\t\t\t\t\t\t\t<\/div>\n\t\t\t\t<\/div>\n\t\t\t\t\t<\/div>\n\t\t<\/div>\n\t\t\t\t\t<\/div>\n\t\t<\/section>\n\t\t\t\t<section class=\"elementor-section elementor-top-section elementor-element elementor-element-cdc3060 elementor-section-boxed elementor-section-height-default elementor-section-height-default\" data-id=\"cdc3060\" data-element_type=\"section\" data-e-type=\"section\">\n\t\t\t\t\t\t<div class=\"elementor-container elementor-column-gap-default\">\n\t\t\t\t\t<div class=\"elementor-column elementor-col-100 elementor-top-column elementor-element elementor-element-cd8f94a\" data-id=\"cd8f94a\" data-element_type=\"column\" data-e-type=\"column\">\n\t\t\t<div class=\"elementor-widget-wrap elementor-element-populated\">\n\t\t\t\t\t\t<div class=\"elementor-element elementor-element-e05fd50 elementor-widget elementor-widget-text-editor\" data-id=\"e05fd50\" data-element_type=\"widget\" data-e-type=\"widget\" data-widget_type=\"text-editor.default\">\n\t\t\t\t<div class=\"elementor-widget-container\">\n\t\t\t\t\t\t\t\t\t<p>De nos jours, la sant\u00e9 mentale et le bien-\u00eatre sont plus que jamais au c\u0153ur de nos pr\u00e9occupations. La crise sanitaire et la <a href=\"https:\/\/www.lemonde.fr\/podcasts\/article\/2022\/01\/20\/l-ecoanxiete-ou-l-angoisse-de-la-fin-du-monde_6110185_5463015.html\">mont\u00e9e de l\u2019\u00e9coanxi\u00e9t\u00e9<\/a> ont exacerb\u00e9 les sympt\u00f4mes d\u00e9pressifs ces derni\u00e8res ann\u00e9es. Depuis d\u00e9but 2020, la <a href=\"https:\/\/www.encephale.com\/Actualites\/Breves\/2021\/Crise-sanitaire-a-exacerbe-troubles-depressifs-anxieux-dans-monde-etude-internationale\">pr\u00e9valence globale des troubles majeurs<\/a> aurait ainsi augment\u00e9 de 29,8 % chez les femmes et de 24 % chez les hommes. Fatigue, troubles du sommeil, maux de t\u00eate, naus\u00e9es, palpitations cardiaques, sensation d\u2019\u00e9touffement : la <a href=\"https:\/\/www.quebec.ca\/sante\/conseils-et-prevention\/sante-mentale\/informer-sur-troubles-mentaux\/troubles-mentaux\/troubles-anxieux\/a-propos-troubles-anxieux\">liste des sympt\u00f4mes<\/a> est malheureusement longue.<\/p>\t\t\t\t\t\t\t\t<\/div>\n\t\t\t\t<\/div>\n\t\t\t\t\t<\/div>\n\t\t<\/div>\n\t\t\t\t\t<\/div>\n\t\t<\/section>\n\t\t\t\t<section class=\"elementor-section elementor-top-section elementor-element elementor-element-f2bd629 elementor-section-boxed elementor-section-height-default elementor-section-height-default\" data-id=\"f2bd629\" data-element_type=\"section\" data-e-type=\"section\">\n\t\t\t\t\t\t<div class=\"elementor-container elementor-column-gap-default\">\n\t\t\t\t\t<div class=\"elementor-column elementor-col-100 elementor-top-column elementor-element elementor-element-87ed586\" data-id=\"87ed586\" data-element_type=\"column\" data-e-type=\"column\">\n\t\t\t<div class=\"elementor-widget-wrap elementor-element-populated\">\n\t\t\t\t\t\t<div class=\"elementor-element elementor-element-98c4497 elementor-widget elementor-widget-text-editor\" data-id=\"98c4497\" data-element_type=\"widget\" data-e-type=\"widget\" data-widget_type=\"text-editor.default\">\n\t\t\t\t<div class=\"elementor-widget-container\">\n\t\t\t\t\t\t\t\t\t<h2>Minimalisme<\/h2>\nFort heureusement, la liste des outils pour diminuer l\u2019anxi\u00e9t\u00e9 est encore plus longue : <a href=\"https:\/\/www.europe1.fr\/sante\/ecouter-de-la-musique-un-moyen-efficace-de-reduire-son-anxiete-3999873\">\u00e9couter de la musique<\/a> ou <a href=\"https:\/\/sante.lefigaro.fr\/article\/le-sport-reduit-le-stress-l-anxiete-et-la-depression\/\">faire du sport<\/a>, se passer les mains <a href=\"https:\/\/www.psychologies.com\/Bien-etre\/Medecines-douces\/Se-soigner-autrement\/Articles-et-Dossiers\/Methode-Kneipp-l-eau-froide-fait-des-miracles\">sous l\u2019eau froide<\/a>, <a href=\"https:\/\/theconversation.com\/la-preuve-par-trois-la-meditation-va-vous-faire-du-bien-139630\">pratiquer la m\u00e9ditation<\/a> pleine conscience ou <a href=\"https:\/\/guilfordjournals.com\/doi\/pdf\/10.1521\/jscp.2018.37.10.751\">se couper des r\u00e9seaux sociaux<\/a>. Notre \u00e9quipe de recherche a r\u00e9cemment pu mettre en \u00e9vidence une nouvelle mani\u00e8re d\u2019apaiser notre stress et d\u2019am\u00e9liorer notre bien-\u00eatre. Selon nos <a href=\"https:\/\/journals.sagepub.com\/doi\/abs\/10.1177\/1470785321993743\">conclusions<\/a>, la solution se trouve\u2026 dans notre garde-robe.\n<figure class=\"align-center \"><img decoding=\"async\" src=\"https:\/\/images.theconversation.com\/files\/442796\/original\/file-20220126-17-1nhffkf.jpg?ixlib=rb-1.1.0&amp;q=45&amp;auto=format&amp;w=754&amp;fit=clip\" sizes=\"(min-width: 1466px) 754px, (max-width: 599px) 100vw, (min-width: 600px) 600px, 237px\" srcset=\"https:\/\/images.theconversation.com\/files\/442796\/original\/file-20220126-17-1nhffkf.jpg?ixlib=rb-1.1.0&amp;q=45&amp;auto=format&amp;w=600&amp;h=338&amp;fit=crop&amp;dpr=1 600w, https:\/\/images.theconversation.com\/files\/442796\/original\/file-20220126-17-1nhffkf.jpg?ixlib=rb-1.1.0&amp;q=30&amp;auto=format&amp;w=600&amp;h=338&amp;fit=crop&amp;dpr=2 1200w, https:\/\/images.theconversation.com\/files\/442796\/original\/file-20220126-17-1nhffkf.jpg?ixlib=rb-1.1.0&amp;q=15&amp;auto=format&amp;w=600&amp;h=338&amp;fit=crop&amp;dpr=3 1800w, https:\/\/images.theconversation.com\/files\/442796\/original\/file-20220126-17-1nhffkf.jpg?ixlib=rb-1.1.0&amp;q=45&amp;auto=format&amp;w=754&amp;h=425&amp;fit=crop&amp;dpr=1 754w, https:\/\/images.theconversation.com\/files\/442796\/original\/file-20220126-17-1nhffkf.jpg?ixlib=rb-1.1.0&amp;q=30&amp;auto=format&amp;w=754&amp;h=425&amp;fit=crop&amp;dpr=2 1508w, https:\/\/images.theconversation.com\/files\/442796\/original\/file-20220126-17-1nhffkf.jpg?ixlib=rb-1.1.0&amp;q=15&amp;auto=format&amp;w=754&amp;h=425&amp;fit=crop&amp;dpr=3 2262w\" alt=\"\" \/><figcaption><span class=\"caption\">La crise sanitaire a exacerb\u00e9 les sympt\u00f4mes d\u00e9pressifs ces derni\u00e8res ann\u00e9es.<\/span>\n<span class=\"attribution\"><a class=\"source\" href=\"https:\/\/commons.wikimedia.org\/wiki\/File:Figure_5._Anxiety_can_leave_a_person_feeling_extremely_sad.jpg\">Unsplash<\/a>, <a class=\"license\" href=\"http:\/\/creativecommons.org\/licenses\/by-sa\/4.0\/\">CC BY-SA<\/a><\/span><\/figcaption><\/figure>\nEn p\u00e9riode pr\u00e9-Covid, nous avions recrut\u00e9 un groupe de dix jeunes femmes qui ont accept\u00e9 de participer \u00e0 notre \u00e9tude pendant trois semaines. Ces dix jeunes femmes aimaient acheter de nouveaux v\u00eatements et suivre les derni\u00e8res tendances, triaient leurs d\u00e9chets sans pour autant d\u00e9velopper une conscience vraiment \u00e9cologique, et pr\u00e9sentaient une anxi\u00e9t\u00e9 mod\u00e9r\u00e9e, voire assez \u00e9lev\u00e9e.\n\nL\u2019\u00e9tude a commenc\u00e9 par un tri des garde-robes de chacune des participantes \u2013 ce qui repr\u00e9sente d\u00e9j\u00e0 un travail consid\u00e9rable. Gr\u00e2ce \u00e0 ce tri, chaque participante, avec notre aide, a constitu\u00e9 sa garde-robe minimaliste ; c\u2019est-\u00e0-dire une garde-robe d\u2019environ 35 v\u00eatements et accessoires. Nos participantes ont ensuite utilis\u00e9 cette garde-robe dans leur vie de tous les jours pendant trois semaines.\n\n\u00c0 l\u2019issue de cette p\u00e9riode, toutes nos participantes ont exprim\u00e9 (1) un gain de temps dans leur vie quotidienne, (2) une meilleure connaissance de soi, et (3) une baisse de leur stress.\t\t\t\t\t\t\t\t<\/div>\n\t\t\t\t<\/div>\n\t\t\t\t\t<\/div>\n\t\t<\/div>\n\t\t\t\t\t<\/div>\n\t\t<\/section>\n\t\t\t\t<section class=\"elementor-section elementor-top-section elementor-element elementor-element-3e6c6ca elementor-section-boxed elementor-section-height-default elementor-section-height-default\" data-id=\"3e6c6ca\" data-element_type=\"section\" data-e-type=\"section\">\n\t\t\t\t\t\t<div class=\"elementor-container elementor-column-gap-default\">\n\t\t\t\t\t<div class=\"elementor-column elementor-col-100 elementor-top-column elementor-element elementor-element-600c2c4\" data-id=\"600c2c4\" data-element_type=\"column\" data-e-type=\"column\">\n\t\t\t<div class=\"elementor-widget-wrap elementor-element-populated\">\n\t\t\t\t\t\t<div class=\"elementor-element elementor-element-655039a elementor-widget elementor-widget-text-editor\" data-id=\"655039a\" data-element_type=\"widget\" data-e-type=\"widget\" data-widget_type=\"text-editor.default\">\n\t\t\t\t<div class=\"elementor-widget-container\">\n\t\t\t\t\t\t\t\t\t<h2>Une plus grande s\u00e9r\u00e9nit\u00e9<\/h2><p>Ces sentiments ont commenc\u00e9 \u00e0 se manifester d\u00e8s la premi\u00e8re semaine de notre \u00e9tude. En plus d\u2019une baisse de stress, nos dix participantes ont dit avoir plus de clart\u00e9 dans leur pratique vestimentaire. Avoir une garde-robe minimaliste leur a permis de prendre plus rapidement des d\u00e9cisions dans leur pratique vestimentaire, en passant moins de temps \u00e0 penser \u00e0 assortir leur tenue, coupl\u00e9 avec le plaisir d\u2019avoir une garde-robe organis\u00e9e, assortie et claire. Une participante en t\u00e9moigne :<\/p><blockquote><p>\u00ab Je ne savais m\u00eame pas le nombre exact de v\u00eatements que j\u2019avais dans mon placard. Mais maintenant je peux vous dire que j\u2019ai 20 v\u00eatements dans ma garde-robe ; il est clair que ma garde-robe \u201cd\u2019avant\u201d, c\u2019\u00e9tait du g\u00e2chis. Maintenant, c\u2019est plus simple et plus clair pour moi de choisir des v\u00eatements lorsque je m\u2019habille \u00bb.<\/p><\/blockquote><p>Qui plus est, ces trois semaines ont \u00e9galement d\u00e9velopp\u00e9 un sentiment de meilleure connaissance de soi chez nos participantes. Ce sentiment \u00e9tait coupl\u00e9 avec un sentiment de d\u00e9tachement face aux tendances \u00e0 suivre, notamment via les r\u00e9seaux sociaux. Une autre participante le confirme :<\/p><blockquote><p>\u00ab Maintenant, apr\u00e8s cette exp\u00e9rience, j\u2019ai l\u2019impression de mieux me conna\u00eetre, d\u2019acheter des v\u00eatements qui me conviennent mieux\u2026 Si vous savez ce que vous aimez, vous ne gaspillerez pas autant\u2026 vous faites une consommation cibl\u00e9e. Et vous vous sentez bien mieux \u00bb.<\/p><\/blockquote><p>Enfin, les dix participantes ont exprim\u00e9 moins de stress et une plus grande s\u00e9r\u00e9nit\u00e9 apr\u00e8s seulement trois semaines de garde-robe minimaliste. L\u2019une d\u2019entre elles le reconna\u00eet.<\/p><blockquote><p>\u00ab Je me sens moins stress\u00e9e car j\u2019ai moins d\u2019options vestimentaires et c\u2019est donc plus facile de me pr\u00e9parer pour le travail. Normalement, si je portais la m\u00eame chose pour travailler, je me serais sentie stress\u00e9e, mais au bout de trois semaines j\u2019ai ressenti moins de stress, m\u00eame si je portais les m\u00eames v\u00eatements\u2026 La garde-robe minimaliste a globalement r\u00e9duit mon anxi\u00e9t\u00e9 \u00bb.<\/p><\/blockquote><p>Cette premi\u00e8re \u00e9tude a montr\u00e9 que seulement trois semaines de garde-robe minimaliste pouvaient contribuer \u00e0 diminuer l\u2019anxi\u00e9t\u00e9, amener une plus grande s\u00e9r\u00e9nit\u00e9 et connaissance de soi, et m\u00eame \u00e0 augmenter la r\u00e9flexion \u00e9cologique des dix participantes.<\/p>\t\t\t\t\t\t\t\t<\/div>\n\t\t\t\t<\/div>\n\t\t\t\t\t<\/div>\n\t\t<\/div>\n\t\t\t\t\t<\/div>\n\t\t<\/section>\n\t\t\t\t<section class=\"elementor-section elementor-top-section elementor-element elementor-element-90e24e4 elementor-section-boxed elementor-section-height-default elementor-section-height-default\" data-id=\"90e24e4\" data-element_type=\"section\" data-e-type=\"section\">\n\t\t\t\t\t\t<div class=\"elementor-container elementor-column-gap-default\">\n\t\t\t\t\t<div class=\"elementor-column elementor-col-100 elementor-top-column elementor-element elementor-element-ca5f888\" data-id=\"ca5f888\" data-element_type=\"column\" data-e-type=\"column\">\n\t\t\t<div class=\"elementor-widget-wrap elementor-element-populated\">\n\t\t\t\t\t\t<div class=\"elementor-element elementor-element-d95a241 elementor-widget elementor-widget-text-editor\" data-id=\"d95a241\" data-element_type=\"widget\" data-e-type=\"widget\" data-widget_type=\"text-editor.default\">\n\t\t\t\t<div class=\"elementor-widget-container\">\n\t\t\t\t\t\t\t\t\t<h2>Et les hommes ?<\/h2><p>Elle ouvre ainsi la porte \u00e0 de nouvelles pistes de recherche : peut-on r\u00e9duire l\u2019\u00e9coanxi\u00e9t\u00e9 avec un mode de vie minimaliste ? Quel est l\u2019impact psychologique \u00e0 long terme d\u2019une garde-robe minimaliste ? Les hommes montreraient-ils les m\u00eames r\u00e9sultats ? Peut-on quantifier cette baisse d\u2019anxi\u00e9t\u00e9 apr\u00e8s plusieurs semaines de garde-robe minimaliste ?<\/p><p>Pour r\u00e9pondre \u00e0 ces nouvelles questions, notre \u00e9quipe de recherche souhaite poursuivre \u00e0 une plus grande \u00e9chelle ses observations relatives aux impacts des garde-robes minimalistes. Si vous aussi vous voulez tenter l\u2019aventure d\u2019une garde-robe minimaliste, n\u2019h\u00e9sitez pas \u00e0 nous contacter !<\/p>\t\t\t\t\t\t\t\t<\/div>\n\t\t\t\t<\/div>\n\t\t\t\t\t<\/div>\n\t\t<\/div>\n\t\t\t\t\t<\/div>\n\t\t<\/section>\n\t\t\t\t<section class=\"elementor-section elementor-top-section elementor-element elementor-element-57ffa24 elementor-section-boxed elementor-section-height-default elementor-section-height-default\" data-id=\"57ffa24\" data-element_type=\"section\" data-e-type=\"section\">\n\t\t\t\t\t\t<div class=\"elementor-container elementor-column-gap-default\">\n\t\t\t\t\t<div class=\"elementor-column elementor-col-100 elementor-top-column elementor-element elementor-element-2b50f6a\" data-id=\"2b50f6a\" data-element_type=\"column\" data-e-type=\"column\">\n\t\t\t<div class=\"elementor-widget-wrap elementor-element-populated\">\n\t\t\t\t\t\t<div class=\"elementor-element elementor-element-e964db4 elementor-widget-divider--view-line elementor-widget elementor-widget-divider\" data-id=\"e964db4\" data-element_type=\"widget\" data-e-type=\"widget\" data-widget_type=\"divider.default\">\n\t\t\t\t<div class=\"elementor-widget-container\">\n\t\t\t\t\t\t\t<div class=\"elementor-divider\">\n\t\t\t<span class=\"elementor-divider-separator\">\n\t\t\t\t\t\t<\/span>\n\t\t<\/div>\n\t\t\t\t\t\t<\/div>\n\t\t\t\t<\/div>\n\t\t\t\t\t<\/div>\n\t\t<\/div>\n\t\t\t\t\t<\/div>\n\t\t<\/section>\n\t\t\t\t<section class=\"elementor-section elementor-top-section elementor-element elementor-element-7b66c47 elementor-section-boxed elementor-section-height-default elementor-section-height-default\" data-id=\"7b66c47\" data-element_type=\"section\" data-e-type=\"section\">\n\t\t\t\t\t\t<div class=\"elementor-container elementor-column-gap-default\">\n\t\t\t\t\t<div class=\"elementor-column elementor-col-100 elementor-top-column elementor-element elementor-element-f2188a4\" data-id=\"f2188a4\" data-element_type=\"column\" data-e-type=\"column\">\n\t\t\t<div class=\"elementor-widget-wrap elementor-element-populated\">\n\t\t\t\t\t\t<div class=\"elementor-element elementor-element-46c785b elementor-widget elementor-widget-text-editor\" data-id=\"46c785b\" data-element_type=\"widget\" data-e-type=\"widget\" data-widget_type=\"text-editor.default\">\n\t\t\t\t<div class=\"elementor-widget-container\">\n\t\t\t\t\t\t\t\t\t<p><a href=\"https:\/\/theconversation.com\/profiles\/aurore-bardey-1286716\">Aurore Bardey<\/a>, Associate Professor in Marketing, <em><a href=\"https:\/\/theconversation.com\/institutions\/burgundy-school-of-business-2355\">Burgundy School of Business <\/a><\/em><\/p><p>Cet article est republi\u00e9 \u00e0 partir de <a href=\"https:\/\/theconversation.com\">The Conversation<\/a> sous licence Creative Commons. Lire l\u2019<a href=\"https:\/\/theconversation.com\/pour-reduire-votre-anxiete-optez-pour-une-garde-robe-minimaliste-175796\">article original<\/a>.<\/p>\t\t\t\t\t\t\t\t<\/div>\n\t\t\t\t<\/div>\n\t\t\t\t\t<\/div>\n\t\t<\/div>\n\t\t\t\t\t<\/div>\n\t\t<\/section>\n\t\t\t\t<\/div>\n\t\t","protected":false},"excerpt":{"rendered":"<p>[Publi\u00e9 le 1er f\u00e9vrier] Aurore Bardey, Burgundy School of Business \u00ab Apr\u00e8s cette exp\u00e9rience, j\u2019ai l\u2019impression de mieux me conna\u00eetre \u00bb, souligne une participante au groupe d\u2019\u00e9tude qui a fait du tri dans ses placards. Geneva Vanderzeil \/ Flickr, CC BY-SA De nos jours, la sant\u00e9 mentale et le bien-\u00eatre sont plus que jamais au &hellip; <a href=\"https:\/\/www.ubfc.fr\/en\/pour-reduire-votre-anxiete-optez-pour-une-garde-robe-minimaliste\/\">Continued<\/a><\/p>\n","protected":false},"author":60,"featured_media":58480,"comment_status":"open","ping_status":"closed","sticky":false,"template":"","format":"standard","meta":{"_acf_changed":false,"footnotes":""},"categories":[2062,2049,14],"class_list":["post-58681","post","type-post","status-publish","format-standard","has-post-thumbnail","hentry","category-culture-scientifique-et-technique","category-recherche","category-ubfc"],"acf":[],"yoast_head":"<!-- This site is optimized with the Yoast SEO plugin v27.4 - https:\/\/yoast.com\/product\/yoast-seo-wordpress\/ -->\n<title>Pour r\u00e9duire votre anxi\u00e9t\u00e9, optez pour une garde-robe minimaliste ! - COMUE Universit\u00e9 Bourgogne-Franche-Comt\u00e9<\/title>\n<meta name=\"robots\" content=\"index, follow, max-snippet:-1, max-image-preview:large, max-video-preview:-1\" \/>\n<link rel=\"canonical\" href=\"https:\/\/www.ubfc.fr\/en\/pour-reduire-votre-anxiete-optez-pour-une-garde-robe-minimaliste\/\" \/>\n<meta property=\"og:locale\" content=\"en_US\" \/>\n<meta property=\"og:type\" content=\"article\" \/>\n<meta property=\"og:title\" content=\"Pour r\u00e9duire votre anxi\u00e9t\u00e9, optez pour une garde-robe minimaliste ! - COMUE Universit\u00e9 Bourgogne-Franche-Comt\u00e9\" \/>\n<meta property=\"og:description\" content=\"[Publi\u00e9 le 1er f\u00e9vrier] Aurore Bardey, Burgundy School of Business \u00ab Apr\u00e8s cette exp\u00e9rience, j\u2019ai l\u2019impression de mieux me conna\u00eetre \u00bb, souligne une participante au groupe d\u2019\u00e9tude qui a fait du tri dans ses placards. Geneva Vanderzeil \/ Flickr, CC BY-SA De nos jours, la sant\u00e9 mentale et le bien-\u00eatre sont plus que jamais au &hellip; Continued\" \/>\n<meta property=\"og:url\" content=\"https:\/\/www.ubfc.fr\/en\/pour-reduire-votre-anxiete-optez-pour-une-garde-robe-minimaliste\/\" \/>\n<meta property=\"og:site_name\" content=\"COMUE Universit\u00e9 Bourgogne-Franche-Comt\u00e9\" \/>\n<meta property=\"article:publisher\" content=\"https:\/\/www.facebook.com\/UnivBFC\/\" \/>\n<meta property=\"article:published_time\" content=\"2022-02-02T07:52:57+00:00\" \/>\n<meta property=\"article:modified_time\" content=\"2022-03-15T08:11:36+00:00\" \/>\n<meta property=\"og:image\" content=\"https:\/\/www.ubfc.fr\/wp-content\/uploads\/2022\/02\/the-conversation-vignette-actu.png\" \/>\n\t<meta property=\"og:image:width\" content=\"412\" \/>\n\t<meta property=\"og:image:height\" content=\"536\" \/>\n\t<meta property=\"og:image:type\" content=\"image\/png\" \/>\n<meta name=\"author\" content=\"Fanny Ajak\" \/>\n<meta name=\"twitter:card\" content=\"summary_large_image\" \/>\n<meta name=\"twitter:creator\" content=\"@univ_bfc\" \/>\n<meta name=\"twitter:site\" content=\"@univ_bfc\" \/>\n<meta name=\"twitter:label1\" content=\"Written by\" \/>\n\t<meta name=\"twitter:data1\" content=\"Fanny Ajak\" \/>\n\t<meta name=\"twitter:label2\" content=\"Est. reading time\" \/>\n\t<meta name=\"twitter:data2\" content=\"5 minutes\" \/>\n<script type=\"application\/ld+json\" class=\"yoast-schema-graph\">{\"@context\":\"https:\\\/\\\/schema.org\",\"@graph\":[{\"@type\":\"Article\",\"@id\":\"https:\\\/\\\/www.ubfc.fr\\\/en\\\/pour-reduire-votre-anxiete-optez-pour-une-garde-robe-minimaliste\\\/#article\",\"isPartOf\":{\"@id\":\"https:\\\/\\\/www.ubfc.fr\\\/en\\\/pour-reduire-votre-anxiete-optez-pour-une-garde-robe-minimaliste\\\/\"},\"author\":{\"name\":\"Fanny Ajak\",\"@id\":\"https:\\\/\\\/www.ubfc.fr\\\/#\\\/schema\\\/person\\\/692829a283f52bc4a247708371ee307a\"},\"headline\":\"Pour r\u00e9duire votre anxi\u00e9t\u00e9, optez pour une garde-robe minimaliste !\",\"datePublished\":\"2022-02-02T07:52:57+00:00\",\"dateModified\":\"2022-03-15T08:11:36+00:00\",\"mainEntityOfPage\":{\"@id\":\"https:\\\/\\\/www.ubfc.fr\\\/en\\\/pour-reduire-votre-anxiete-optez-pour-une-garde-robe-minimaliste\\\/\"},\"wordCount\":921,\"commentCount\":0,\"publisher\":{\"@id\":\"https:\\\/\\\/www.ubfc.fr\\\/#organization\"},\"image\":{\"@id\":\"https:\\\/\\\/www.ubfc.fr\\\/en\\\/pour-reduire-votre-anxiete-optez-pour-une-garde-robe-minimaliste\\\/#primaryimage\"},\"thumbnailUrl\":\"https:\\\/\\\/www.ubfc.fr\\\/wp-content\\\/uploads\\\/2022\\\/02\\\/the-conversation-vignette-actu.png\",\"articleSection\":[\"Culture scientifique et technique\",\"Recherche\",\"UBFC\"],\"inLanguage\":\"en-US\",\"potentialAction\":[{\"@type\":\"CommentAction\",\"name\":\"Comment\",\"target\":[\"https:\\\/\\\/www.ubfc.fr\\\/en\\\/pour-reduire-votre-anxiete-optez-pour-une-garde-robe-minimaliste\\\/#respond\"]}]},{\"@type\":\"WebPage\",\"@id\":\"https:\\\/\\\/www.ubfc.fr\\\/en\\\/pour-reduire-votre-anxiete-optez-pour-une-garde-robe-minimaliste\\\/\",\"url\":\"https:\\\/\\\/www.ubfc.fr\\\/en\\\/pour-reduire-votre-anxiete-optez-pour-une-garde-robe-minimaliste\\\/\",\"name\":\"Pour r\u00e9duire votre anxi\u00e9t\u00e9, optez pour une garde-robe minimaliste ! - COMUE Universit\u00e9 Bourgogne-Franche-Comt\u00e9\",\"isPartOf\":{\"@id\":\"https:\\\/\\\/www.ubfc.fr\\\/#website\"},\"primaryImageOfPage\":{\"@id\":\"https:\\\/\\\/www.ubfc.fr\\\/en\\\/pour-reduire-votre-anxiete-optez-pour-une-garde-robe-minimaliste\\\/#primaryimage\"},\"image\":{\"@id\":\"https:\\\/\\\/www.ubfc.fr\\\/en\\\/pour-reduire-votre-anxiete-optez-pour-une-garde-robe-minimaliste\\\/#primaryimage\"},\"thumbnailUrl\":\"https:\\\/\\\/www.ubfc.fr\\\/wp-content\\\/uploads\\\/2022\\\/02\\\/the-conversation-vignette-actu.png\",\"datePublished\":\"2022-02-02T07:52:57+00:00\",\"dateModified\":\"2022-03-15T08:11:36+00:00\",\"breadcrumb\":{\"@id\":\"https:\\\/\\\/www.ubfc.fr\\\/en\\\/pour-reduire-votre-anxiete-optez-pour-une-garde-robe-minimaliste\\\/#breadcrumb\"},\"inLanguage\":\"en-US\",\"potentialAction\":[{\"@type\":\"ReadAction\",\"target\":[\"https:\\\/\\\/www.ubfc.fr\\\/en\\\/pour-reduire-votre-anxiete-optez-pour-une-garde-robe-minimaliste\\\/\"]}]},{\"@type\":\"ImageObject\",\"inLanguage\":\"en-US\",\"@id\":\"https:\\\/\\\/www.ubfc.fr\\\/en\\\/pour-reduire-votre-anxiete-optez-pour-une-garde-robe-minimaliste\\\/#primaryimage\",\"url\":\"https:\\\/\\\/www.ubfc.fr\\\/wp-content\\\/uploads\\\/2022\\\/02\\\/the-conversation-vignette-actu.png\",\"contentUrl\":\"https:\\\/\\\/www.ubfc.fr\\\/wp-content\\\/uploads\\\/2022\\\/02\\\/the-conversation-vignette-actu.png\",\"width\":412,\"height\":536},{\"@type\":\"BreadcrumbList\",\"@id\":\"https:\\\/\\\/www.ubfc.fr\\\/en\\\/pour-reduire-votre-anxiete-optez-pour-une-garde-robe-minimaliste\\\/#breadcrumb\",\"itemListElement\":[{\"@type\":\"ListItem\",\"position\":1,\"name\":\"Accueil\",\"item\":\"https:\\\/\\\/www.ubfc.fr\\\/en\\\/\"},{\"@type\":\"ListItem\",\"position\":2,\"name\":\"Pour r\u00e9duire votre anxi\u00e9t\u00e9, optez pour une garde-robe minimaliste !\"}]},{\"@type\":\"WebSite\",\"@id\":\"https:\\\/\\\/www.ubfc.fr\\\/#website\",\"url\":\"https:\\\/\\\/www.ubfc.fr\\\/\",\"name\":\"COMUE Universit\u00e9 Bourgogne-Franche-Comt\u00e9\",\"description\":\"\",\"publisher\":{\"@id\":\"https:\\\/\\\/www.ubfc.fr\\\/#organization\"},\"potentialAction\":[{\"@type\":\"SearchAction\",\"target\":{\"@type\":\"EntryPoint\",\"urlTemplate\":\"https:\\\/\\\/www.ubfc.fr\\\/?s={search_term_string}\"},\"query-input\":{\"@type\":\"PropertyValueSpecification\",\"valueRequired\":true,\"valueName\":\"search_term_string\"}}],\"inLanguage\":\"en-US\"},{\"@type\":\"Organization\",\"@id\":\"https:\\\/\\\/www.ubfc.fr\\\/#organization\",\"name\":\"Universit\u00e9 Bourgogne-Franche-Comt\u00e9\",\"url\":\"https:\\\/\\\/www.ubfc.fr\\\/\",\"logo\":{\"@type\":\"ImageObject\",\"inLanguage\":\"en-US\",\"@id\":\"https:\\\/\\\/www.ubfc.fr\\\/#\\\/schema\\\/logo\\\/image\\\/\",\"url\":\"https:\\\/\\\/www.ubfc.fr\\\/wp-content\\\/uploads\\\/2022\\\/03\\\/vagueUBFC_favicon.png\",\"contentUrl\":\"https:\\\/\\\/www.ubfc.fr\\\/wp-content\\\/uploads\\\/2022\\\/03\\\/vagueUBFC_favicon.png\",\"width\":512,\"height\":512,\"caption\":\"Universit\u00e9 Bourgogne-Franche-Comt\u00e9\"},\"image\":{\"@id\":\"https:\\\/\\\/www.ubfc.fr\\\/#\\\/schema\\\/logo\\\/image\\\/\"},\"sameAs\":[\"https:\\\/\\\/www.facebook.com\\\/UnivBFC\\\/\",\"https:\\\/\\\/x.com\\\/univ_bfc\",\"https:\\\/\\\/www.linkedin.com\\\/school\\\/universitebourgognefranchecomte\\\/mycompany\\\/\"]},{\"@type\":\"Person\",\"@id\":\"https:\\\/\\\/www.ubfc.fr\\\/#\\\/schema\\\/person\\\/692829a283f52bc4a247708371ee307a\",\"name\":\"Fanny Ajak\"}]}<\/script>\n<!-- \/ Yoast SEO plugin. -->","yoast_head_json":{"title":"Pour r\u00e9duire votre anxi\u00e9t\u00e9, optez pour une garde-robe minimaliste ! - COMUE Universit\u00e9 Bourgogne-Franche-Comt\u00e9","robots":{"index":"index","follow":"follow","max-snippet":"max-snippet:-1","max-image-preview":"max-image-preview:large","max-video-preview":"max-video-preview:-1"},"canonical":"https:\/\/www.ubfc.fr\/en\/pour-reduire-votre-anxiete-optez-pour-une-garde-robe-minimaliste\/","og_locale":"en_US","og_type":"article","og_title":"Pour r\u00e9duire votre anxi\u00e9t\u00e9, optez pour une garde-robe minimaliste ! - COMUE Universit\u00e9 Bourgogne-Franche-Comt\u00e9","og_description":"[Publi\u00e9 le 1er f\u00e9vrier] Aurore Bardey, Burgundy School of Business \u00ab Apr\u00e8s cette exp\u00e9rience, j\u2019ai l\u2019impression de mieux me conna\u00eetre \u00bb, souligne une participante au groupe d\u2019\u00e9tude qui a fait du tri dans ses placards. Geneva Vanderzeil \/ Flickr, CC BY-SA De nos jours, la sant\u00e9 mentale et le bien-\u00eatre sont plus que jamais au &hellip; Continued","og_url":"https:\/\/www.ubfc.fr\/en\/pour-reduire-votre-anxiete-optez-pour-une-garde-robe-minimaliste\/","og_site_name":"COMUE Universit\u00e9 Bourgogne-Franche-Comt\u00e9","article_publisher":"https:\/\/www.facebook.com\/UnivBFC\/","article_published_time":"2022-02-02T07:52:57+00:00","article_modified_time":"2022-03-15T08:11:36+00:00","og_image":[{"width":412,"height":536,"url":"https:\/\/www.ubfc.fr\/wp-content\/uploads\/2022\/02\/the-conversation-vignette-actu.png","type":"image\/png"}],"author":"Fanny Ajak","twitter_card":"summary_large_image","twitter_creator":"@univ_bfc","twitter_site":"@univ_bfc","twitter_misc":{"Written by":"Fanny Ajak","Est. reading time":"5 minutes"},"schema":{"@context":"https:\/\/schema.org","@graph":[{"@type":"Article","@id":"https:\/\/www.ubfc.fr\/en\/pour-reduire-votre-anxiete-optez-pour-une-garde-robe-minimaliste\/#article","isPartOf":{"@id":"https:\/\/www.ubfc.fr\/en\/pour-reduire-votre-anxiete-optez-pour-une-garde-robe-minimaliste\/"},"author":{"name":"Fanny Ajak","@id":"https:\/\/www.ubfc.fr\/#\/schema\/person\/692829a283f52bc4a247708371ee307a"},"headline":"Pour r\u00e9duire votre anxi\u00e9t\u00e9, optez pour une garde-robe minimaliste !","datePublished":"2022-02-02T07:52:57+00:00","dateModified":"2022-03-15T08:11:36+00:00","mainEntityOfPage":{"@id":"https:\/\/www.ubfc.fr\/en\/pour-reduire-votre-anxiete-optez-pour-une-garde-robe-minimaliste\/"},"wordCount":921,"commentCount":0,"publisher":{"@id":"https:\/\/www.ubfc.fr\/#organization"},"image":{"@id":"https:\/\/www.ubfc.fr\/en\/pour-reduire-votre-anxiete-optez-pour-une-garde-robe-minimaliste\/#primaryimage"},"thumbnailUrl":"https:\/\/www.ubfc.fr\/wp-content\/uploads\/2022\/02\/the-conversation-vignette-actu.png","articleSection":["Culture scientifique et technique","Recherche","UBFC"],"inLanguage":"en-US","potentialAction":[{"@type":"CommentAction","name":"Comment","target":["https:\/\/www.ubfc.fr\/en\/pour-reduire-votre-anxiete-optez-pour-une-garde-robe-minimaliste\/#respond"]}]},{"@type":"WebPage","@id":"https:\/\/www.ubfc.fr\/en\/pour-reduire-votre-anxiete-optez-pour-une-garde-robe-minimaliste\/","url":"https:\/\/www.ubfc.fr\/en\/pour-reduire-votre-anxiete-optez-pour-une-garde-robe-minimaliste\/","name":"Pour r\u00e9duire votre anxi\u00e9t\u00e9, optez pour une garde-robe minimaliste ! - COMUE Universit\u00e9 Bourgogne-Franche-Comt\u00e9","isPartOf":{"@id":"https:\/\/www.ubfc.fr\/#website"},"primaryImageOfPage":{"@id":"https:\/\/www.ubfc.fr\/en\/pour-reduire-votre-anxiete-optez-pour-une-garde-robe-minimaliste\/#primaryimage"},"image":{"@id":"https:\/\/www.ubfc.fr\/en\/pour-reduire-votre-anxiete-optez-pour-une-garde-robe-minimaliste\/#primaryimage"},"thumbnailUrl":"https:\/\/www.ubfc.fr\/wp-content\/uploads\/2022\/02\/the-conversation-vignette-actu.png","datePublished":"2022-02-02T07:52:57+00:00","dateModified":"2022-03-15T08:11:36+00:00","breadcrumb":{"@id":"https:\/\/www.ubfc.fr\/en\/pour-reduire-votre-anxiete-optez-pour-une-garde-robe-minimaliste\/#breadcrumb"},"inLanguage":"en-US","potentialAction":[{"@type":"ReadAction","target":["https:\/\/www.ubfc.fr\/en\/pour-reduire-votre-anxiete-optez-pour-une-garde-robe-minimaliste\/"]}]},{"@type":"ImageObject","inLanguage":"en-US","@id":"https:\/\/www.ubfc.fr\/en\/pour-reduire-votre-anxiete-optez-pour-une-garde-robe-minimaliste\/#primaryimage","url":"https:\/\/www.ubfc.fr\/wp-content\/uploads\/2022\/02\/the-conversation-vignette-actu.png","contentUrl":"https:\/\/www.ubfc.fr\/wp-content\/uploads\/2022\/02\/the-conversation-vignette-actu.png","width":412,"height":536},{"@type":"BreadcrumbList","@id":"https:\/\/www.ubfc.fr\/en\/pour-reduire-votre-anxiete-optez-pour-une-garde-robe-minimaliste\/#breadcrumb","itemListElement":[{"@type":"ListItem","position":1,"name":"Accueil","item":"https:\/\/www.ubfc.fr\/en\/"},{"@type":"ListItem","position":2,"name":"Pour r\u00e9duire votre anxi\u00e9t\u00e9, optez pour une garde-robe minimaliste !"}]},{"@type":"WebSite","@id":"https:\/\/www.ubfc.fr\/#website","url":"https:\/\/www.ubfc.fr\/","name":"COMUE Universit\u00e9 Bourgogne-Franche-Comt\u00e9","description":"","publisher":{"@id":"https:\/\/www.ubfc.fr\/#organization"},"potentialAction":[{"@type":"SearchAction","target":{"@type":"EntryPoint","urlTemplate":"https:\/\/www.ubfc.fr\/?s={search_term_string}"},"query-input":{"@type":"PropertyValueSpecification","valueRequired":true,"valueName":"search_term_string"}}],"inLanguage":"en-US"},{"@type":"Organization","@id":"https:\/\/www.ubfc.fr\/#organization","name":"Universit\u00e9 Bourgogne-Franche-Comt\u00e9","url":"https:\/\/www.ubfc.fr\/","logo":{"@type":"ImageObject","inLanguage":"en-US","@id":"https:\/\/www.ubfc.fr\/#\/schema\/logo\/image\/","url":"https:\/\/www.ubfc.fr\/wp-content\/uploads\/2022\/03\/vagueUBFC_favicon.png","contentUrl":"https:\/\/www.ubfc.fr\/wp-content\/uploads\/2022\/03\/vagueUBFC_favicon.png","width":512,"height":512,"caption":"Universit\u00e9 Bourgogne-Franche-Comt\u00e9"},"image":{"@id":"https:\/\/www.ubfc.fr\/#\/schema\/logo\/image\/"},"sameAs":["https:\/\/www.facebook.com\/UnivBFC\/","https:\/\/x.com\/univ_bfc","https:\/\/www.linkedin.com\/school\/universitebourgognefranchecomte\/mycompany\/"]},{"@type":"Person","@id":"https:\/\/www.ubfc.fr\/#\/schema\/person\/692829a283f52bc4a247708371ee307a","name":"Fanny Ajak"}]}},"_links":{"self":[{"href":"https:\/\/www.ubfc.fr\/en\/wp-json\/wp\/v2\/posts\/58681","targetHints":{"allow":["GET"]}}],"collection":[{"href":"https:\/\/www.ubfc.fr\/en\/wp-json\/wp\/v2\/posts"}],"about":[{"href":"https:\/\/www.ubfc.fr\/en\/wp-json\/wp\/v2\/types\/post"}],"author":[{"embeddable":true,"href":"https:\/\/www.ubfc.fr\/en\/wp-json\/wp\/v2\/users\/60"}],"replies":[{"embeddable":true,"href":"https:\/\/www.ubfc.fr\/en\/wp-json\/wp\/v2\/comments?post=58681"}],"version-history":[{"count":0,"href":"https:\/\/www.ubfc.fr\/en\/wp-json\/wp\/v2\/posts\/58681\/revisions"}],"wp:featuredmedia":[{"embeddable":true,"href":"https:\/\/www.ubfc.fr\/en\/wp-json\/wp\/v2\/media\/58480"}],"wp:attachment":[{"href":"https:\/\/www.ubfc.fr\/en\/wp-json\/wp\/v2\/media?parent=58681"}],"wp:term":[{"taxonomy":"category","embeddable":true,"href":"https:\/\/www.ubfc.fr\/en\/wp-json\/wp\/v2\/categories?post=58681"}],"curies":[{"name":"wp","href":"https:\/\/api.w.org\/{rel}","templated":true}]}}