{"id":56540,"date":"2021-11-18T15:58:01","date_gmt":"2021-11-18T14:58:01","guid":{"rendered":"https:\/\/www.ubfc.fr\/?p=56540"},"modified":"2022-02-01T12:38:02","modified_gmt":"2022-02-01T11:38:02","slug":"abus-sexuels-anorexie-le-mal-etre-bien-reel-des-mannequins","status":"publish","type":"post","link":"https:\/\/www.ubfc.fr\/en\/abus-sexuels-anorexie-le-mal-etre-bien-reel-des-mannequins\/","title":{"rendered":"Abus sexuels, anorexie\u2026 Derri\u00e8re la magie des podiums, le mal-\u00eatre bien r\u00e9el des mannequins"},"content":{"rendered":"\t\t<div data-elementor-type=\"wp-post\" data-elementor-id=\"56540\" class=\"elementor elementor-56540\" data-elementor-post-type=\"post\">\n\t\t\t\t\t\t<section class=\"elementor-section elementor-top-section elementor-element elementor-element-3d25f8c elementor-section-boxed elementor-section-height-default elementor-section-height-default\" data-id=\"3d25f8c\" data-element_type=\"section\" data-e-type=\"section\">\n\t\t\t\t\t\t<div class=\"elementor-container elementor-column-gap-default\">\n\t\t\t\t\t<div class=\"elementor-column elementor-col-100 elementor-top-column elementor-element elementor-element-1be4112\" data-id=\"1be4112\" data-element_type=\"column\" data-e-type=\"column\">\n\t\t\t<div class=\"elementor-widget-wrap elementor-element-populated\">\n\t\t\t\t\t\t<div class=\"elementor-element elementor-element-e8ecd28 elementor-widget elementor-widget-text-editor\" data-id=\"e8ecd28\" data-element_type=\"widget\" data-e-type=\"widget\" data-widget_type=\"text-editor.default\">\n\t\t\t\t<div class=\"elementor-widget-container\">\n\t\t\t\t\t\t\t\t\t<p><span style=\"font-size: 8pt\">[Publi\u00e9 le <span id=\"timestamp\">18 novembre 2021<\/span>]<\/span><\/p>\t\t\t\t\t\t\t\t<\/div>\n\t\t\t\t<\/div>\n\t\t\t\t\t<\/div>\n\t\t<\/div>\n\t\t\t\t\t<\/div>\n\t\t<\/section>\n\t\t\t\t<section class=\"elementor-section elementor-top-section elementor-element elementor-element-6b8ac28 elementor-section-boxed elementor-section-height-default elementor-section-height-default\" data-id=\"6b8ac28\" data-element_type=\"section\" data-e-type=\"section\">\n\t\t\t\t\t\t<div class=\"elementor-container elementor-column-gap-default\">\n\t\t\t\t\t<div class=\"elementor-column elementor-col-100 elementor-top-column elementor-element elementor-element-9f234bd\" data-id=\"9f234bd\" data-element_type=\"column\" data-e-type=\"column\">\n\t\t\t<div class=\"elementor-widget-wrap elementor-element-populated\">\n\t\t\t\t\t\t<div class=\"elementor-element elementor-element-f04c7ae elementor-widget elementor-widget-text-editor\" data-id=\"f04c7ae\" data-element_type=\"widget\" data-e-type=\"widget\" data-widget_type=\"text-editor.default\">\n\t\t\t\t<div class=\"elementor-widget-container\">\n\t\t\t\t\t\t\t\t\t<p><a href=\"https:\/\/theconversation.com\/profiles\/aurore-bardey-1286716\">Aurore Bardey<\/a>, <em><a href=\"https:\/\/theconversation.com\/institutions\/burgundy-school-of-business-2355\">Burgundy School of Business <\/a><\/em><\/p>\t\t\t\t\t\t\t\t<\/div>\n\t\t\t\t<\/div>\n\t\t\t\t\t<\/div>\n\t\t<\/div>\n\t\t\t\t\t<\/div>\n\t\t<\/section>\n\t\t\t\t<section class=\"elementor-section elementor-top-section elementor-element elementor-element-e72473d elementor-section-boxed elementor-section-height-default elementor-section-height-default\" data-id=\"e72473d\" data-element_type=\"section\" data-e-type=\"section\">\n\t\t\t\t\t\t<div class=\"elementor-container elementor-column-gap-default\">\n\t\t\t\t\t<div class=\"elementor-column elementor-col-100 elementor-top-column elementor-element elementor-element-17ce3ae\" data-id=\"17ce3ae\" data-element_type=\"column\" data-e-type=\"column\">\n\t\t\t<div class=\"elementor-widget-wrap elementor-element-populated\">\n\t\t\t\t\t\t<div class=\"elementor-element elementor-element-16ee637 elementor-widget elementor-widget-text-editor\" data-id=\"16ee637\" data-element_type=\"widget\" data-e-type=\"widget\" data-widget_type=\"text-editor.default\">\n\t\t\t\t<div class=\"elementor-widget-container\">\n\t\t\t\t\t\t\t\t\t<figure><img decoding=\"async\" src=\"https:\/\/images.theconversation.com\/files\/429768\/original\/file-20211102-29670-nit90m.jpg?ixlib=rb-1.1.0&amp;rect=0%2C22%2C1255%2C818&amp;q=45&amp;auto=format&amp;w=754&amp;fit=clip\" \/><figcaption>Trois pommes, le r\u00e9gime quotidien de Victoire Ma\u00e7on-Dauxerre lorsqu\u2019elle d\u00e9filait.\n<span class=\"attribution\"><a class=\"source\" href=\"https:\/\/pixabay.com\/fr\/photos\/pomme-trois-fruit-pommes-2173865\/\">b1-foto\/Pixabay <\/a>, <a class=\"license\" href=\"http:\/\/creativecommons.org\/licenses\/by-sa\/4.0\/\">CC BY-SA<\/a><\/span><\/figcaption><\/figure>\t\t\t\t\t\t\t\t<\/div>\n\t\t\t\t<\/div>\n\t\t\t\t\t<\/div>\n\t\t<\/div>\n\t\t\t\t\t<\/div>\n\t\t<\/section>\n\t\t\t\t<section class=\"elementor-section elementor-top-section elementor-element elementor-element-1865511 elementor-section-boxed elementor-section-height-default elementor-section-height-default\" data-id=\"1865511\" data-element_type=\"section\" data-e-type=\"section\">\n\t\t\t\t\t\t<div class=\"elementor-container elementor-column-gap-default\">\n\t\t\t\t\t<div class=\"elementor-column elementor-col-100 elementor-top-column elementor-element elementor-element-a41fc51\" data-id=\"a41fc51\" data-element_type=\"column\" data-e-type=\"column\">\n\t\t\t<div class=\"elementor-widget-wrap elementor-element-populated\">\n\t\t\t\t\t\t<div class=\"elementor-element elementor-element-f6ae46a elementor-widget elementor-widget-text-editor\" data-id=\"f6ae46a\" data-element_type=\"widget\" data-e-type=\"widget\" data-widget_type=\"text-editor.default\">\n\t\t\t\t<div class=\"elementor-widget-container\">\n\t\t\t\t\t\t\t\t\t<p>En 2016, l\u2019ex-mannequin Victoire Ma\u00e7on-Dauxerre publiait un r\u00e9cit criant de v\u00e9rit\u00e9 et d\u2019atrocit\u00e9. Dans son livre <em>Jamais Trop Maigre. Journal d\u2019un Top Model<\/em> (\u00e9ditions Les Ar\u00e8nes), elle expliquait son quotidien de mod\u00e8le au cours de sa fulgurante carri\u00e8re dans le mannequinat. <a href=\"https:\/\/madame.lefigaro.fr\/societe\/jamais-assez-maigre-la-passe-de-cintre-de-victoire-110116-111679\">Trois pommes par jour<\/a>, tel \u00e9tait son r\u00e9gime quotidien. Elle racontait, avec une sinc\u00e9rit\u00e9 faisant froid dans le dos, comment elle avait failli mourir de d\u00e9filer.<\/p><p>Depuis la sortie de son livre, Victoire a \u00e9t\u00e9 invit\u00e9e dans plusieurs \u00e9missions, on l\u2019a \u00e9cout\u00e9e, on a pleur\u00e9, on s\u2019est indign\u00e9. Son livre a \u00e9t\u00e9 traduit <a href=\"https:\/\/www.standard.co.uk\/culture\/books\/size-zero-my-life-as-a-disappearing-model-by-victoire-dauxerre-with-valerie-peronnet-translated-by-andy-bliss-review-a3457291.html\">dans plusieurs langues<\/a>. Ce dernier, ainsi que ses interventions m\u00e9diatiques qui ont suivi, a eu un immense impact jusqu\u2019\u00e0 la dimension juridique.<\/p><figure><figcaption><span class=\"caption\">Interview de Victoire Ma\u00e7on-Dauxerre \u00e0 l\u2019occasion de la publication de son livre \u00ab Jamais assez maigre \u00bb (TV5 Monde, 2016).<\/span><\/figcaption><\/figure><p>En effet, en 2017, <a href=\"https:\/\/www.sciencesetavenir.fr\/nutrition\/regimes\/loi-mannequins-un-decret-publie-pour-lutter-contre-l-extreme-maigreur_112942\">deux d\u00e9crets d\u2019applications de la loi \u00ab mannequins \u00bb<\/a> ont \u00e9t\u00e9 adopt\u00e9s pour lutter contre l\u2019anorexie et la maigreur dans les d\u00e9fil\u00e9s de mode. Tout le monde a applaudi des deux mains et <a href=\"https:\/\/www.leparisien.fr\/laparisienne\/actualites\/la-loi-mannequins-entre-en-application-ce-samedi-05-05-2017-6919191.php\">d\u2019autres pays ont suivi l\u2019exemple<\/a> fran\u00e7ais.<\/p><h2>\u00ab Marche ou cr\u00e8ve \u00bb<\/h2><p>Pourtant, la maigreur et le mal-\u00eatre sont toujours pr\u00e9sents sur les podiums. Une \u00e9quipe universitaire franco-britannique a r\u00e9cemment publi\u00e9 un <a href=\"https:\/\/www.tandfonline.com\/doi\/abs\/10.1080\/17569370.2021.1969754\">travail de recherche<\/a> auquel j&#8217;ai particip\u00e9 soulignant le mal-\u00eatre des mannequins. On y d\u00e9crit une approche qui rel\u00e8ve davantage de celle du business du corps que du glamour des paillettes.<\/p><p>Comme le r\u00e9v\u00e8le le t\u00e9moignage que nous avons recueilli de Marie* :<\/p><blockquote><p>\u00ab Pour ce qui est de ma carri\u00e8re, j\u2019ai v\u00e9cu plusieurs moments heureux, surtout quand je d\u00e9crochais un boulot [\u2026]. Pour moi, le mannequinat, c\u2019\u00e9tait du business, c\u2019\u00e9tait avant tout gagner de l\u2019argent. \u00bb<\/p><\/blockquote><p>Ou encore celui d\u2019Amandine :<\/p><blockquote><p>\u00ab Le grand public consid\u00e8re ce travail comme tr\u00e8s glamour, quelque chose que seules des personnes parfaites peuvent faire. Mais l\u2019industrie elle-m\u00eame est plus dure, sans c\u0153ur. \u00bb<\/p><\/blockquote><p>Notre recherche met en \u00e9vidence une industrie de type \u00ab marche ou cr\u00e8ve \u00bb, une industrie o\u00f9 les mannequins doivent r\u00e9sister \u00e0 une pression et des rythmes infernaux. Si elles ne tiennent pas, une file d\u2019attente avec d\u2019autres mannequins toutes aussi jolies attendent pour les remplacer.<\/p><p>Damien, un agent de mod\u00e8les, le souligne :<\/p><blockquote><p>\u00ab C\u2019est une industrie assez brutale. Les mannequins sont \u201cjetables\u201d, il y a un gros turnover. Ainsi, une fille pourrait avoir une saison de d\u00e9fil\u00e9s incroyable, puis la saison suivante\u2026 personne ne veut d\u2019elle. Pour g\u00e9rer \u00e7a, vous devez absolument avoir une base tr\u00e8s solide en termes de famille et d\u2019amis. \u00bb<\/p><\/blockquote><p>En effet, derri\u00e8re la beaut\u00e9 des podiums se cache un univers sombre o\u00f9 l\u2019objectification des corps fait loi. Marylin, mannequin, d\u00e9plore cette d\u00e9shumanisation :<\/p><blockquote><p>\u00ab En s\u00e9ance de shooting et en d\u00e9fil\u00e9, les gens vont toujours parler de toi, de ta coiffure, de ton corps en face de toi mais sans te consid\u00e9rer, comme si tu n\u2019\u00e9tais pas l\u00e0 [\u2026]. Ils font des commentaires les plus \u00e9tranges \u00e0 propos de ton apparence ou de ton corps juste devant toi. \u00bb<\/p><\/blockquote><p>Cette objectification entra\u00eene de graves probl\u00e8mes, que Victoire Ma\u00e7on-Dauxerre d\u00e9crit dans son livre et qui sont toujours de mise. Le spectre de ces probl\u00e8mes reste large, touchant \u00e0 la fois le psychique et le physique, du d\u00e9ficit d\u2019estime de soi aux troubles alimentaires. Betty d\u00e9crit la r\u00e9alit\u00e9 de ces cons\u00e9quences :<\/p><blockquote><p>\u00ab J\u2019ai beaucoup de probl\u00e8mes avec ma propre estime, notamment avec la perception de mon corps. Entendre constamment des commentaires du type \u201ctu as des grosses et belles fesses\u201d, c\u2019est difficile puisque moi, je me dis constamment \u201cje veux \u00eatre un b\u00e2ton\u201d. En fait, j\u2019\u00e9value constamment ma valeur par rapport \u00e0 mon poids. Par exemple, je n\u2019aime pas le sentiment d\u2019\u00eatre rassasi\u00e9e\u2026 Cela me donne l\u2019impression que je fais quelque chose de mal. C\u2019est profond\u00e9ment psychologique. \u00bb<\/p><\/blockquote><p>Betty souligne \u00e9galement que, pour chaque d\u00e9fil\u00e9, chaque photoshoot, il y a beaucoup d\u2019appel\u00e9es mais peu d\u2019\u00e9lues :<\/p><blockquote><p>\u00ab Tous les rejets qui arrivent dans cette carri\u00e8re\u2026 On essaie de s\u2019y habituer, mais \u00e7a nous affecte forc\u00e9ment. \u00bb<\/p><\/blockquote><p>Sans oublier l\u2019exposition potentielle aux abus sexuels. La publication de notre article universitaire, en septembre 2021, fait ainsi sombrement \u00e9cho \u00e0 l\u2019actualit\u00e9. Une <a href=\"https:\/\/www.sudouest.fr\/france\/d-anciennes-mannequins-accusent-de-viols-gerald-marie-l-ancien-patron-de-l-agence-elite-5704519.php\">enqu\u00eate pr\u00e9liminaire visant l&#8217;ancien patron europ\u00e9en de l\u2019agence Elite<\/a> a en effet \u00e9t\u00e9 ouverte \u00e0 ce moment-l\u00e0.<\/p><p>Il est accus\u00e9 de viols et d\u2019agressions sexuelles par une quinzaine de mannequins.<\/p><h2>\u00ab Trait\u00e9es comme des cintres \u00bb<\/h2><p>Fin octobre, plusieurs mannequins <a href=\"https:\/\/www.info-flash.com\/info-flash\/actualites\/france\/ile-de-france\/paris\/30438-paris\/9837579-information.html\">ont trouv\u00e9 en TikTok<\/a> une plate-forme pour expliquer leur quotidien. Selon les posts, sous les paillettes des d\u00e9fil\u00e9s, sous le glamour des photoshoot, se cache un sombre univers de pression pour maigrir, de coca\u00efne, mais aussi d&#8217;abus sexuels. Marie, mannequin encore en activit\u00e9, nous l\u2019a confirm\u00e9 :<\/p><blockquote><p>\u00ab J\u2019ai v\u00e9cu une exp\u00e9rience vraiment d\u00e9go\u00fbtante. \u00c0 un moment, pendant le photoshoot, tout le monde est parti, le photographe continuait de prendre des photos, j\u2019\u00e9tais sur le dos, et soudainement, il s\u2019est retrouv\u00e9 sur moi. Je n\u2019ai pas compris ce qu\u2019il se passait, j\u2019ai paniqu\u00e9. \u00bb<\/p><\/blockquote><p>Les pistes d\u2019une saine \u00e9volution sont pourtant \u00e0 port\u00e9e de main : consid\u00e9rer les mannequins comme des \u00eatres humains et non \u00ab comme des cintres \u00bb, comme le d\u00e9plore un mannequin sur TikTok, ou encore se baser sur l\u2019humain et non sur le v\u00eatement. Ces \u00e9tapes sont basiques mais malheureusement largement ignor\u00e9es. Or, comme l\u2019a \u00e9crit Victoire Ma\u00e7on-Dauxerre dans son livre : \u00ab ce sont les v\u00eatements qu\u2019ils regardent, pas toi\u2026 ! \u00bb.<\/p><hr \/>\t\t\t\t\t\t\t\t<\/div>\n\t\t\t\t<\/div>\n\t\t\t\t\t<\/div>\n\t\t<\/div>\n\t\t\t\t\t<\/div>\n\t\t<\/section>\n\t\t\t\t<section class=\"elementor-section elementor-top-section elementor-element elementor-element-acd7fea elementor-section-boxed elementor-section-height-default elementor-section-height-default\" data-id=\"acd7fea\" data-element_type=\"section\" data-e-type=\"section\">\n\t\t\t\t\t\t<div class=\"elementor-container elementor-column-gap-default\">\n\t\t\t\t\t<div class=\"elementor-column elementor-col-100 elementor-top-column elementor-element elementor-element-939ed6d\" data-id=\"939ed6d\" data-element_type=\"column\" data-e-type=\"column\">\n\t\t\t<div class=\"elementor-widget-wrap elementor-element-populated\">\n\t\t\t\t\t\t<div class=\"elementor-element elementor-element-3cfed77 elementor-widget-divider--view-line elementor-widget elementor-widget-divider\" data-id=\"3cfed77\" data-element_type=\"widget\" data-e-type=\"widget\" data-widget_type=\"divider.default\">\n\t\t\t\t<div class=\"elementor-widget-container\">\n\t\t\t\t\t\t\t<div class=\"elementor-divider\">\n\t\t\t<span class=\"elementor-divider-separator\">\n\t\t\t\t\t\t<\/span>\n\t\t<\/div>\n\t\t\t\t\t\t<\/div>\n\t\t\t\t<\/div>\n\t\t\t\t\t<\/div>\n\t\t<\/div>\n\t\t\t\t\t<\/div>\n\t\t<\/section>\n\t\t\t\t<section class=\"elementor-section elementor-top-section elementor-element elementor-element-139e932 elementor-section-boxed elementor-section-height-default elementor-section-height-default\" data-id=\"139e932\" data-element_type=\"section\" data-e-type=\"section\">\n\t\t\t\t\t\t<div class=\"elementor-container elementor-column-gap-default\">\n\t\t\t\t\t<div class=\"elementor-column elementor-col-100 elementor-top-column elementor-element elementor-element-21fc4a8\" data-id=\"21fc4a8\" data-element_type=\"column\" data-e-type=\"column\">\n\t\t\t<div class=\"elementor-widget-wrap elementor-element-populated\">\n\t\t\t\t\t\t<div class=\"elementor-element elementor-element-7e1010e elementor-widget elementor-widget-text-editor\" data-id=\"7e1010e\" data-element_type=\"widget\" data-e-type=\"widget\" data-widget_type=\"text-editor.default\">\n\t\t\t\t<div class=\"elementor-widget-container\">\n\t\t\t\t\t\t\t\t\t<p><em>*Les pr\u00e9noms figurant dans cet article sont des noms d\u2019emprunt<\/em>.<\/p><p><a href=\"https:\/\/theconversation.com\/profiles\/aurore-bardey-1286716\">Aurore Bardey<\/a>, Associate Professor in Marketing, <em><a href=\"https:\/\/theconversation.com\/institutions\/burgundy-school-of-business-2355\">Burgundy School of Business <\/a><\/em><\/p><p>Cet article est republi\u00e9 \u00e0 partir de <a href=\"https:\/\/theconversation.com\">The Conversation<\/a> sous licence Creative Commons. Lire l\u2019<a href=\"https:\/\/theconversation.com\/abus-sexuels-anorexie-derriere-la-magie-des-podiums-le-mal-etre-bien-reel-des-mannequins-171054\">article original<\/a>.<\/p>\t\t\t\t\t\t\t\t<\/div>\n\t\t\t\t<\/div>\n\t\t\t\t\t<\/div>\n\t\t<\/div>\n\t\t\t\t\t<\/div>\n\t\t<\/section>\n\t\t\t\t<\/div>\n\t\t","protected":false},"excerpt":{"rendered":"<p>Abus sexuels, anorexie\u2026 Derri\u00e8re la magie des podiums, le mal-\u00eatre bien r\u00e9el des mannequins Trois pommes, le r\u00e9gime quotidien de Victoire Ma\u00e7on-Dauxerre lorsqu\u2019elle d\u00e9filait. b1-foto\/Pixabay , CC BY-SA Aurore Bardey, Burgundy School of Business En 2016, l\u2019ex-mannequin Victoire Ma\u00e7on-Dauxerre publiait un r\u00e9cit criant de v\u00e9rit\u00e9 et d\u2019atrocit\u00e9. Dans son livre Jamais Trop Maigre. Journal d\u2019un &hellip; <a href=\"https:\/\/www.ubfc.fr\/en\/abus-sexuels-anorexie-le-mal-etre-bien-reel-des-mannequins\/\">Continued<\/a><\/p>\n","protected":false},"author":60,"featured_media":58480,"comment_status":"open","ping_status":"closed","sticky":false,"template":"","format":"standard","meta":{"_acf_changed":false,"footnotes":""},"categories":[2062,2049,14],"class_list":["post-56540","post","type-post","status-publish","format-standard","has-post-thumbnail","hentry","category-culture-scientifique-et-technique","category-recherche","category-ubfc"],"acf":[],"yoast_head":"<!-- This site is optimized with the Yoast SEO plugin v27.4 - https:\/\/yoast.com\/product\/yoast-seo-wordpress\/ -->\n<title>Abus sexuels, anorexie\u2026 Derri\u00e8re la magie des podiums, le mal-\u00eatre bien r\u00e9el des mannequins - COMUE Universit\u00e9 Bourgogne-Franche-Comt\u00e9<\/title>\n<meta name=\"robots\" content=\"index, follow, max-snippet:-1, max-image-preview:large, max-video-preview:-1\" \/>\n<link rel=\"canonical\" href=\"https:\/\/www.ubfc.fr\/en\/abus-sexuels-anorexie-le-mal-etre-bien-reel-des-mannequins\/\" \/>\n<meta property=\"og:locale\" content=\"en_US\" \/>\n<meta property=\"og:type\" content=\"article\" \/>\n<meta property=\"og:title\" content=\"Abus sexuels, anorexie\u2026 Derri\u00e8re la magie des podiums, le mal-\u00eatre bien r\u00e9el des mannequins - COMUE Universit\u00e9 Bourgogne-Franche-Comt\u00e9\" \/>\n<meta property=\"og:description\" content=\"Abus sexuels, anorexie\u2026 Derri\u00e8re la magie des podiums, le mal-\u00eatre bien r\u00e9el des mannequins Trois pommes, le r\u00e9gime quotidien de Victoire Ma\u00e7on-Dauxerre lorsqu\u2019elle d\u00e9filait. b1-foto\/Pixabay , CC BY-SA Aurore Bardey, Burgundy School of Business En 2016, l\u2019ex-mannequin Victoire Ma\u00e7on-Dauxerre publiait un r\u00e9cit criant de v\u00e9rit\u00e9 et d\u2019atrocit\u00e9. Dans son livre Jamais Trop Maigre. Journal d\u2019un &hellip; Continued\" \/>\n<meta property=\"og:url\" content=\"https:\/\/www.ubfc.fr\/en\/abus-sexuels-anorexie-le-mal-etre-bien-reel-des-mannequins\/\" \/>\n<meta property=\"og:site_name\" content=\"COMUE Universit\u00e9 Bourgogne-Franche-Comt\u00e9\" \/>\n<meta property=\"article:publisher\" content=\"https:\/\/www.facebook.com\/UnivBFC\/\" \/>\n<meta property=\"article:published_time\" content=\"2021-11-18T14:58:01+00:00\" \/>\n<meta property=\"article:modified_time\" content=\"2022-02-01T11:38:02+00:00\" \/>\n<meta property=\"og:image\" content=\"https:\/\/www.ubfc.fr\/wp-content\/uploads\/2022\/02\/the-conversation-vignette-actu.png\" \/>\n\t<meta property=\"og:image:width\" content=\"412\" \/>\n\t<meta property=\"og:image:height\" content=\"536\" \/>\n\t<meta property=\"og:image:type\" content=\"image\/png\" \/>\n<meta name=\"author\" content=\"Fanny Ajak\" \/>\n<meta name=\"twitter:card\" content=\"summary_large_image\" \/>\n<meta name=\"twitter:creator\" content=\"@univ_bfc\" \/>\n<meta name=\"twitter:site\" content=\"@univ_bfc\" \/>\n<meta name=\"twitter:label1\" content=\"Written by\" \/>\n\t<meta name=\"twitter:data1\" content=\"Fanny Ajak\" \/>\n\t<meta name=\"twitter:label2\" content=\"Est. reading time\" \/>\n\t<meta name=\"twitter:data2\" content=\"5 minutes\" \/>\n<script type=\"application\/ld+json\" class=\"yoast-schema-graph\">{\"@context\":\"https:\\\/\\\/schema.org\",\"@graph\":[{\"@type\":\"Article\",\"@id\":\"https:\\\/\\\/www.ubfc.fr\\\/en\\\/abus-sexuels-anorexie-le-mal-etre-bien-reel-des-mannequins\\\/#article\",\"isPartOf\":{\"@id\":\"https:\\\/\\\/www.ubfc.fr\\\/en\\\/abus-sexuels-anorexie-le-mal-etre-bien-reel-des-mannequins\\\/\"},\"author\":{\"name\":\"Fanny Ajak\",\"@id\":\"https:\\\/\\\/www.ubfc.fr\\\/#\\\/schema\\\/person\\\/692829a283f52bc4a247708371ee307a\"},\"headline\":\"Abus sexuels, anorexie\u2026 Derri\u00e8re la magie des podiums, le mal-\u00eatre bien r\u00e9el des mannequins\",\"datePublished\":\"2021-11-18T14:58:01+00:00\",\"dateModified\":\"2022-02-01T11:38:02+00:00\",\"mainEntityOfPage\":{\"@id\":\"https:\\\/\\\/www.ubfc.fr\\\/en\\\/abus-sexuels-anorexie-le-mal-etre-bien-reel-des-mannequins\\\/\"},\"wordCount\":1074,\"commentCount\":0,\"publisher\":{\"@id\":\"https:\\\/\\\/www.ubfc.fr\\\/#organization\"},\"image\":{\"@id\":\"https:\\\/\\\/www.ubfc.fr\\\/en\\\/abus-sexuels-anorexie-le-mal-etre-bien-reel-des-mannequins\\\/#primaryimage\"},\"thumbnailUrl\":\"https:\\\/\\\/www.ubfc.fr\\\/wp-content\\\/uploads\\\/2022\\\/02\\\/the-conversation-vignette-actu.png\",\"articleSection\":[\"Culture scientifique et technique\",\"Recherche\",\"UBFC\"],\"inLanguage\":\"en-US\",\"potentialAction\":[{\"@type\":\"CommentAction\",\"name\":\"Comment\",\"target\":[\"https:\\\/\\\/www.ubfc.fr\\\/en\\\/abus-sexuels-anorexie-le-mal-etre-bien-reel-des-mannequins\\\/#respond\"]}]},{\"@type\":\"WebPage\",\"@id\":\"https:\\\/\\\/www.ubfc.fr\\\/en\\\/abus-sexuels-anorexie-le-mal-etre-bien-reel-des-mannequins\\\/\",\"url\":\"https:\\\/\\\/www.ubfc.fr\\\/en\\\/abus-sexuels-anorexie-le-mal-etre-bien-reel-des-mannequins\\\/\",\"name\":\"Abus sexuels, anorexie\u2026 Derri\u00e8re la magie des podiums, le mal-\u00eatre bien r\u00e9el des mannequins - COMUE Universit\u00e9 Bourgogne-Franche-Comt\u00e9\",\"isPartOf\":{\"@id\":\"https:\\\/\\\/www.ubfc.fr\\\/#website\"},\"primaryImageOfPage\":{\"@id\":\"https:\\\/\\\/www.ubfc.fr\\\/en\\\/abus-sexuels-anorexie-le-mal-etre-bien-reel-des-mannequins\\\/#primaryimage\"},\"image\":{\"@id\":\"https:\\\/\\\/www.ubfc.fr\\\/en\\\/abus-sexuels-anorexie-le-mal-etre-bien-reel-des-mannequins\\\/#primaryimage\"},\"thumbnailUrl\":\"https:\\\/\\\/www.ubfc.fr\\\/wp-content\\\/uploads\\\/2022\\\/02\\\/the-conversation-vignette-actu.png\",\"datePublished\":\"2021-11-18T14:58:01+00:00\",\"dateModified\":\"2022-02-01T11:38:02+00:00\",\"breadcrumb\":{\"@id\":\"https:\\\/\\\/www.ubfc.fr\\\/en\\\/abus-sexuels-anorexie-le-mal-etre-bien-reel-des-mannequins\\\/#breadcrumb\"},\"inLanguage\":\"en-US\",\"potentialAction\":[{\"@type\":\"ReadAction\",\"target\":[\"https:\\\/\\\/www.ubfc.fr\\\/en\\\/abus-sexuels-anorexie-le-mal-etre-bien-reel-des-mannequins\\\/\"]}]},{\"@type\":\"ImageObject\",\"inLanguage\":\"en-US\",\"@id\":\"https:\\\/\\\/www.ubfc.fr\\\/en\\\/abus-sexuels-anorexie-le-mal-etre-bien-reel-des-mannequins\\\/#primaryimage\",\"url\":\"https:\\\/\\\/www.ubfc.fr\\\/wp-content\\\/uploads\\\/2022\\\/02\\\/the-conversation-vignette-actu.png\",\"contentUrl\":\"https:\\\/\\\/www.ubfc.fr\\\/wp-content\\\/uploads\\\/2022\\\/02\\\/the-conversation-vignette-actu.png\",\"width\":412,\"height\":536},{\"@type\":\"BreadcrumbList\",\"@id\":\"https:\\\/\\\/www.ubfc.fr\\\/en\\\/abus-sexuels-anorexie-le-mal-etre-bien-reel-des-mannequins\\\/#breadcrumb\",\"itemListElement\":[{\"@type\":\"ListItem\",\"position\":1,\"name\":\"Accueil\",\"item\":\"https:\\\/\\\/www.ubfc.fr\\\/en\\\/\"},{\"@type\":\"ListItem\",\"position\":2,\"name\":\"Abus sexuels, anorexie\u2026 Derri\u00e8re la magie des podiums, le mal-\u00eatre bien r\u00e9el des mannequins\"}]},{\"@type\":\"WebSite\",\"@id\":\"https:\\\/\\\/www.ubfc.fr\\\/#website\",\"url\":\"https:\\\/\\\/www.ubfc.fr\\\/\",\"name\":\"COMUE Universit\u00e9 Bourgogne-Franche-Comt\u00e9\",\"description\":\"\",\"publisher\":{\"@id\":\"https:\\\/\\\/www.ubfc.fr\\\/#organization\"},\"potentialAction\":[{\"@type\":\"SearchAction\",\"target\":{\"@type\":\"EntryPoint\",\"urlTemplate\":\"https:\\\/\\\/www.ubfc.fr\\\/?s={search_term_string}\"},\"query-input\":{\"@type\":\"PropertyValueSpecification\",\"valueRequired\":true,\"valueName\":\"search_term_string\"}}],\"inLanguage\":\"en-US\"},{\"@type\":\"Organization\",\"@id\":\"https:\\\/\\\/www.ubfc.fr\\\/#organization\",\"name\":\"Universit\u00e9 Bourgogne-Franche-Comt\u00e9\",\"url\":\"https:\\\/\\\/www.ubfc.fr\\\/\",\"logo\":{\"@type\":\"ImageObject\",\"inLanguage\":\"en-US\",\"@id\":\"https:\\\/\\\/www.ubfc.fr\\\/#\\\/schema\\\/logo\\\/image\\\/\",\"url\":\"https:\\\/\\\/www.ubfc.fr\\\/wp-content\\\/uploads\\\/2022\\\/03\\\/vagueUBFC_favicon.png\",\"contentUrl\":\"https:\\\/\\\/www.ubfc.fr\\\/wp-content\\\/uploads\\\/2022\\\/03\\\/vagueUBFC_favicon.png\",\"width\":512,\"height\":512,\"caption\":\"Universit\u00e9 Bourgogne-Franche-Comt\u00e9\"},\"image\":{\"@id\":\"https:\\\/\\\/www.ubfc.fr\\\/#\\\/schema\\\/logo\\\/image\\\/\"},\"sameAs\":[\"https:\\\/\\\/www.facebook.com\\\/UnivBFC\\\/\",\"https:\\\/\\\/x.com\\\/univ_bfc\",\"https:\\\/\\\/www.linkedin.com\\\/school\\\/universitebourgognefranchecomte\\\/mycompany\\\/\"]},{\"@type\":\"Person\",\"@id\":\"https:\\\/\\\/www.ubfc.fr\\\/#\\\/schema\\\/person\\\/692829a283f52bc4a247708371ee307a\",\"name\":\"Fanny Ajak\"}]}<\/script>\n<!-- \/ Yoast SEO plugin. -->","yoast_head_json":{"title":"Abus sexuels, anorexie\u2026 Derri\u00e8re la magie des podiums, le mal-\u00eatre bien r\u00e9el des mannequins - COMUE Universit\u00e9 Bourgogne-Franche-Comt\u00e9","robots":{"index":"index","follow":"follow","max-snippet":"max-snippet:-1","max-image-preview":"max-image-preview:large","max-video-preview":"max-video-preview:-1"},"canonical":"https:\/\/www.ubfc.fr\/en\/abus-sexuels-anorexie-le-mal-etre-bien-reel-des-mannequins\/","og_locale":"en_US","og_type":"article","og_title":"Abus sexuels, anorexie\u2026 Derri\u00e8re la magie des podiums, le mal-\u00eatre bien r\u00e9el des mannequins - COMUE Universit\u00e9 Bourgogne-Franche-Comt\u00e9","og_description":"Abus sexuels, anorexie\u2026 Derri\u00e8re la magie des podiums, le mal-\u00eatre bien r\u00e9el des mannequins Trois pommes, le r\u00e9gime quotidien de Victoire Ma\u00e7on-Dauxerre lorsqu\u2019elle d\u00e9filait. b1-foto\/Pixabay , CC BY-SA Aurore Bardey, Burgundy School of Business En 2016, l\u2019ex-mannequin Victoire Ma\u00e7on-Dauxerre publiait un r\u00e9cit criant de v\u00e9rit\u00e9 et d\u2019atrocit\u00e9. Dans son livre Jamais Trop Maigre. Journal d\u2019un &hellip; Continued","og_url":"https:\/\/www.ubfc.fr\/en\/abus-sexuels-anorexie-le-mal-etre-bien-reel-des-mannequins\/","og_site_name":"COMUE Universit\u00e9 Bourgogne-Franche-Comt\u00e9","article_publisher":"https:\/\/www.facebook.com\/UnivBFC\/","article_published_time":"2021-11-18T14:58:01+00:00","article_modified_time":"2022-02-01T11:38:02+00:00","og_image":[{"width":412,"height":536,"url":"https:\/\/www.ubfc.fr\/wp-content\/uploads\/2022\/02\/the-conversation-vignette-actu.png","type":"image\/png"}],"author":"Fanny Ajak","twitter_card":"summary_large_image","twitter_creator":"@univ_bfc","twitter_site":"@univ_bfc","twitter_misc":{"Written by":"Fanny Ajak","Est. reading time":"5 minutes"},"schema":{"@context":"https:\/\/schema.org","@graph":[{"@type":"Article","@id":"https:\/\/www.ubfc.fr\/en\/abus-sexuels-anorexie-le-mal-etre-bien-reel-des-mannequins\/#article","isPartOf":{"@id":"https:\/\/www.ubfc.fr\/en\/abus-sexuels-anorexie-le-mal-etre-bien-reel-des-mannequins\/"},"author":{"name":"Fanny Ajak","@id":"https:\/\/www.ubfc.fr\/#\/schema\/person\/692829a283f52bc4a247708371ee307a"},"headline":"Abus sexuels, anorexie\u2026 Derri\u00e8re la magie des podiums, le mal-\u00eatre bien r\u00e9el des mannequins","datePublished":"2021-11-18T14:58:01+00:00","dateModified":"2022-02-01T11:38:02+00:00","mainEntityOfPage":{"@id":"https:\/\/www.ubfc.fr\/en\/abus-sexuels-anorexie-le-mal-etre-bien-reel-des-mannequins\/"},"wordCount":1074,"commentCount":0,"publisher":{"@id":"https:\/\/www.ubfc.fr\/#organization"},"image":{"@id":"https:\/\/www.ubfc.fr\/en\/abus-sexuels-anorexie-le-mal-etre-bien-reel-des-mannequins\/#primaryimage"},"thumbnailUrl":"https:\/\/www.ubfc.fr\/wp-content\/uploads\/2022\/02\/the-conversation-vignette-actu.png","articleSection":["Culture scientifique et technique","Recherche","UBFC"],"inLanguage":"en-US","potentialAction":[{"@type":"CommentAction","name":"Comment","target":["https:\/\/www.ubfc.fr\/en\/abus-sexuels-anorexie-le-mal-etre-bien-reel-des-mannequins\/#respond"]}]},{"@type":"WebPage","@id":"https:\/\/www.ubfc.fr\/en\/abus-sexuels-anorexie-le-mal-etre-bien-reel-des-mannequins\/","url":"https:\/\/www.ubfc.fr\/en\/abus-sexuels-anorexie-le-mal-etre-bien-reel-des-mannequins\/","name":"Abus sexuels, anorexie\u2026 Derri\u00e8re la magie des podiums, le mal-\u00eatre bien r\u00e9el des mannequins - COMUE Universit\u00e9 Bourgogne-Franche-Comt\u00e9","isPartOf":{"@id":"https:\/\/www.ubfc.fr\/#website"},"primaryImageOfPage":{"@id":"https:\/\/www.ubfc.fr\/en\/abus-sexuels-anorexie-le-mal-etre-bien-reel-des-mannequins\/#primaryimage"},"image":{"@id":"https:\/\/www.ubfc.fr\/en\/abus-sexuels-anorexie-le-mal-etre-bien-reel-des-mannequins\/#primaryimage"},"thumbnailUrl":"https:\/\/www.ubfc.fr\/wp-content\/uploads\/2022\/02\/the-conversation-vignette-actu.png","datePublished":"2021-11-18T14:58:01+00:00","dateModified":"2022-02-01T11:38:02+00:00","breadcrumb":{"@id":"https:\/\/www.ubfc.fr\/en\/abus-sexuels-anorexie-le-mal-etre-bien-reel-des-mannequins\/#breadcrumb"},"inLanguage":"en-US","potentialAction":[{"@type":"ReadAction","target":["https:\/\/www.ubfc.fr\/en\/abus-sexuels-anorexie-le-mal-etre-bien-reel-des-mannequins\/"]}]},{"@type":"ImageObject","inLanguage":"en-US","@id":"https:\/\/www.ubfc.fr\/en\/abus-sexuels-anorexie-le-mal-etre-bien-reel-des-mannequins\/#primaryimage","url":"https:\/\/www.ubfc.fr\/wp-content\/uploads\/2022\/02\/the-conversation-vignette-actu.png","contentUrl":"https:\/\/www.ubfc.fr\/wp-content\/uploads\/2022\/02\/the-conversation-vignette-actu.png","width":412,"height":536},{"@type":"BreadcrumbList","@id":"https:\/\/www.ubfc.fr\/en\/abus-sexuels-anorexie-le-mal-etre-bien-reel-des-mannequins\/#breadcrumb","itemListElement":[{"@type":"ListItem","position":1,"name":"Accueil","item":"https:\/\/www.ubfc.fr\/en\/"},{"@type":"ListItem","position":2,"name":"Abus sexuels, anorexie\u2026 Derri\u00e8re la magie des podiums, le mal-\u00eatre bien r\u00e9el des mannequins"}]},{"@type":"WebSite","@id":"https:\/\/www.ubfc.fr\/#website","url":"https:\/\/www.ubfc.fr\/","name":"COMUE Universit\u00e9 Bourgogne-Franche-Comt\u00e9","description":"","publisher":{"@id":"https:\/\/www.ubfc.fr\/#organization"},"potentialAction":[{"@type":"SearchAction","target":{"@type":"EntryPoint","urlTemplate":"https:\/\/www.ubfc.fr\/?s={search_term_string}"},"query-input":{"@type":"PropertyValueSpecification","valueRequired":true,"valueName":"search_term_string"}}],"inLanguage":"en-US"},{"@type":"Organization","@id":"https:\/\/www.ubfc.fr\/#organization","name":"Universit\u00e9 Bourgogne-Franche-Comt\u00e9","url":"https:\/\/www.ubfc.fr\/","logo":{"@type":"ImageObject","inLanguage":"en-US","@id":"https:\/\/www.ubfc.fr\/#\/schema\/logo\/image\/","url":"https:\/\/www.ubfc.fr\/wp-content\/uploads\/2022\/03\/vagueUBFC_favicon.png","contentUrl":"https:\/\/www.ubfc.fr\/wp-content\/uploads\/2022\/03\/vagueUBFC_favicon.png","width":512,"height":512,"caption":"Universit\u00e9 Bourgogne-Franche-Comt\u00e9"},"image":{"@id":"https:\/\/www.ubfc.fr\/#\/schema\/logo\/image\/"},"sameAs":["https:\/\/www.facebook.com\/UnivBFC\/","https:\/\/x.com\/univ_bfc","https:\/\/www.linkedin.com\/school\/universitebourgognefranchecomte\/mycompany\/"]},{"@type":"Person","@id":"https:\/\/www.ubfc.fr\/#\/schema\/person\/692829a283f52bc4a247708371ee307a","name":"Fanny Ajak"}]}},"_links":{"self":[{"href":"https:\/\/www.ubfc.fr\/en\/wp-json\/wp\/v2\/posts\/56540","targetHints":{"allow":["GET"]}}],"collection":[{"href":"https:\/\/www.ubfc.fr\/en\/wp-json\/wp\/v2\/posts"}],"about":[{"href":"https:\/\/www.ubfc.fr\/en\/wp-json\/wp\/v2\/types\/post"}],"author":[{"embeddable":true,"href":"https:\/\/www.ubfc.fr\/en\/wp-json\/wp\/v2\/users\/60"}],"replies":[{"embeddable":true,"href":"https:\/\/www.ubfc.fr\/en\/wp-json\/wp\/v2\/comments?post=56540"}],"version-history":[{"count":0,"href":"https:\/\/www.ubfc.fr\/en\/wp-json\/wp\/v2\/posts\/56540\/revisions"}],"wp:featuredmedia":[{"embeddable":true,"href":"https:\/\/www.ubfc.fr\/en\/wp-json\/wp\/v2\/media\/58480"}],"wp:attachment":[{"href":"https:\/\/www.ubfc.fr\/en\/wp-json\/wp\/v2\/media?parent=56540"}],"wp:term":[{"taxonomy":"category","embeddable":true,"href":"https:\/\/www.ubfc.fr\/en\/wp-json\/wp\/v2\/categories?post=56540"}],"curies":[{"name":"wp","href":"https:\/\/api.w.org\/{rel}","templated":true}]}}