{"id":56472,"date":"2021-11-18T15:16:42","date_gmt":"2021-11-18T14:16:42","guid":{"rendered":"https:\/\/www.ubfc.fr\/?p=56472"},"modified":"2022-02-01T12:40:58","modified_gmt":"2022-02-01T11:40:58","slug":"halloween-une-nuit-a-tombeaux-ouverts","status":"publish","type":"post","link":"https:\/\/www.ubfc.fr\/en\/halloween-une-nuit-a-tombeaux-ouverts\/","title":{"rendered":"Halloween, une nuit \u00e0 tombeaux ouverts"},"content":{"rendered":"\t\t<div data-elementor-type=\"wp-post\" data-elementor-id=\"56472\" class=\"elementor elementor-56472\" data-elementor-post-type=\"post\">\n\t\t\t\t\t\t<section class=\"elementor-section elementor-top-section elementor-element elementor-element-3f36918 elementor-section-boxed elementor-section-height-default elementor-section-height-default\" data-id=\"3f36918\" data-element_type=\"section\" data-e-type=\"section\">\n\t\t\t\t\t\t<div class=\"elementor-container elementor-column-gap-default\">\n\t\t\t\t\t<div class=\"elementor-column elementor-col-100 elementor-top-column elementor-element elementor-element-44a59bd\" data-id=\"44a59bd\" data-element_type=\"column\" data-e-type=\"column\">\n\t\t\t<div class=\"elementor-widget-wrap elementor-element-populated\">\n\t\t\t\t\t\t<div class=\"elementor-element elementor-element-bcb5ff9 elementor-widget elementor-widget-text-editor\" data-id=\"bcb5ff9\" data-element_type=\"widget\" data-e-type=\"widget\" data-widget_type=\"text-editor.default\">\n\t\t\t\t<div class=\"elementor-widget-container\">\n\t\t\t\t\t\t\t\t\t<p><span style=\"font-size: 8pt\">[Publi\u00e9 le <span id=\"timestamp\">18 novembre 2021<\/span>]<\/span><\/p>\t\t\t\t\t\t\t\t<\/div>\n\t\t\t\t<\/div>\n\t\t\t\t\t<\/div>\n\t\t<\/div>\n\t\t\t\t\t<\/div>\n\t\t<\/section>\n\t\t\t\t<section class=\"elementor-section elementor-top-section elementor-element elementor-element-e968402 elementor-section-boxed elementor-section-height-default elementor-section-height-default\" data-id=\"e968402\" data-element_type=\"section\" data-e-type=\"section\">\n\t\t\t\t\t\t<div class=\"elementor-container elementor-column-gap-default\">\n\t\t\t\t\t<div class=\"elementor-column elementor-col-100 elementor-top-column elementor-element elementor-element-d910155\" data-id=\"d910155\" data-element_type=\"column\" data-e-type=\"column\">\n\t\t\t<div class=\"elementor-widget-wrap elementor-element-populated\">\n\t\t\t\t\t\t<div class=\"elementor-element elementor-element-0bea4fb elementor-widget elementor-widget-text-editor\" data-id=\"0bea4fb\" data-element_type=\"widget\" data-e-type=\"widget\" data-widget_type=\"text-editor.default\">\n\t\t\t\t<div class=\"elementor-widget-container\">\n\t\t\t\t\t\t\t\t\t<p><a href=\"https:\/\/theconversation.com\/profiles\/pascal-lardellier-336983\">Pascal Lardellier<\/a>, <em><a href=\"https:\/\/theconversation.com\/institutions\/universite-bourgogne-franche-comte-ubfc-3565\">Universit\u00e9 Bourgogne Franche-Comt\u00e9 (UBFC)<\/a><\/em><\/p>\t\t\t\t\t\t\t\t<\/div>\n\t\t\t\t<\/div>\n\t\t\t\t\t<\/div>\n\t\t<\/div>\n\t\t\t\t\t<\/div>\n\t\t<\/section>\n\t\t\t\t<section class=\"elementor-section elementor-top-section elementor-element elementor-element-d6e5529 elementor-section-boxed elementor-section-height-default elementor-section-height-default\" data-id=\"d6e5529\" data-element_type=\"section\" data-e-type=\"section\">\n\t\t\t\t\t\t<div class=\"elementor-container elementor-column-gap-default\">\n\t\t\t\t\t<div class=\"elementor-column elementor-col-100 elementor-top-column elementor-element elementor-element-13b5e4f\" data-id=\"13b5e4f\" data-element_type=\"column\" data-e-type=\"column\">\n\t\t\t<div class=\"elementor-widget-wrap elementor-element-populated\">\n\t\t\t\t\t\t<div class=\"elementor-element elementor-element-26cc00e elementor-widget elementor-widget-text-editor\" data-id=\"26cc00e\" data-element_type=\"widget\" data-e-type=\"widget\" data-widget_type=\"text-editor.default\">\n\t\t\t\t<div class=\"elementor-widget-container\">\n\t\t\t\t\t\t\t\t\t<p>Halloween, f\u00eate automnale des morts, des fant\u00f4mes et des sortil\u00e8ges, conna\u00eet un destin troubl\u00e9 : de retour dans la \u00ab vieille Europe \u00bb au milieu des ann\u00e9es 1990 et promue dans l\u2019Hexagone par des instigateurs z\u00e9l\u00e9s \u2013 parc d\u2019attraction et cha\u00eene de fast-food \u00e0 l\u2019appui \u2013 cette f\u00eate suscite l\u2019engouement ou le d\u00e9dain. Regain festif et pa\u00efen pour les uns, cheval de Troie de \u00ab l\u2019imp\u00e9rialisme culturel am\u00e9ricain \u00bb pour les autres, cette c\u00e9l\u00e9bration paganiste ne laisse pas indiff\u00e9rent. L\u2019\u00c9glise catholique, \u00e9mue de \u00ab l\u2019influence n\u00e9faste \u00bb de la bacchanale, <a href=\"https:\/\/www.lapresse.ca\/vivre\/dossiers\/halloween\/201010\/27\/01-4336718-holyween-une-alternative-chretienne-a-halloween.php\">a m\u00eame cr\u00e9\u00e9 \u00ab Holyween \u00bb<\/a> (soir\u00e9e de pri\u00e8res en r\u00e9action), afin de donner un coup de balai aux histoires de sorci\u00e8res.<\/p><p>Le premier int\u00e9r\u00eat d\u2019Halloween, c\u2019est la pluralit\u00e9 d\u2019analyses auxquelles ce \u00ab n\u00e9o-rite pa\u00efen \u00bb donne lieu.<\/p><p>Halloween marque le retour de \u00ab vieilles lunes \u00bb et de f\u00eates oubli\u00e9es, ou qui \u00e9taient simplement en sommeil\u2026 attendant qu\u2019on les exhume en quelque sorte. Ses origines sont tout <a href=\"https:\/\/www.france24.com\/fr\/20161031-origines-dhalloween-samain-fete-celtique-morts-vivants\">\u00e0 la fois celtiques<\/a> et <a href=\"https:\/\/www.geo.fr\/histoire\/les-5-choses-a-savoir-sur-la-fete-des-morts-198400\">mexicaines<\/a>. A l\u2019origine, la m\u00eame volont\u00e9 de c\u00e9l\u00e9brer les morts, et de manifester aussi sa peur conjuratoire, avant d\u2019entrer dans l\u2019hiver et le cycle des nuits courtes, p\u00e9riode anxiog\u00e8ne s\u2019il en est.<\/p>\t\t\t\t\t\t\t\t<\/div>\n\t\t\t\t<\/div>\n\t\t\t\t\t<\/div>\n\t\t<\/div>\n\t\t\t\t\t<\/div>\n\t\t<\/section>\n\t\t\t\t<section class=\"elementor-section elementor-top-section elementor-element elementor-element-5d11caf elementor-section-boxed elementor-section-height-default elementor-section-height-default\" data-id=\"5d11caf\" data-element_type=\"section\" data-e-type=\"section\">\n\t\t\t\t\t\t<div class=\"elementor-container elementor-column-gap-default\">\n\t\t\t\t\t<div class=\"elementor-column elementor-col-100 elementor-top-column elementor-element elementor-element-f63ca59\" data-id=\"f63ca59\" data-element_type=\"column\" data-e-type=\"column\">\n\t\t\t<div class=\"elementor-widget-wrap elementor-element-populated\">\n\t\t\t\t\t\t<div class=\"elementor-element elementor-element-34c829d elementor-widget elementor-widget-text-editor\" data-id=\"34c829d\" data-element_type=\"widget\" data-e-type=\"widget\" data-widget_type=\"text-editor.default\">\n\t\t\t\t<div class=\"elementor-widget-container\">\n\t\t\t\t\t\t\t\t\t<h3>La mort comme continuation de la vie<\/h3><p>Les conquistadors espagnols d\u00e9couvrant le Mexique furent impressionn\u00e9s par un rituel azt\u00e8que pratiqu\u00e9 de tr\u00e8s longue date et qui leur paraissait sacril\u00e8ge. Car, \u00e0 l\u2019inverse des Espagnols qui voyaient la mort comme la fin de la vie, les Azt\u00e8ques la consid\u00e9raient comme sa continuation. Ils gardaient des cr\u00e2nes comme des troph\u00e9es et les exhibaient durant ces f\u00eates pour symboliser la renaissance et pour honorer les morts qui revenaient selon eux en visite \u00e0 cette \u00e9poque de l\u2019ann\u00e9e. Ne parvenant pas \u00e0 \u00e9liminer ce rite, les Espagnols en fix\u00e8rent la date en m\u00eame temps que celle d\u2019une f\u00eate chr\u00e9tienne : la Toussaint.<\/p><p>C\u2019est le Jour des Morts, \u00ab el Dia de los Muertos \u00bb. C\u2019est une f\u00eate joyeuse, moment o\u00f9 les \u00e2mes de ceux qui sont partis viennent rendre visite aux vivants. Cette f\u00eate dure deux jours, les 1<sup>er<\/sup> et 2 novembre.<\/p><p>A cette occasion, les Mexicains \u00e9difient des autels en souvenir de ceux qu\u2019ils aimaient et d\u00e9posent des offrandes sur leurs tombes. Et nombre de lieux publics sont d\u00e9cor\u00e9s avec des repr\u00e9sentations ironiques de la mort, des squelettes dansant et chantant comme des vivants, avatars exotiques et mouvants des danses macabres m\u00e9di\u00e9vales. Ces processions lancinantes ont \u00e9t\u00e9 immortalis\u00e9es (si l\u2019on peut dire) par l\u2019ouverture impressionnante du James Bond 007 <em>Spectre<\/em> en 2016.<\/p><p>C\u2019est sur une base mythique et festive similaire que s\u2019est d\u00e9velopp\u00e9e l\u2019Halloween europ\u00e9enne. Il \u00e9tait encore question de c\u00e9l\u00e9brer les d\u00e9funts en parodiant la mort sous la forme de courges. Le rite est \u00e0 tous \u00e9gards pa\u00efen, et il est compr\u00e9hensible qu\u2019il ne p\u00fbt \u00eatre en odeur de saintet\u00e9 : on c\u00e9l\u00e8bre bruyamment les morts et les sorci\u00e8res, on joue \u00e0 faire (se) peur, on se grime de mani\u00e8re effrayante.<\/p>\t\t\t\t\t\t\t\t<\/div>\n\t\t\t\t<\/div>\n\t\t\t\t\t<\/div>\n\t\t<\/div>\n\t\t\t\t\t<\/div>\n\t\t<\/section>\n\t\t\t\t<section class=\"elementor-section elementor-top-section elementor-element elementor-element-24271e4 elementor-section-boxed elementor-section-height-default elementor-section-height-default\" data-id=\"24271e4\" data-element_type=\"section\" data-e-type=\"section\">\n\t\t\t\t\t\t<div class=\"elementor-container elementor-column-gap-default\">\n\t\t\t\t\t<div class=\"elementor-column elementor-col-100 elementor-top-column elementor-element elementor-element-6f5d3b6\" data-id=\"6f5d3b6\" data-element_type=\"column\" data-e-type=\"column\">\n\t\t\t<div class=\"elementor-widget-wrap elementor-element-populated\">\n\t\t\t\t\t\t<div class=\"elementor-element elementor-element-eb0c65d elementor-widget elementor-widget-video\" data-id=\"eb0c65d\" data-element_type=\"widget\" data-e-type=\"widget\" data-settings=\"{&quot;youtube_url&quot;:&quot;https:\\\/\\\/youtu.be\\\/PDKIrrgW1xY&quot;,&quot;video_type&quot;:&quot;youtube&quot;,&quot;controls&quot;:&quot;yes&quot;}\" data-widget_type=\"video.default\">\n\t\t\t\t<div class=\"elementor-widget-container\">\n\t\t\t\t\t\t\t<div class=\"elementor-wrapper elementor-open-inline\">\n\t\t\t<div class=\"elementor-video\"><\/div>\t\t<\/div>\n\t\t\t\t\t\t<\/div>\n\t\t\t\t<\/div>\n\t\t\t\t\t<\/div>\n\t\t<\/div>\n\t\t\t\t\t<\/div>\n\t\t<\/section>\n\t\t\t\t<section class=\"elementor-section elementor-top-section elementor-element elementor-element-f3b05e3 elementor-section-boxed elementor-section-height-default elementor-section-height-default\" data-id=\"f3b05e3\" data-element_type=\"section\" data-e-type=\"section\">\n\t\t\t\t\t\t<div class=\"elementor-container elementor-column-gap-default\">\n\t\t\t\t\t<div class=\"elementor-column elementor-col-100 elementor-top-column elementor-element elementor-element-2bb6591\" data-id=\"2bb6591\" data-element_type=\"column\" data-e-type=\"column\">\n\t\t\t<div class=\"elementor-widget-wrap elementor-element-populated\">\n\t\t\t\t\t\t<div class=\"elementor-element elementor-element-560f651 elementor-widget elementor-widget-text-editor\" data-id=\"560f651\" data-element_type=\"widget\" data-e-type=\"widget\" data-widget_type=\"text-editor.default\">\n\t\t\t\t<div class=\"elementor-widget-container\">\n\t\t\t\t\t\t\t\t\t<p>Outre-Atlantique, cette f\u00eate est c\u00e9l\u00e9br\u00e9e depuis longtemps, puisqu\u2019import\u00e9e par les premiers immigrants au XVII<sup>e<\/sup> si\u00e8cle. Tous les 31 octobre, les enfants grim\u00e9s en sorci\u00e8res, fant\u00f4mes et revenants d\u00e9ambulent en petits groupes dans les rues de leurs quartiers. Ils sonnent aux portes des maisons et exigent des friandises, au cri de \u00ab treat or trick \u00bb, \u00ab une faveur ou un sort \u00bb. En \u00e9change de menus pr\u00e9sents, ces enfants, dont les masques effrayants symbolisent des \u00e2mes en peine, garantissent la tranquillit\u00e9 aux foyers visit\u00e9s. Halloween b\u00e9n\u00e9ficie d\u2019un embl\u00e8me fort, ces citrouilles \u00e9vid\u00e9es, \u00e9dent\u00e9es et emplies de bougies, qui expos\u00e9es aux fen\u00eatres et dans les vitrines, donnent \u00e0 la soir\u00e9e son c\u00f4t\u00e9 inqui\u00e9tant, irr\u00e9el et morbide.<\/p>\t\t\t\t\t\t\t\t<\/div>\n\t\t\t\t<\/div>\n\t\t\t\t\t<\/div>\n\t\t<\/div>\n\t\t\t\t\t<\/div>\n\t\t<\/section>\n\t\t\t\t<section class=\"elementor-section elementor-top-section elementor-element elementor-element-bede01c elementor-section-boxed elementor-section-height-default elementor-section-height-default\" data-id=\"bede01c\" data-element_type=\"section\" data-e-type=\"section\">\n\t\t\t\t\t\t<div class=\"elementor-container elementor-column-gap-default\">\n\t\t\t\t\t<div class=\"elementor-column elementor-col-100 elementor-top-column elementor-element elementor-element-60fc1a9\" data-id=\"60fc1a9\" data-element_type=\"column\" data-e-type=\"column\">\n\t\t\t<div class=\"elementor-widget-wrap elementor-element-populated\">\n\t\t\t\t\t\t<div class=\"elementor-element elementor-element-010b288 elementor-widget elementor-widget-text-editor\" data-id=\"010b288\" data-element_type=\"widget\" data-e-type=\"widget\" data-widget_type=\"text-editor.default\">\n\t\t\t\t<div class=\"elementor-widget-container\">\n\t\t\t\t\t\t\t\t\t<h3>Un rite d\u2019inversion<\/h3><p>D\u2019un point de vue anthropologique, Halloween exprime des angoisses \u00e0 l\u2019\u0153uvre dans toutes les soci\u00e9t\u00e9s, m\u00eame les plus rationnelles en apparence : la peur de la mort et l\u2019exorcisation de celle-ci via des pratiques ritualis\u00e9es, durant une parenth\u00e8se festive conjuratoire : ainsi, les masques repr\u00e9sentent des revenants et des fant\u00f4mes, \u00e0 un moment de l\u2019ann\u00e9e o\u00f9 l\u2019hiver et la nuit s\u2019installent pour quelques longs mois. Dans l\u2019esprit, il s\u2019agit de s\u2019accommoder la sph\u00e8re des morts, de pactiser avec ceux-ci, via offrandes et travestissements. Et le rite th\u00e9\u00e2tralise ces peurs, il leur donne un tour parodique qui en une parenth\u00e8se impartie, constitue une soupape.<\/p><p>M\u00eame dans sa forme contemporaine, Halloween continue \u00e0 \u00eatre essentiellement un rite d\u2019inversion, puisqu\u2019il s\u2019agit de la nuit o\u00f9 tout est renvers\u00e9, invers\u00e9, \u00e0 commencer par les rapports d\u2019autorit\u00e9. Et les parents y jouent le r\u00f4le de dupes, encourageant leurs enfants \u00e0 qu\u00eater et manger des friandises, allant l\u00e0 \u00e0 l\u2019encontre des principes de politesse et de mod\u00e9ration inculqu\u00e9s en temps ordinaire.<\/p><p>Faire des enfants les acteurs principaux d\u2019Halloween est tr\u00e8s am\u00e9ricain : ceci aboutit \u00e0 une version ludique, n\u00e9o-pa\u00efenne et sc\u00e9naris\u00e9e, parenth\u00e8se carnavalesque d\u00e9dramatisant le rapport ambigu que cette soci\u00e9t\u00e9 entretient \u00e0 la mort et \u00e0 l\u2019au-del\u00e0.<\/p><p>Elle n\u2019est revenue sur le Vieux Continent qu\u2019assez r\u00e9cemment, au tournant des si\u00e8cles. Il semble qu\u2019il y ait plusieurs raisons \u00e0 ce retour en gr\u00e2ce (in)attendu.<\/p>\t\t\t\t\t\t\t\t<\/div>\n\t\t\t\t<\/div>\n\t\t\t\t\t<\/div>\n\t\t<\/div>\n\t\t\t\t\t<\/div>\n\t\t<\/section>\n\t\t\t\t<section class=\"elementor-section elementor-top-section elementor-element elementor-element-ee45ba1 elementor-section-boxed elementor-section-height-default elementor-section-height-default\" data-id=\"ee45ba1\" data-element_type=\"section\" data-e-type=\"section\">\n\t\t\t\t\t\t<div class=\"elementor-container elementor-column-gap-default\">\n\t\t\t\t\t<div class=\"elementor-column elementor-col-100 elementor-top-column elementor-element elementor-element-fc2bb8f\" data-id=\"fc2bb8f\" data-element_type=\"column\" data-e-type=\"column\">\n\t\t\t<div class=\"elementor-widget-wrap elementor-element-populated\">\n\t\t\t\t\t\t<div class=\"elementor-element elementor-element-f8e1726 elementor-widget elementor-widget-text-editor\" data-id=\"f8e1726\" data-element_type=\"widget\" data-e-type=\"widget\" data-widget_type=\"text-editor.default\">\n\t\t\t\t<div class=\"elementor-widget-container\">\n\t\t\t\t\t\t\t\t\t<h3>Une f\u00eate \u00ab market\u00e9e \u00bb<\/h3><p>Halloween se soutient depuis quelques ann\u00e9es d\u2019une promotion m\u00e9diatique et publicitaire cons\u00e9quente, en partie port\u00e9e par des firmes am\u00e9ricaines, sur fond de menus, cadeaux, animations et soir\u00e9es sp\u00e9ciales. Et pour les commer\u00e7ants, \u00e0 l\u2019aff\u00fbt de journ\u00e9es sp\u00e9ciales favorisant la d\u00e9coration th\u00e9matique et les promotions, Halloween constitue un moment id\u00e9al, entre la fin de l\u2019\u00e9t\u00e9 et la p\u00e9riode des f\u00eates de fin d\u2019ann\u00e9e.<\/p><figure class=\"align-center \"><img decoding=\"async\" src=\"https:\/\/images.theconversation.com\/files\/428830\/original\/file-20211027-19-16q26ef.jpeg?ixlib=rb-1.1.0&amp;q=45&amp;auto=format&amp;w=754&amp;fit=clip\" alt=\"\" \/><figcaption><span class=\"caption\">Les festivit\u00e9s d\u2019Halloween \u00e0 Disneyland Paris.<\/span><br \/><span class=\"attribution\"><a class=\"source\" href=\"https:\/\/disneylandparis-news.com\/halloween2021\/\">Disneyland Paris<\/a><\/span><\/figcaption><\/figure><p>Et Dieu dans tout \u00e7a ? Avec Halloween, il est question de rites, de mythes, de morts, de surnaturel apr\u00e8s tout. Le sacr\u00e9 aur\u00e9ole cette f\u00eate de son nimbe p\u00e2le. Et il est important de constater que cette journ\u00e9e jouxte deux autres f\u00eates des morts et du souvenir, puisqu\u2019elle s\u2019est immisc\u00e9e entre la Toussaint et le 11 Novembre ; pour lentement se substituer \u00e0 celles-ci en les phagocytant dans l\u2019esprit des jeunes g\u00e9n\u00e9rations. Pour les jeunes enfants, spontan\u00e9ment, Halloween, c\u2019est \u00ab la f\u00eate des morts \u00bb.<\/p><p>L\u2019\u00e9mergence d\u2019Halloween confirme qu\u2019un calendrier \u00e9conomique et\/ou n\u00e9o-pa\u00efen se substitue aux f\u00eates religieuses et r\u00e9publicaines traditionnelles, ou se fait une place \u00e0 c\u00f4t\u00e9 d\u2019elles. Plus largement, ceci ent\u00e9rine la mondialisation de nombre de f\u00eates, alors qu\u2019on f\u00eate ici de plus en plus le Nouvel An chinois, et que No\u00ebl conna\u00eet un r\u00e9el succ\u00e8s dans nombre de pays asiatiques.<\/p>\t\t\t\t\t\t\t\t<\/div>\n\t\t\t\t<\/div>\n\t\t\t\t\t<\/div>\n\t\t<\/div>\n\t\t\t\t\t<\/div>\n\t\t<\/section>\n\t\t\t\t<section class=\"elementor-section elementor-top-section elementor-element elementor-element-72f2974 elementor-section-boxed elementor-section-height-default elementor-section-height-default\" data-id=\"72f2974\" data-element_type=\"section\" data-e-type=\"section\">\n\t\t\t\t\t\t<div class=\"elementor-container elementor-column-gap-default\">\n\t\t\t\t\t<div class=\"elementor-column elementor-col-100 elementor-top-column elementor-element elementor-element-b4ac379\" data-id=\"b4ac379\" data-element_type=\"column\" data-e-type=\"column\">\n\t\t\t<div class=\"elementor-widget-wrap elementor-element-populated\">\n\t\t\t\t\t\t<div class=\"elementor-element elementor-element-2549685 elementor-widget elementor-widget-text-editor\" data-id=\"2549685\" data-element_type=\"widget\" data-e-type=\"widget\" data-widget_type=\"text-editor.default\">\n\t\t\t\t<div class=\"elementor-widget-container\">\n\t\t\t\t\t\t\t\t\t<h3>De petits carnavals pa\u00efens<\/h3><p>D\u00e9plorer (pour les conservateurs) ce d\u00e9placement du religieux vers la sph\u00e8re plus vaste du sacr\u00e9, ou son renoncement en un \u00ab n\u00e9o-paganisme \u00bb, ne sert pas \u00e0 grand-chose. Les \u00e9volutions de la notion de f\u00eate, de sacr\u00e9, de rites sont des questions autrement plus int\u00e9ressantes. Notre soci\u00e9t\u00e9 productiviste, qui n\u2019a plus le temps de s\u2019arr\u00eater quelques jours pour festoyer, a invent\u00e9 de nouveaux types de liens courts, ludiques, mi\u00e8vres et kitsch (la Saint-Valentin). Tous ces n\u00e9o-rites pa\u00efens ne durent qu\u2019une soir\u00e9e. Les rites traditionnels exigeaient du temps, un temps sp\u00e9cifique, long et lent. Ainsi, le Carnaval, et sa semaine de c\u00e9l\u00e9brations et de festivit\u00e9s. Halloween ou le beaujolais sont de petits carnavals automnaux permettant \u00e0 peu de frais (une soir\u00e9e) une trou\u00e9e de liesse, de partage et de rire dans un d\u00e9but d\u2019hiver morose et froid.<\/p><p>Mais le grotesque et le morbide revendiqu\u00e9s d\u2019Halloween, \u00e9pousant la fascination de l\u2019\u00e9poque pour zombies et morts-vivants (cf. le succ\u00e8s de <em>Walking Dead<\/em> et le revival des films d\u2019\u00e9pouvante) recouvrent un travestissement plus profond.<\/p><p>Le temps d\u2019une soir\u00e9e, les g\u00e9n\u00e9rations se m\u00ealent et jouent ensemble, faisant semblant d\u2019\u00e9prouver de l\u2019effroi, <a href=\"https:\/\/www.erudit.org\/en\/journals\/ethno\/2011-v33-n1-ethno5006173\/1007796ar.pdf\">tout en exprimant dans ce \u00ab jeu profond \u00bb<\/a> quelque chose d\u2019obscur, m\u00ealant rire et angoisse, peur et joie ; quelque chose de pr\u00e9cis\u00e9ment anthropologique, interrogeant les structures profondes, et les syst\u00e8mes symboliques permettant de les lire en filigrane.<\/p>\t\t\t\t\t\t\t\t<\/div>\n\t\t\t\t<\/div>\n\t\t\t\t\t<\/div>\n\t\t<\/div>\n\t\t\t\t\t<\/div>\n\t\t<\/section>\n\t\t\t\t<section class=\"elementor-section elementor-top-section elementor-element elementor-element-3c8ea70 elementor-section-boxed elementor-section-height-default elementor-section-height-default\" data-id=\"3c8ea70\" data-element_type=\"section\" data-e-type=\"section\">\n\t\t\t\t\t\t<div class=\"elementor-container elementor-column-gap-default\">\n\t\t\t\t\t<div class=\"elementor-column elementor-col-100 elementor-top-column elementor-element elementor-element-eb7c8f1\" data-id=\"eb7c8f1\" data-element_type=\"column\" data-e-type=\"column\">\n\t\t\t<div class=\"elementor-widget-wrap elementor-element-populated\">\n\t\t\t\t\t\t<div class=\"elementor-element elementor-element-22fad9b elementor-widget-divider--view-line elementor-widget elementor-widget-divider\" data-id=\"22fad9b\" data-element_type=\"widget\" data-e-type=\"widget\" data-widget_type=\"divider.default\">\n\t\t\t\t<div class=\"elementor-widget-container\">\n\t\t\t\t\t\t\t<div class=\"elementor-divider\">\n\t\t\t<span class=\"elementor-divider-separator\">\n\t\t\t\t\t\t<\/span>\n\t\t<\/div>\n\t\t\t\t\t\t<\/div>\n\t\t\t\t<\/div>\n\t\t\t\t\t<\/div>\n\t\t<\/div>\n\t\t\t\t\t<\/div>\n\t\t<\/section>\n\t\t\t\t<section class=\"elementor-section elementor-top-section elementor-element elementor-element-c109e28 elementor-section-boxed elementor-section-height-default elementor-section-height-default\" data-id=\"c109e28\" data-element_type=\"section\" data-e-type=\"section\">\n\t\t\t\t\t\t<div class=\"elementor-container elementor-column-gap-default\">\n\t\t\t\t\t<div class=\"elementor-column elementor-col-100 elementor-top-column elementor-element elementor-element-406ce25\" data-id=\"406ce25\" data-element_type=\"column\" data-e-type=\"column\">\n\t\t\t<div class=\"elementor-widget-wrap elementor-element-populated\">\n\t\t\t\t\t\t<div class=\"elementor-element elementor-element-bd8404f elementor-widget elementor-widget-text-editor\" data-id=\"bd8404f\" data-element_type=\"widget\" data-e-type=\"widget\" data-widget_type=\"text-editor.default\">\n\t\t\t\t<div class=\"elementor-widget-container\">\n\t\t\t\t\t\t\t\t\t<p>Pascal Lardellier a fait para\u00eetre <em>Sur les traces du rite<\/em> (ISTE, Londres) en 2019, et il a dirig\u00e9 l\u2019\u00e9dition de <em>Rites et civilit\u00e9s \u00e0 l\u2019\u00e9preuve de la Covid<\/em> (Aracn\u00e9, Rome) en 2021.<\/p><p><a href=\"https:\/\/theconversation.com\/profiles\/pascal-lardellier-336983\">Pascal Lardellier<\/a>, Professeur \u00e0 l&#8217;Universit\u00e9 de Bourgogne France-Comt\u00e9, Chercheur \u00e0 Propedia (Groupe IGS, Paris), <em><a href=\"https:\/\/theconversation.com\/institutions\/universite-bourgogne-franche-comte-ubfc-3565\">Universit\u00e9 Bourgogne Franche-Comt\u00e9 (UBFC)<\/a><\/em><\/p><p>Cet article est republi\u00e9 \u00e0 partir de <a href=\"https:\/\/theconversation.com\">The Conversation<\/a> sous licence Creative Commons. Lire l\u2019<a href=\"https:\/\/theconversation.com\/halloween-une-nuit-a-tombeaux-ouverts-170737\">article original<\/a>.<\/p>\t\t\t\t\t\t\t\t<\/div>\n\t\t\t\t<\/div>\n\t\t\t\t\t<\/div>\n\t\t<\/div>\n\t\t\t\t\t<\/div>\n\t\t<\/section>\n\t\t\t\t<\/div>\n\t\t","protected":false},"excerpt":{"rendered":"<p>Halloween, une nuit \u00e0 tombeaux ouverts Pascal Lardellier, Universit\u00e9 Bourgogne Franche-Comt\u00e9 (UBFC) Halloween, f\u00eate automnale des morts, des fant\u00f4mes et des sortil\u00e8ges, conna\u00eet un destin troubl\u00e9 : de retour dans la \u00ab vieille Europe \u00bb au milieu des ann\u00e9es 1990 et promue dans l\u2019Hexagone par des instigateurs z\u00e9l\u00e9s \u2013 parc d\u2019attraction et cha\u00eene de fast-food &hellip; <a href=\"https:\/\/www.ubfc.fr\/en\/halloween-une-nuit-a-tombeaux-ouverts\/\">Continued<\/a><\/p>\n","protected":false},"author":60,"featured_media":58480,"comment_status":"open","ping_status":"closed","sticky":false,"template":"","format":"standard","meta":{"_acf_changed":false,"footnotes":""},"categories":[2062,2049,14],"class_list":["post-56472","post","type-post","status-publish","format-standard","has-post-thumbnail","hentry","category-culture-scientifique-et-technique","category-recherche","category-ubfc"],"acf":[],"yoast_head":"<!-- This site is optimized with the Yoast SEO plugin v27.4 - https:\/\/yoast.com\/product\/yoast-seo-wordpress\/ -->\n<title>Halloween, une nuit \u00e0 tombeaux ouverts - COMUE Universit\u00e9 Bourgogne-Franche-Comt\u00e9<\/title>\n<meta name=\"robots\" content=\"index, follow, max-snippet:-1, max-image-preview:large, max-video-preview:-1\" \/>\n<link rel=\"canonical\" href=\"https:\/\/www.ubfc.fr\/halloween-une-nuit-a-tombeaux-ouverts\/\" \/>\n<meta property=\"og:locale\" content=\"en_US\" \/>\n<meta property=\"og:type\" content=\"article\" \/>\n<meta property=\"og:title\" content=\"Halloween, une nuit \u00e0 tombeaux ouverts - COMUE Universit\u00e9 Bourgogne-Franche-Comt\u00e9\" \/>\n<meta property=\"og:description\" content=\"Halloween, une nuit \u00e0 tombeaux ouverts Pascal Lardellier, Universit\u00e9 Bourgogne Franche-Comt\u00e9 (UBFC) Halloween, f\u00eate automnale des morts, des fant\u00f4mes et des sortil\u00e8ges, conna\u00eet un destin troubl\u00e9 : de retour dans la \u00ab vieille Europe \u00bb au milieu des ann\u00e9es 1990 et promue dans l\u2019Hexagone par des instigateurs z\u00e9l\u00e9s \u2013 parc d\u2019attraction et cha\u00eene de fast-food &hellip; Continued\" \/>\n<meta property=\"og:url\" content=\"https:\/\/www.ubfc.fr\/halloween-une-nuit-a-tombeaux-ouverts\/\" \/>\n<meta property=\"og:site_name\" content=\"COMUE Universit\u00e9 Bourgogne-Franche-Comt\u00e9\" \/>\n<meta property=\"article:publisher\" content=\"https:\/\/www.facebook.com\/UnivBFC\/\" \/>\n<meta property=\"article:published_time\" content=\"2021-11-18T14:16:42+00:00\" \/>\n<meta property=\"article:modified_time\" content=\"2022-02-01T11:40:58+00:00\" \/>\n<meta property=\"og:image\" content=\"https:\/\/www.ubfc.fr\/wp-content\/uploads\/2022\/02\/the-conversation-vignette-actu.png\" \/>\n\t<meta property=\"og:image:width\" content=\"412\" \/>\n\t<meta property=\"og:image:height\" content=\"536\" \/>\n\t<meta property=\"og:image:type\" content=\"image\/png\" \/>\n<meta name=\"author\" content=\"Fanny Ajak\" \/>\n<meta name=\"twitter:card\" content=\"summary_large_image\" \/>\n<meta name=\"twitter:creator\" content=\"@univ_bfc\" \/>\n<meta name=\"twitter:site\" content=\"@univ_bfc\" \/>\n<meta name=\"twitter:label1\" content=\"Written by\" \/>\n\t<meta name=\"twitter:data1\" content=\"Fanny Ajak\" \/>\n\t<meta name=\"twitter:label2\" content=\"Est. reading time\" \/>\n\t<meta name=\"twitter:data2\" content=\"8 minutes\" \/>\n<script type=\"application\/ld+json\" class=\"yoast-schema-graph\">{\"@context\":\"https:\\\/\\\/schema.org\",\"@graph\":[{\"@type\":\"Article\",\"@id\":\"https:\\\/\\\/www.ubfc.fr\\\/halloween-une-nuit-a-tombeaux-ouverts\\\/#article\",\"isPartOf\":{\"@id\":\"https:\\\/\\\/www.ubfc.fr\\\/halloween-une-nuit-a-tombeaux-ouverts\\\/\"},\"author\":{\"name\":\"Fanny Ajak\",\"@id\":\"https:\\\/\\\/www.ubfc.fr\\\/#\\\/schema\\\/person\\\/692829a283f52bc4a247708371ee307a\"},\"headline\":\"Halloween, une nuit \u00e0 tombeaux ouverts\",\"datePublished\":\"2021-11-18T14:16:42+00:00\",\"dateModified\":\"2022-02-01T11:40:58+00:00\",\"mainEntityOfPage\":{\"@id\":\"https:\\\/\\\/www.ubfc.fr\\\/halloween-une-nuit-a-tombeaux-ouverts\\\/\"},\"wordCount\":1567,\"commentCount\":0,\"publisher\":{\"@id\":\"https:\\\/\\\/www.ubfc.fr\\\/#organization\"},\"image\":{\"@id\":\"https:\\\/\\\/www.ubfc.fr\\\/halloween-une-nuit-a-tombeaux-ouverts\\\/#primaryimage\"},\"thumbnailUrl\":\"https:\\\/\\\/www.ubfc.fr\\\/wp-content\\\/uploads\\\/2022\\\/02\\\/the-conversation-vignette-actu.png\",\"articleSection\":[\"Culture scientifique et technique\",\"Recherche\",\"UBFC\"],\"inLanguage\":\"en-US\",\"potentialAction\":[{\"@type\":\"CommentAction\",\"name\":\"Comment\",\"target\":[\"https:\\\/\\\/www.ubfc.fr\\\/halloween-une-nuit-a-tombeaux-ouverts\\\/#respond\"]}]},{\"@type\":\"WebPage\",\"@id\":\"https:\\\/\\\/www.ubfc.fr\\\/halloween-une-nuit-a-tombeaux-ouverts\\\/\",\"url\":\"https:\\\/\\\/www.ubfc.fr\\\/halloween-une-nuit-a-tombeaux-ouverts\\\/\",\"name\":\"Halloween, une nuit \u00e0 tombeaux ouverts - COMUE Universit\u00e9 Bourgogne-Franche-Comt\u00e9\",\"isPartOf\":{\"@id\":\"https:\\\/\\\/www.ubfc.fr\\\/#website\"},\"primaryImageOfPage\":{\"@id\":\"https:\\\/\\\/www.ubfc.fr\\\/halloween-une-nuit-a-tombeaux-ouverts\\\/#primaryimage\"},\"image\":{\"@id\":\"https:\\\/\\\/www.ubfc.fr\\\/halloween-une-nuit-a-tombeaux-ouverts\\\/#primaryimage\"},\"thumbnailUrl\":\"https:\\\/\\\/www.ubfc.fr\\\/wp-content\\\/uploads\\\/2022\\\/02\\\/the-conversation-vignette-actu.png\",\"datePublished\":\"2021-11-18T14:16:42+00:00\",\"dateModified\":\"2022-02-01T11:40:58+00:00\",\"breadcrumb\":{\"@id\":\"https:\\\/\\\/www.ubfc.fr\\\/halloween-une-nuit-a-tombeaux-ouverts\\\/#breadcrumb\"},\"inLanguage\":\"en-US\",\"potentialAction\":[{\"@type\":\"ReadAction\",\"target\":[\"https:\\\/\\\/www.ubfc.fr\\\/halloween-une-nuit-a-tombeaux-ouverts\\\/\"]}]},{\"@type\":\"ImageObject\",\"inLanguage\":\"en-US\",\"@id\":\"https:\\\/\\\/www.ubfc.fr\\\/halloween-une-nuit-a-tombeaux-ouverts\\\/#primaryimage\",\"url\":\"https:\\\/\\\/www.ubfc.fr\\\/wp-content\\\/uploads\\\/2022\\\/02\\\/the-conversation-vignette-actu.png\",\"contentUrl\":\"https:\\\/\\\/www.ubfc.fr\\\/wp-content\\\/uploads\\\/2022\\\/02\\\/the-conversation-vignette-actu.png\",\"width\":412,\"height\":536},{\"@type\":\"BreadcrumbList\",\"@id\":\"https:\\\/\\\/www.ubfc.fr\\\/halloween-une-nuit-a-tombeaux-ouverts\\\/#breadcrumb\",\"itemListElement\":[{\"@type\":\"ListItem\",\"position\":1,\"name\":\"Accueil\",\"item\":\"https:\\\/\\\/www.ubfc.fr\\\/en\\\/\"},{\"@type\":\"ListItem\",\"position\":2,\"name\":\"Halloween, une nuit \u00e0 tombeaux ouverts\"}]},{\"@type\":\"WebSite\",\"@id\":\"https:\\\/\\\/www.ubfc.fr\\\/#website\",\"url\":\"https:\\\/\\\/www.ubfc.fr\\\/\",\"name\":\"COMUE Universit\u00e9 Bourgogne-Franche-Comt\u00e9\",\"description\":\"\",\"publisher\":{\"@id\":\"https:\\\/\\\/www.ubfc.fr\\\/#organization\"},\"potentialAction\":[{\"@type\":\"SearchAction\",\"target\":{\"@type\":\"EntryPoint\",\"urlTemplate\":\"https:\\\/\\\/www.ubfc.fr\\\/?s={search_term_string}\"},\"query-input\":{\"@type\":\"PropertyValueSpecification\",\"valueRequired\":true,\"valueName\":\"search_term_string\"}}],\"inLanguage\":\"en-US\"},{\"@type\":\"Organization\",\"@id\":\"https:\\\/\\\/www.ubfc.fr\\\/#organization\",\"name\":\"Universit\u00e9 Bourgogne-Franche-Comt\u00e9\",\"url\":\"https:\\\/\\\/www.ubfc.fr\\\/\",\"logo\":{\"@type\":\"ImageObject\",\"inLanguage\":\"en-US\",\"@id\":\"https:\\\/\\\/www.ubfc.fr\\\/#\\\/schema\\\/logo\\\/image\\\/\",\"url\":\"https:\\\/\\\/www.ubfc.fr\\\/wp-content\\\/uploads\\\/2022\\\/03\\\/vagueUBFC_favicon.png\",\"contentUrl\":\"https:\\\/\\\/www.ubfc.fr\\\/wp-content\\\/uploads\\\/2022\\\/03\\\/vagueUBFC_favicon.png\",\"width\":512,\"height\":512,\"caption\":\"Universit\u00e9 Bourgogne-Franche-Comt\u00e9\"},\"image\":{\"@id\":\"https:\\\/\\\/www.ubfc.fr\\\/#\\\/schema\\\/logo\\\/image\\\/\"},\"sameAs\":[\"https:\\\/\\\/www.facebook.com\\\/UnivBFC\\\/\",\"https:\\\/\\\/x.com\\\/univ_bfc\",\"https:\\\/\\\/www.linkedin.com\\\/school\\\/universitebourgognefranchecomte\\\/mycompany\\\/\"]},{\"@type\":\"Person\",\"@id\":\"https:\\\/\\\/www.ubfc.fr\\\/#\\\/schema\\\/person\\\/692829a283f52bc4a247708371ee307a\",\"name\":\"Fanny Ajak\"}]}<\/script>\n<!-- \/ Yoast SEO plugin. -->","yoast_head_json":{"title":"Halloween, une nuit \u00e0 tombeaux ouverts - COMUE Universit\u00e9 Bourgogne-Franche-Comt\u00e9","robots":{"index":"index","follow":"follow","max-snippet":"max-snippet:-1","max-image-preview":"max-image-preview:large","max-video-preview":"max-video-preview:-1"},"canonical":"https:\/\/www.ubfc.fr\/halloween-une-nuit-a-tombeaux-ouverts\/","og_locale":"en_US","og_type":"article","og_title":"Halloween, une nuit \u00e0 tombeaux ouverts - COMUE Universit\u00e9 Bourgogne-Franche-Comt\u00e9","og_description":"Halloween, une nuit \u00e0 tombeaux ouverts Pascal Lardellier, Universit\u00e9 Bourgogne Franche-Comt\u00e9 (UBFC) Halloween, f\u00eate automnale des morts, des fant\u00f4mes et des sortil\u00e8ges, conna\u00eet un destin troubl\u00e9 : de retour dans la \u00ab vieille Europe \u00bb au milieu des ann\u00e9es 1990 et promue dans l\u2019Hexagone par des instigateurs z\u00e9l\u00e9s \u2013 parc d\u2019attraction et cha\u00eene de fast-food &hellip; Continued","og_url":"https:\/\/www.ubfc.fr\/halloween-une-nuit-a-tombeaux-ouverts\/","og_site_name":"COMUE Universit\u00e9 Bourgogne-Franche-Comt\u00e9","article_publisher":"https:\/\/www.facebook.com\/UnivBFC\/","article_published_time":"2021-11-18T14:16:42+00:00","article_modified_time":"2022-02-01T11:40:58+00:00","og_image":[{"width":412,"height":536,"url":"https:\/\/www.ubfc.fr\/wp-content\/uploads\/2022\/02\/the-conversation-vignette-actu.png","type":"image\/png"}],"author":"Fanny Ajak","twitter_card":"summary_large_image","twitter_creator":"@univ_bfc","twitter_site":"@univ_bfc","twitter_misc":{"Written by":"Fanny Ajak","Est. reading time":"8 minutes"},"schema":{"@context":"https:\/\/schema.org","@graph":[{"@type":"Article","@id":"https:\/\/www.ubfc.fr\/halloween-une-nuit-a-tombeaux-ouverts\/#article","isPartOf":{"@id":"https:\/\/www.ubfc.fr\/halloween-une-nuit-a-tombeaux-ouverts\/"},"author":{"name":"Fanny Ajak","@id":"https:\/\/www.ubfc.fr\/#\/schema\/person\/692829a283f52bc4a247708371ee307a"},"headline":"Halloween, une nuit \u00e0 tombeaux ouverts","datePublished":"2021-11-18T14:16:42+00:00","dateModified":"2022-02-01T11:40:58+00:00","mainEntityOfPage":{"@id":"https:\/\/www.ubfc.fr\/halloween-une-nuit-a-tombeaux-ouverts\/"},"wordCount":1567,"commentCount":0,"publisher":{"@id":"https:\/\/www.ubfc.fr\/#organization"},"image":{"@id":"https:\/\/www.ubfc.fr\/halloween-une-nuit-a-tombeaux-ouverts\/#primaryimage"},"thumbnailUrl":"https:\/\/www.ubfc.fr\/wp-content\/uploads\/2022\/02\/the-conversation-vignette-actu.png","articleSection":["Culture scientifique et technique","Recherche","UBFC"],"inLanguage":"en-US","potentialAction":[{"@type":"CommentAction","name":"Comment","target":["https:\/\/www.ubfc.fr\/halloween-une-nuit-a-tombeaux-ouverts\/#respond"]}]},{"@type":"WebPage","@id":"https:\/\/www.ubfc.fr\/halloween-une-nuit-a-tombeaux-ouverts\/","url":"https:\/\/www.ubfc.fr\/halloween-une-nuit-a-tombeaux-ouverts\/","name":"Halloween, une nuit \u00e0 tombeaux ouverts - COMUE Universit\u00e9 Bourgogne-Franche-Comt\u00e9","isPartOf":{"@id":"https:\/\/www.ubfc.fr\/#website"},"primaryImageOfPage":{"@id":"https:\/\/www.ubfc.fr\/halloween-une-nuit-a-tombeaux-ouverts\/#primaryimage"},"image":{"@id":"https:\/\/www.ubfc.fr\/halloween-une-nuit-a-tombeaux-ouverts\/#primaryimage"},"thumbnailUrl":"https:\/\/www.ubfc.fr\/wp-content\/uploads\/2022\/02\/the-conversation-vignette-actu.png","datePublished":"2021-11-18T14:16:42+00:00","dateModified":"2022-02-01T11:40:58+00:00","breadcrumb":{"@id":"https:\/\/www.ubfc.fr\/halloween-une-nuit-a-tombeaux-ouverts\/#breadcrumb"},"inLanguage":"en-US","potentialAction":[{"@type":"ReadAction","target":["https:\/\/www.ubfc.fr\/halloween-une-nuit-a-tombeaux-ouverts\/"]}]},{"@type":"ImageObject","inLanguage":"en-US","@id":"https:\/\/www.ubfc.fr\/halloween-une-nuit-a-tombeaux-ouverts\/#primaryimage","url":"https:\/\/www.ubfc.fr\/wp-content\/uploads\/2022\/02\/the-conversation-vignette-actu.png","contentUrl":"https:\/\/www.ubfc.fr\/wp-content\/uploads\/2022\/02\/the-conversation-vignette-actu.png","width":412,"height":536},{"@type":"BreadcrumbList","@id":"https:\/\/www.ubfc.fr\/halloween-une-nuit-a-tombeaux-ouverts\/#breadcrumb","itemListElement":[{"@type":"ListItem","position":1,"name":"Accueil","item":"https:\/\/www.ubfc.fr\/en\/"},{"@type":"ListItem","position":2,"name":"Halloween, une nuit \u00e0 tombeaux ouverts"}]},{"@type":"WebSite","@id":"https:\/\/www.ubfc.fr\/#website","url":"https:\/\/www.ubfc.fr\/","name":"COMUE Universit\u00e9 Bourgogne-Franche-Comt\u00e9","description":"","publisher":{"@id":"https:\/\/www.ubfc.fr\/#organization"},"potentialAction":[{"@type":"SearchAction","target":{"@type":"EntryPoint","urlTemplate":"https:\/\/www.ubfc.fr\/?s={search_term_string}"},"query-input":{"@type":"PropertyValueSpecification","valueRequired":true,"valueName":"search_term_string"}}],"inLanguage":"en-US"},{"@type":"Organization","@id":"https:\/\/www.ubfc.fr\/#organization","name":"Universit\u00e9 Bourgogne-Franche-Comt\u00e9","url":"https:\/\/www.ubfc.fr\/","logo":{"@type":"ImageObject","inLanguage":"en-US","@id":"https:\/\/www.ubfc.fr\/#\/schema\/logo\/image\/","url":"https:\/\/www.ubfc.fr\/wp-content\/uploads\/2022\/03\/vagueUBFC_favicon.png","contentUrl":"https:\/\/www.ubfc.fr\/wp-content\/uploads\/2022\/03\/vagueUBFC_favicon.png","width":512,"height":512,"caption":"Universit\u00e9 Bourgogne-Franche-Comt\u00e9"},"image":{"@id":"https:\/\/www.ubfc.fr\/#\/schema\/logo\/image\/"},"sameAs":["https:\/\/www.facebook.com\/UnivBFC\/","https:\/\/x.com\/univ_bfc","https:\/\/www.linkedin.com\/school\/universitebourgognefranchecomte\/mycompany\/"]},{"@type":"Person","@id":"https:\/\/www.ubfc.fr\/#\/schema\/person\/692829a283f52bc4a247708371ee307a","name":"Fanny Ajak"}]}},"_links":{"self":[{"href":"https:\/\/www.ubfc.fr\/en\/wp-json\/wp\/v2\/posts\/56472","targetHints":{"allow":["GET"]}}],"collection":[{"href":"https:\/\/www.ubfc.fr\/en\/wp-json\/wp\/v2\/posts"}],"about":[{"href":"https:\/\/www.ubfc.fr\/en\/wp-json\/wp\/v2\/types\/post"}],"author":[{"embeddable":true,"href":"https:\/\/www.ubfc.fr\/en\/wp-json\/wp\/v2\/users\/60"}],"replies":[{"embeddable":true,"href":"https:\/\/www.ubfc.fr\/en\/wp-json\/wp\/v2\/comments?post=56472"}],"version-history":[{"count":0,"href":"https:\/\/www.ubfc.fr\/en\/wp-json\/wp\/v2\/posts\/56472\/revisions"}],"wp:featuredmedia":[{"embeddable":true,"href":"https:\/\/www.ubfc.fr\/en\/wp-json\/wp\/v2\/media\/58480"}],"wp:attachment":[{"href":"https:\/\/www.ubfc.fr\/en\/wp-json\/wp\/v2\/media?parent=56472"}],"wp:term":[{"taxonomy":"category","embeddable":true,"href":"https:\/\/www.ubfc.fr\/en\/wp-json\/wp\/v2\/categories?post=56472"}],"curies":[{"name":"wp","href":"https:\/\/api.w.org\/{rel}","templated":true}]}}