{"id":56252,"date":"2021-11-02T14:06:31","date_gmt":"2021-11-02T13:06:31","guid":{"rendered":"https:\/\/www.ubfc.fr\/?p=56252"},"modified":"2021-11-05T15:50:00","modified_gmt":"2021-11-05T14:50:00","slug":"medaille-cnrs-2021-un-laureat-en-bfc","status":"publish","type":"post","link":"https:\/\/www.ubfc.fr\/en\/medaille-cnrs-2021-un-laureat-en-bfc\/","title":{"rendered":"M\u00e9dailles CNRS 2021 : un laur\u00e9at en Bourgogne-Franche-Comt\u00e9"},"content":{"rendered":"\t\t<div data-elementor-type=\"wp-post\" data-elementor-id=\"56252\" class=\"elementor elementor-56252\" data-elementor-post-type=\"post\">\n\t\t\t\t\t\t<section class=\"elementor-section elementor-top-section elementor-element elementor-element-a74316f elementor-section-boxed elementor-section-height-default elementor-section-height-default\" data-id=\"a74316f\" data-element_type=\"section\" data-e-type=\"section\">\n\t\t\t\t\t\t<div class=\"elementor-container elementor-column-gap-default\">\n\t\t\t\t\t<div class=\"elementor-column elementor-col-100 elementor-top-column elementor-element elementor-element-efebf27\" data-id=\"efebf27\" data-element_type=\"column\" data-e-type=\"column\">\n\t\t\t<div class=\"elementor-widget-wrap elementor-element-populated\">\n\t\t\t\t\t\t<div class=\"elementor-element elementor-element-c67c6a3 elementor-widget elementor-widget-text-editor\" data-id=\"c67c6a3\" data-element_type=\"widget\" data-e-type=\"widget\" data-widget_type=\"text-editor.default\">\n\t\t\t\t<div class=\"elementor-widget-container\">\n\t\t\t\t\t\t\t\t\t<h4><span id=\"page55R_mcid33\" class=\"markedContent\"><span dir=\"ltr\" role=\"presentation\">Gilles Vuidel<\/span><span dir=\"ltr\" role=\"presentation\">, <\/span><span dir=\"ltr\" role=\"presentation\">ing\u00e9nieur de recherche en calcul <\/span><span dir=\"ltr\" role=\"presentation\">scientifique, <\/span><span dir=\"ltr\" role=\"presentation\">laur\u00e9at de la m\u00e9daille cristal du CNRS <\/span><span dir=\"ltr\" role=\"presentation\">2021.<\/span> <\/span><\/h4>\t\t\t\t\t\t\t\t<\/div>\n\t\t\t\t<\/div>\n\t\t\t\t\t<\/div>\n\t\t<\/div>\n\t\t\t\t\t<\/div>\n\t\t<\/section>\n\t\t\t\t<section class=\"elementor-section elementor-top-section elementor-element elementor-element-44d369b elementor-section-boxed elementor-section-height-default elementor-section-height-default\" data-id=\"44d369b\" data-element_type=\"section\" data-e-type=\"section\">\n\t\t\t\t\t\t<div class=\"elementor-container elementor-column-gap-default\">\n\t\t\t\t\t<div class=\"elementor-column elementor-col-100 elementor-top-column elementor-element elementor-element-b981f9f\" data-id=\"b981f9f\" data-element_type=\"column\" data-e-type=\"column\">\n\t\t\t<div class=\"elementor-widget-wrap elementor-element-populated\">\n\t\t\t\t\t\t<div class=\"elementor-element elementor-element-8d4dd04 elementor-widget elementor-widget-text-editor\" data-id=\"8d4dd04\" data-element_type=\"widget\" data-e-type=\"widget\" data-widget_type=\"text-editor.default\">\n\t\t\t\t<div class=\"elementor-widget-container\">\n\t\t\t\t\t\t\t\t\t<h6><span id=\"page55R_mcid11\" class=\"markedContent\"><span dir=\"ltr\" role=\"presentation\">Chaque ann\u00e9e, les m\u00e9dailles du CNRS distinguent les femmes et les hommes, chercheurs, ing\u00e9nieurs et <\/span><span dir=\"ltr\" role=\"presentation\">techniciens qui contribuent de mani\u00e8re exceptionnelle au rayonnement de l\u2019institution et plus largement de la <\/span><span dir=\"ltr\" role=\"presentation\">recherche fran\u00e7aise. En 2021, les m\u00e9dailles d\u2019argent (chercheur senior) et de bronze (chercheur junior) et de <\/span><span dir=\"ltr\" role=\"presentation\">cristal (ing\u00e9nieur) ont \u00e9t\u00e9 attribu\u00e9es \u00e0 92 scientifiques. <\/span><\/span><\/h6>\t\t\t\t\t\t\t\t<\/div>\n\t\t\t\t<\/div>\n\t\t\t\t\t<\/div>\n\t\t<\/div>\n\t\t\t\t\t<\/div>\n\t\t<\/section>\n\t\t\t\t<section class=\"elementor-section elementor-top-section elementor-element elementor-element-24078d3 elementor-section-boxed elementor-section-height-default elementor-section-height-default\" data-id=\"24078d3\" data-element_type=\"section\" data-e-type=\"section\">\n\t\t\t\t\t\t<div class=\"elementor-container elementor-column-gap-default\">\n\t\t\t\t\t<div class=\"elementor-column elementor-col-100 elementor-top-column elementor-element elementor-element-ba85315\" data-id=\"ba85315\" data-element_type=\"column\" data-e-type=\"column\">\n\t\t\t<div class=\"elementor-widget-wrap elementor-element-populated\">\n\t\t\t\t\t\t<div class=\"elementor-element elementor-element-0f28ff9 elementor-widget elementor-widget-spacer\" data-id=\"0f28ff9\" data-element_type=\"widget\" data-e-type=\"widget\" data-widget_type=\"spacer.default\">\n\t\t\t\t<div class=\"elementor-widget-container\">\n\t\t\t\t\t\t\t<div class=\"elementor-spacer\">\n\t\t\t<div class=\"elementor-spacer-inner\"><\/div>\n\t\t<\/div>\n\t\t\t\t\t\t<\/div>\n\t\t\t\t<\/div>\n\t\t\t\t\t<\/div>\n\t\t<\/div>\n\t\t\t\t\t<\/div>\n\t\t<\/section>\n\t\t\t\t<section class=\"elementor-section elementor-top-section elementor-element elementor-element-55f3f93 elementor-section-boxed elementor-section-height-default elementor-section-height-default\" data-id=\"55f3f93\" data-element_type=\"section\" data-e-type=\"section\">\n\t\t\t\t\t\t<div class=\"elementor-container elementor-column-gap-default\">\n\t\t\t\t\t<div class=\"elementor-column elementor-col-100 elementor-top-column elementor-element elementor-element-c6d4359\" data-id=\"c6d4359\" data-element_type=\"column\" data-e-type=\"column\">\n\t\t\t<div class=\"elementor-widget-wrap elementor-element-populated\">\n\t\t\t\t\t\t<div class=\"elementor-element elementor-element-4861bd7 elementor-widget elementor-widget-text-editor\" data-id=\"4861bd7\" data-element_type=\"widget\" data-e-type=\"widget\" data-widget_type=\"text-editor.default\">\n\t\t\t\t<div class=\"elementor-widget-container\">\n\t\t\t\t\t\t\t\t\t<p style=\"text-align: left\"><span id=\"page55R_mcid13\" class=\"markedContent\"><span dir=\"ltr\" role=\"presentation\">Dans le palmar\u00e8s national 2021 : <strong>Gilles Vuidel<\/strong>, ing\u00e9nieur de recherche en calcul scientifique, laur\u00e9at d\u2019une <span id=\"page55R_mcid44\" class=\"markedContent\">m\u00e9daille de cristal*, du laboratoire <\/span>Th\u00e9oriser et Mod\u00e9liser pour Am\u00e9nager (Th\u00e9MA, UMR 6049).<\/span><\/span><\/p><p style=\"text-align: center\"><span id=\"page55R_mcid44\" class=\"markedContent\"><span dir=\"ltr\" role=\"presentation\">Cette m\u00e9daille lui a \u00e9t\u00e9 remise lors d&#8217;une c\u00e9r\u00e9monie le <strong>mercredi 3 novembre 2021<\/strong>.<\/span><\/span><\/p>\t\t\t\t\t\t\t\t<\/div>\n\t\t\t\t<\/div>\n\t\t\t\t\t<\/div>\n\t\t<\/div>\n\t\t\t\t\t<\/div>\n\t\t<\/section>\n\t\t\t\t<section class=\"elementor-section elementor-top-section elementor-element elementor-element-ceca056 elementor-section-boxed elementor-section-height-default elementor-section-height-default\" data-id=\"ceca056\" data-element_type=\"section\" data-e-type=\"section\">\n\t\t\t\t\t\t<div class=\"elementor-container elementor-column-gap-default\">\n\t\t\t\t\t<div class=\"elementor-column elementor-col-100 elementor-top-column elementor-element elementor-element-5db4d65\" data-id=\"5db4d65\" data-element_type=\"column\" data-e-type=\"column\">\n\t\t\t<div class=\"elementor-widget-wrap elementor-element-populated\">\n\t\t\t\t\t\t<div class=\"elementor-element elementor-element-5c7c85a elementor-widget elementor-widget-spacer\" data-id=\"5c7c85a\" data-element_type=\"widget\" data-e-type=\"widget\" data-widget_type=\"spacer.default\">\n\t\t\t\t<div class=\"elementor-widget-container\">\n\t\t\t\t\t\t\t<div class=\"elementor-spacer\">\n\t\t\t<div class=\"elementor-spacer-inner\"><\/div>\n\t\t<\/div>\n\t\t\t\t\t\t<\/div>\n\t\t\t\t<\/div>\n\t\t\t\t\t<\/div>\n\t\t<\/div>\n\t\t\t\t\t<\/div>\n\t\t<\/section>\n\t\t\t\t<section class=\"elementor-section elementor-top-section elementor-element elementor-element-e58a033 elementor-section-boxed elementor-section-height-default elementor-section-height-default\" data-id=\"e58a033\" data-element_type=\"section\" data-e-type=\"section\">\n\t\t\t\t\t\t<div class=\"elementor-container elementor-column-gap-default\">\n\t\t\t\t\t<div class=\"elementor-column elementor-col-50 elementor-top-column elementor-element elementor-element-523ba78\" data-id=\"523ba78\" data-element_type=\"column\" data-e-type=\"column\">\n\t\t\t<div class=\"elementor-widget-wrap elementor-element-populated\">\n\t\t\t\t\t\t<div class=\"elementor-element elementor-element-e4b4e92 elementor-widget elementor-widget-image\" data-id=\"e4b4e92\" data-element_type=\"widget\" data-e-type=\"widget\" data-widget_type=\"image.default\">\n\t\t\t\t<div class=\"elementor-widget-container\">\n\t\t\t\t\t\t\t\t\t\t\t\t\t\t\t<img fetchpriority=\"high\" decoding=\"async\" width=\"1024\" height=\"683\" src=\"https:\/\/www.ubfc.fr\/wp-content\/uploads\/2021\/11\/P1260081-min-1024x683.jpg\" class=\"attachment-large size-large wp-image-56403\" alt=\"\" srcset=\"https:\/\/www.ubfc.fr\/wp-content\/uploads\/2021\/11\/P1260081-min-1024x683.jpg 1024w, https:\/\/www.ubfc.fr\/wp-content\/uploads\/2021\/11\/P1260081-min-300x200.jpg 300w, https:\/\/www.ubfc.fr\/wp-content\/uploads\/2021\/11\/P1260081-min-768x512.jpg 768w, https:\/\/www.ubfc.fr\/wp-content\/uploads\/2021\/11\/P1260081-min-1536x1025.jpg 1536w, https:\/\/www.ubfc.fr\/wp-content\/uploads\/2021\/11\/P1260081-min-2048x1367.jpg 2048w\" sizes=\"(max-width: 1024px) 100vw, 1024px\" \/>\t\t\t\t\t\t\t\t\t\t\t\t\t\t\t<\/div>\n\t\t\t\t<\/div>\n\t\t\t\t<div class=\"elementor-element elementor-element-564686e elementor-widget elementor-widget-text-editor\" data-id=\"564686e\" data-element_type=\"widget\" data-e-type=\"widget\" data-widget_type=\"text-editor.default\">\n\t\t\t\t<div class=\"elementor-widget-container\">\n\t\t\t\t\t\t\t\t\t<h6 style=\"text-align: center\">Gilles Vuidel<\/h6>\t\t\t\t\t\t\t\t<\/div>\n\t\t\t\t<\/div>\n\t\t\t\t\t<\/div>\n\t\t<\/div>\n\t\t\t\t<div class=\"elementor-column elementor-col-50 elementor-top-column elementor-element elementor-element-04c3709\" data-id=\"04c3709\" data-element_type=\"column\" data-e-type=\"column\">\n\t\t\t<div class=\"elementor-widget-wrap elementor-element-populated\">\n\t\t\t\t\t\t<div class=\"elementor-element elementor-element-df0e2b3 elementor-widget elementor-widget-text-editor\" data-id=\"df0e2b3\" data-element_type=\"widget\" data-e-type=\"widget\" data-widget_type=\"text-editor.default\">\n\t\t\t\t<div class=\"elementor-widget-container\">\n\t\t\t\t\t\t\t\t\t<p><span id=\"page55R_mcid24\" class=\"markedContent\"><br \/><\/span><span id=\"page55R_mcid26\" class=\"markedContent\"><span dir=\"ltr\" role=\"presentation\">&#8220;Je suis \u201ctomb\u00e9\u201d dans le milieu de la recherche pendant mon stage de DUT au Laboratoire image, ville et environnement. Au sein de cette unit\u00e9 puis au laboratoire Th\u00e9MA, j\u2019ai d\u00e9velopp\u00e9 une quinzaine de logiciels, dont une dizaine est maintenue et librement accessible sur Internet. La traduction des probl\u00e8mes de recherche en mod\u00e8les informatiques est l\u2019un des aspects de mon m\u00e9tier qui me passionne particuli\u00e8rement. \u00c0 travers toutes mes r\u00e9alisations, j\u2019ai pu approfondir de nombreux champs de l\u2019informatique, de la g\u00e9om\u00e9trie algorithmique \u00e0 l\u2019intelligence artificielle, en passant par le calcul haute performance\u2026 toujours en lien avec des th\u00e8mes de recherche en g\u00e9ographie\u2009: formes et mobilit\u00e9s urbaines, r\u00e9seaux \u00e9cologiques, esth\u00e9tique paysag\u00e8re, cartographie transformationnelle, et bien d\u2019autres.&#8221;<\/span><\/span><\/p>\t\t\t\t\t\t\t\t<\/div>\n\t\t\t\t<\/div>\n\t\t\t\t\t<\/div>\n\t\t<\/div>\n\t\t\t\t\t<\/div>\n\t\t<\/section>\n\t\t\t\t<section class=\"elementor-section elementor-top-section elementor-element elementor-element-428218b elementor-section-boxed elementor-section-height-default elementor-section-height-default\" data-id=\"428218b\" data-element_type=\"section\" data-e-type=\"section\">\n\t\t\t\t\t\t<div class=\"elementor-container elementor-column-gap-default\">\n\t\t\t\t\t<div class=\"elementor-column elementor-col-100 elementor-top-column elementor-element elementor-element-ccc8c5c\" data-id=\"ccc8c5c\" data-element_type=\"column\" data-e-type=\"column\">\n\t\t\t<div class=\"elementor-widget-wrap elementor-element-populated\">\n\t\t\t\t\t\t<div class=\"elementor-element elementor-element-63d5077 elementor-widget elementor-widget-spacer\" data-id=\"63d5077\" data-element_type=\"widget\" data-e-type=\"widget\" data-widget_type=\"spacer.default\">\n\t\t\t\t<div class=\"elementor-widget-container\">\n\t\t\t\t\t\t\t<div class=\"elementor-spacer\">\n\t\t\t<div class=\"elementor-spacer-inner\"><\/div>\n\t\t<\/div>\n\t\t\t\t\t\t<\/div>\n\t\t\t\t<\/div>\n\t\t\t\t\t<\/div>\n\t\t<\/div>\n\t\t\t\t\t<\/div>\n\t\t<\/section>\n\t\t\t\t<section class=\"elementor-section elementor-top-section elementor-element elementor-element-75d1d9d elementor-section-boxed elementor-section-height-default elementor-section-height-default\" data-id=\"75d1d9d\" data-element_type=\"section\" data-e-type=\"section\">\n\t\t\t\t\t\t<div class=\"elementor-container elementor-column-gap-default\">\n\t\t\t\t\t<div class=\"elementor-column elementor-col-100 elementor-top-column elementor-element elementor-element-a6cd5e5\" data-id=\"a6cd5e5\" data-element_type=\"column\" data-e-type=\"column\">\n\t\t\t<div class=\"elementor-widget-wrap elementor-element-populated\">\n\t\t\t\t\t\t<div class=\"elementor-element elementor-element-1af4573 elementor-widget elementor-widget-text-editor\" data-id=\"1af4573\" data-element_type=\"widget\" data-e-type=\"widget\" data-widget_type=\"text-editor.default\">\n\t\t\t\t<div class=\"elementor-widget-container\">\n\t\t\t\t\t\t\t\t\t<p><span id=\"page55R_mcid44\" class=\"markedContent\"><span dir=\"ltr\" role=\"presentation\"><span id=\"page55R_mcid18\" class=\"markedContent\">Cette distinction a \u00e9t\u00e9 remise par <strong>Edwige Helmer-Laurent<\/strong>, d\u00e9l\u00e9gu\u00e9e r\u00e9gionale CNRS Centre-Est, <b>Marie Gaille<\/b>, directrice de l\u2019Institut des Sciences Humaines et Sociales du CNRS (INSHS), <\/span><\/span><\/span><span id=\"page55R_mcid44\" class=\"markedContent\"><span dir=\"ltr\" role=\"presentation\"><span id=\"page55R_mcid18\" class=\"markedContent\">en pr\u00e9sence de <strong>Macha Woronoff<\/strong>, pr\u00e9sidente de l\u2019Universit\u00e9 de Franche-Comt\u00e9, de <strong>Dominique Grevey<\/strong>, pr\u00e9sident d\u2019Universit\u00e9 Bourgogne-Franche-Comt\u00e9, d\u2019<strong>Anne Vignot<\/strong>, maire de Besan\u00e7on et de <strong>La\u00ebtitia Martinez<\/strong>, 2e vice-pr\u00e9sidente en charge de l\u2019enseignement sup\u00e9rieur, la recherche, l\u2019\u00e9galit\u00e9 r\u00e9elle et la la\u00efcit\u00e9 de la r\u00e9gion Bourgogne-Franche-Comt\u00e9. <\/span><\/span><\/span><\/p>\t\t\t\t\t\t\t\t<\/div>\n\t\t\t\t<\/div>\n\t\t\t\t\t<\/div>\n\t\t<\/div>\n\t\t\t\t\t<\/div>\n\t\t<\/section>\n\t\t\t\t<section class=\"elementor-section elementor-top-section elementor-element elementor-element-63f286e elementor-section-boxed elementor-section-height-default elementor-section-height-default\" data-id=\"63f286e\" data-element_type=\"section\" data-e-type=\"section\">\n\t\t\t\t\t\t<div class=\"elementor-container elementor-column-gap-default\">\n\t\t\t\t\t<div class=\"elementor-column elementor-col-100 elementor-top-column elementor-element elementor-element-647a50f\" data-id=\"647a50f\" data-element_type=\"column\" data-e-type=\"column\">\n\t\t\t<div class=\"elementor-widget-wrap elementor-element-populated\">\n\t\t\t\t\t\t<div class=\"elementor-element elementor-element-f8bf8fa elementor-widget-divider--view-line elementor-widget elementor-widget-divider\" data-id=\"f8bf8fa\" data-element_type=\"widget\" data-e-type=\"widget\" data-widget_type=\"divider.default\">\n\t\t\t\t<div class=\"elementor-widget-container\">\n\t\t\t\t\t\t\t<div class=\"elementor-divider\">\n\t\t\t<span class=\"elementor-divider-separator\">\n\t\t\t\t\t\t<\/span>\n\t\t<\/div>\n\t\t\t\t\t\t<\/div>\n\t\t\t\t<\/div>\n\t\t\t\t\t<\/div>\n\t\t<\/div>\n\t\t\t\t\t<\/div>\n\t\t<\/section>\n\t\t\t\t<section class=\"elementor-section elementor-top-section elementor-element elementor-element-4f853f8 elementor-section-boxed elementor-section-height-default elementor-section-height-default\" data-id=\"4f853f8\" data-element_type=\"section\" data-e-type=\"section\">\n\t\t\t\t\t\t<div class=\"elementor-container elementor-column-gap-default\">\n\t\t\t\t\t<div class=\"elementor-column elementor-col-100 elementor-top-column elementor-element elementor-element-62f957a\" data-id=\"62f957a\" data-element_type=\"column\" data-e-type=\"column\">\n\t\t\t<div class=\"elementor-widget-wrap elementor-element-populated\">\n\t\t\t\t\t\t<div class=\"elementor-element elementor-element-d69d1fb elementor-widget elementor-widget-text-editor\" data-id=\"d69d1fb\" data-element_type=\"widget\" data-e-type=\"widget\" data-widget_type=\"text-editor.default\">\n\t\t\t\t<div class=\"elementor-widget-container\">\n\t\t\t\t\t\t\t\t\t<p><span id=\"page55R_mcid28\" class=\"markedContent\"><span style=\"font-size: 10pt\"><span dir=\"ltr\" role=\"presentation\">* <\/span><span dir=\"ltr\" role=\"presentation\">La m\u00e9daille de Cristal CNRS est remise chaque ann\u00e9e \u00e0 des personnels d\u2019appui \u00e0 la recherche, qui par leur cr\u00e9ativit\u00e9, leur ma\u00eetrise technique <\/span><span dir=\"ltr\" role=\"presentation\">et leur sens de l\u2019innovation, contribuent aux c\u00f4t\u00e9s des chercheurs et des chercheuses \u00e0 l\u2019avanc\u00e9e des savoirs et \u00e0 l\u2019excellence de la recherche <\/span><\/span><span dir=\"ltr\" role=\"presentation\"><span style=\"font-size: 10pt\">fran\u00e7aise.<\/span> <\/span><\/span><\/p>\t\t\t\t\t\t\t\t<\/div>\n\t\t\t\t<\/div>\n\t\t\t\t\t<\/div>\n\t\t<\/div>\n\t\t\t\t\t<\/div>\n\t\t<\/section>\n\t\t\t\t<\/div>\n\t\t","protected":false},"excerpt":{"rendered":"<p>Gilles Vuidel, ing\u00e9nieur de recherche en calcul scientifique, laur\u00e9at de la m\u00e9daille cristal du CNRS 2021. Chaque ann\u00e9e, les m\u00e9dailles du CNRS distinguent les femmes et les hommes, chercheurs, ing\u00e9nieurs et techniciens qui contribuent de mani\u00e8re exceptionnelle au rayonnement de l\u2019institution et plus largement de la recherche fran\u00e7aise. En 2021, les m\u00e9dailles d\u2019argent (chercheur senior) &hellip; <a href=\"https:\/\/www.ubfc.fr\/en\/medaille-cnrs-2021-un-laureat-en-bfc\/\">Continued<\/a><\/p>\n","protected":false},"author":60,"featured_media":0,"comment_status":"open","ping_status":"closed","sticky":false,"template":"","format":"standard","meta":{"_acf_changed":false,"footnotes":""},"categories":[2049,14],"class_list":["post-56252","post","type-post","status-publish","format-standard","hentry","category-recherche","category-ubfc"],"acf":[],"yoast_head":"<!-- This site is optimized with the Yoast SEO plugin v27.4 - https:\/\/yoast.com\/product\/yoast-seo-wordpress\/ -->\n<title>M\u00e9dailles CNRS 2021 : un laur\u00e9at en Bourgogne-Franche-Comt\u00e9 - COMUE Universit\u00e9 Bourgogne-Franche-Comt\u00e9<\/title>\n<meta name=\"robots\" content=\"index, follow, max-snippet:-1, max-image-preview:large, max-video-preview:-1\" \/>\n<link rel=\"canonical\" href=\"https:\/\/www.ubfc.fr\/medaille-cnrs-2021-un-laureat-en-bfc\/\" \/>\n<meta property=\"og:locale\" content=\"en_US\" \/>\n<meta property=\"og:type\" content=\"article\" \/>\n<meta property=\"og:title\" content=\"M\u00e9dailles CNRS 2021 : un laur\u00e9at en Bourgogne-Franche-Comt\u00e9 - COMUE Universit\u00e9 Bourgogne-Franche-Comt\u00e9\" \/>\n<meta property=\"og:description\" content=\"Gilles Vuidel, ing\u00e9nieur de recherche en calcul scientifique, laur\u00e9at de la m\u00e9daille cristal du CNRS 2021. Chaque ann\u00e9e, les m\u00e9dailles du CNRS distinguent les femmes et les hommes, chercheurs, ing\u00e9nieurs et techniciens qui contribuent de mani\u00e8re exceptionnelle au rayonnement de l\u2019institution et plus largement de la recherche fran\u00e7aise. En 2021, les m\u00e9dailles d\u2019argent (chercheur senior) &hellip; Continued\" \/>\n<meta property=\"og:url\" content=\"https:\/\/www.ubfc.fr\/medaille-cnrs-2021-un-laureat-en-bfc\/\" \/>\n<meta property=\"og:site_name\" content=\"COMUE Universit\u00e9 Bourgogne-Franche-Comt\u00e9\" \/>\n<meta property=\"article:publisher\" content=\"https:\/\/www.facebook.com\/UnivBFC\/\" \/>\n<meta property=\"article:published_time\" content=\"2021-11-02T13:06:31+00:00\" \/>\n<meta property=\"article:modified_time\" content=\"2021-11-05T14:50:00+00:00\" \/>\n<meta property=\"og:image\" content=\"https:\/\/www.ubfc.fr\/wp-content\/uploads\/2021\/11\/P1260081-min-1024x683.jpg\" \/>\n<meta name=\"author\" content=\"Fanny Ajak\" \/>\n<meta name=\"twitter:card\" content=\"summary_large_image\" \/>\n<meta name=\"twitter:creator\" content=\"@univ_bfc\" \/>\n<meta name=\"twitter:site\" content=\"@univ_bfc\" \/>\n<meta name=\"twitter:label1\" content=\"Written by\" \/>\n\t<meta name=\"twitter:data1\" content=\"Fanny Ajak\" \/>\n\t<meta name=\"twitter:label2\" content=\"Est. reading time\" \/>\n\t<meta name=\"twitter:data2\" content=\"2 minutes\" \/>\n<script type=\"application\/ld+json\" class=\"yoast-schema-graph\">{\"@context\":\"https:\\\/\\\/schema.org\",\"@graph\":[{\"@type\":\"Article\",\"@id\":\"https:\\\/\\\/www.ubfc.fr\\\/medaille-cnrs-2021-un-laureat-en-bfc\\\/#article\",\"isPartOf\":{\"@id\":\"https:\\\/\\\/www.ubfc.fr\\\/medaille-cnrs-2021-un-laureat-en-bfc\\\/\"},\"author\":{\"name\":\"Fanny Ajak\",\"@id\":\"https:\\\/\\\/www.ubfc.fr\\\/#\\\/schema\\\/person\\\/692829a283f52bc4a247708371ee307a\"},\"headline\":\"M\u00e9dailles CNRS 2021 : un laur\u00e9at en Bourgogne-Franche-Comt\u00e9\",\"datePublished\":\"2021-11-02T13:06:31+00:00\",\"dateModified\":\"2021-11-05T14:50:00+00:00\",\"mainEntityOfPage\":{\"@id\":\"https:\\\/\\\/www.ubfc.fr\\\/medaille-cnrs-2021-un-laureat-en-bfc\\\/\"},\"wordCount\":417,\"commentCount\":0,\"publisher\":{\"@id\":\"https:\\\/\\\/www.ubfc.fr\\\/#organization\"},\"image\":{\"@id\":\"https:\\\/\\\/www.ubfc.fr\\\/medaille-cnrs-2021-un-laureat-en-bfc\\\/#primaryimage\"},\"thumbnailUrl\":\"https:\\\/\\\/www.ubfc.fr\\\/wp-content\\\/uploads\\\/2021\\\/11\\\/P1260081-min-1024x683.jpg\",\"articleSection\":[\"Recherche\",\"UBFC\"],\"inLanguage\":\"en-US\",\"potentialAction\":[{\"@type\":\"CommentAction\",\"name\":\"Comment\",\"target\":[\"https:\\\/\\\/www.ubfc.fr\\\/medaille-cnrs-2021-un-laureat-en-bfc\\\/#respond\"]}]},{\"@type\":\"WebPage\",\"@id\":\"https:\\\/\\\/www.ubfc.fr\\\/medaille-cnrs-2021-un-laureat-en-bfc\\\/\",\"url\":\"https:\\\/\\\/www.ubfc.fr\\\/medaille-cnrs-2021-un-laureat-en-bfc\\\/\",\"name\":\"M\u00e9dailles CNRS 2021 : un laur\u00e9at en Bourgogne-Franche-Comt\u00e9 - COMUE Universit\u00e9 Bourgogne-Franche-Comt\u00e9\",\"isPartOf\":{\"@id\":\"https:\\\/\\\/www.ubfc.fr\\\/#website\"},\"primaryImageOfPage\":{\"@id\":\"https:\\\/\\\/www.ubfc.fr\\\/medaille-cnrs-2021-un-laureat-en-bfc\\\/#primaryimage\"},\"image\":{\"@id\":\"https:\\\/\\\/www.ubfc.fr\\\/medaille-cnrs-2021-un-laureat-en-bfc\\\/#primaryimage\"},\"thumbnailUrl\":\"https:\\\/\\\/www.ubfc.fr\\\/wp-content\\\/uploads\\\/2021\\\/11\\\/P1260081-min-1024x683.jpg\",\"datePublished\":\"2021-11-02T13:06:31+00:00\",\"dateModified\":\"2021-11-05T14:50:00+00:00\",\"breadcrumb\":{\"@id\":\"https:\\\/\\\/www.ubfc.fr\\\/medaille-cnrs-2021-un-laureat-en-bfc\\\/#breadcrumb\"},\"inLanguage\":\"en-US\",\"potentialAction\":[{\"@type\":\"ReadAction\",\"target\":[\"https:\\\/\\\/www.ubfc.fr\\\/medaille-cnrs-2021-un-laureat-en-bfc\\\/\"]}]},{\"@type\":\"ImageObject\",\"inLanguage\":\"en-US\",\"@id\":\"https:\\\/\\\/www.ubfc.fr\\\/medaille-cnrs-2021-un-laureat-en-bfc\\\/#primaryimage\",\"url\":\"https:\\\/\\\/www.ubfc.fr\\\/wp-content\\\/uploads\\\/2021\\\/11\\\/P1260081-min-1024x683.jpg\",\"contentUrl\":\"https:\\\/\\\/www.ubfc.fr\\\/wp-content\\\/uploads\\\/2021\\\/11\\\/P1260081-min-1024x683.jpg\"},{\"@type\":\"BreadcrumbList\",\"@id\":\"https:\\\/\\\/www.ubfc.fr\\\/medaille-cnrs-2021-un-laureat-en-bfc\\\/#breadcrumb\",\"itemListElement\":[{\"@type\":\"ListItem\",\"position\":1,\"name\":\"Accueil\",\"item\":\"https:\\\/\\\/www.ubfc.fr\\\/en\\\/\"},{\"@type\":\"ListItem\",\"position\":2,\"name\":\"M\u00e9dailles CNRS 2021 : un laur\u00e9at en Bourgogne-Franche-Comt\u00e9\"}]},{\"@type\":\"WebSite\",\"@id\":\"https:\\\/\\\/www.ubfc.fr\\\/#website\",\"url\":\"https:\\\/\\\/www.ubfc.fr\\\/\",\"name\":\"COMUE Universit\u00e9 Bourgogne-Franche-Comt\u00e9\",\"description\":\"\",\"publisher\":{\"@id\":\"https:\\\/\\\/www.ubfc.fr\\\/#organization\"},\"potentialAction\":[{\"@type\":\"SearchAction\",\"target\":{\"@type\":\"EntryPoint\",\"urlTemplate\":\"https:\\\/\\\/www.ubfc.fr\\\/?s={search_term_string}\"},\"query-input\":{\"@type\":\"PropertyValueSpecification\",\"valueRequired\":true,\"valueName\":\"search_term_string\"}}],\"inLanguage\":\"en-US\"},{\"@type\":\"Organization\",\"@id\":\"https:\\\/\\\/www.ubfc.fr\\\/#organization\",\"name\":\"Universit\u00e9 Bourgogne-Franche-Comt\u00e9\",\"url\":\"https:\\\/\\\/www.ubfc.fr\\\/\",\"logo\":{\"@type\":\"ImageObject\",\"inLanguage\":\"en-US\",\"@id\":\"https:\\\/\\\/www.ubfc.fr\\\/#\\\/schema\\\/logo\\\/image\\\/\",\"url\":\"https:\\\/\\\/www.ubfc.fr\\\/wp-content\\\/uploads\\\/2022\\\/03\\\/vagueUBFC_favicon.png\",\"contentUrl\":\"https:\\\/\\\/www.ubfc.fr\\\/wp-content\\\/uploads\\\/2022\\\/03\\\/vagueUBFC_favicon.png\",\"width\":512,\"height\":512,\"caption\":\"Universit\u00e9 Bourgogne-Franche-Comt\u00e9\"},\"image\":{\"@id\":\"https:\\\/\\\/www.ubfc.fr\\\/#\\\/schema\\\/logo\\\/image\\\/\"},\"sameAs\":[\"https:\\\/\\\/www.facebook.com\\\/UnivBFC\\\/\",\"https:\\\/\\\/x.com\\\/univ_bfc\",\"https:\\\/\\\/www.linkedin.com\\\/school\\\/universitebourgognefranchecomte\\\/mycompany\\\/\"]},{\"@type\":\"Person\",\"@id\":\"https:\\\/\\\/www.ubfc.fr\\\/#\\\/schema\\\/person\\\/692829a283f52bc4a247708371ee307a\",\"name\":\"Fanny Ajak\"}]}<\/script>\n<!-- \/ Yoast SEO plugin. -->","yoast_head_json":{"title":"M\u00e9dailles CNRS 2021 : un laur\u00e9at en Bourgogne-Franche-Comt\u00e9 - COMUE Universit\u00e9 Bourgogne-Franche-Comt\u00e9","robots":{"index":"index","follow":"follow","max-snippet":"max-snippet:-1","max-image-preview":"max-image-preview:large","max-video-preview":"max-video-preview:-1"},"canonical":"https:\/\/www.ubfc.fr\/medaille-cnrs-2021-un-laureat-en-bfc\/","og_locale":"en_US","og_type":"article","og_title":"M\u00e9dailles CNRS 2021 : un laur\u00e9at en Bourgogne-Franche-Comt\u00e9 - COMUE Universit\u00e9 Bourgogne-Franche-Comt\u00e9","og_description":"Gilles Vuidel, ing\u00e9nieur de recherche en calcul scientifique, laur\u00e9at de la m\u00e9daille cristal du CNRS 2021. Chaque ann\u00e9e, les m\u00e9dailles du CNRS distinguent les femmes et les hommes, chercheurs, ing\u00e9nieurs et techniciens qui contribuent de mani\u00e8re exceptionnelle au rayonnement de l\u2019institution et plus largement de la recherche fran\u00e7aise. En 2021, les m\u00e9dailles d\u2019argent (chercheur senior) &hellip; Continued","og_url":"https:\/\/www.ubfc.fr\/medaille-cnrs-2021-un-laureat-en-bfc\/","og_site_name":"COMUE Universit\u00e9 Bourgogne-Franche-Comt\u00e9","article_publisher":"https:\/\/www.facebook.com\/UnivBFC\/","article_published_time":"2021-11-02T13:06:31+00:00","article_modified_time":"2021-11-05T14:50:00+00:00","og_image":[{"url":"https:\/\/www.ubfc.fr\/wp-content\/uploads\/2021\/11\/P1260081-min-1024x683.jpg","type":"","width":"","height":""}],"author":"Fanny Ajak","twitter_card":"summary_large_image","twitter_creator":"@univ_bfc","twitter_site":"@univ_bfc","twitter_misc":{"Written by":"Fanny Ajak","Est. reading time":"2 minutes"},"schema":{"@context":"https:\/\/schema.org","@graph":[{"@type":"Article","@id":"https:\/\/www.ubfc.fr\/medaille-cnrs-2021-un-laureat-en-bfc\/#article","isPartOf":{"@id":"https:\/\/www.ubfc.fr\/medaille-cnrs-2021-un-laureat-en-bfc\/"},"author":{"name":"Fanny Ajak","@id":"https:\/\/www.ubfc.fr\/#\/schema\/person\/692829a283f52bc4a247708371ee307a"},"headline":"M\u00e9dailles CNRS 2021 : un laur\u00e9at en Bourgogne-Franche-Comt\u00e9","datePublished":"2021-11-02T13:06:31+00:00","dateModified":"2021-11-05T14:50:00+00:00","mainEntityOfPage":{"@id":"https:\/\/www.ubfc.fr\/medaille-cnrs-2021-un-laureat-en-bfc\/"},"wordCount":417,"commentCount":0,"publisher":{"@id":"https:\/\/www.ubfc.fr\/#organization"},"image":{"@id":"https:\/\/www.ubfc.fr\/medaille-cnrs-2021-un-laureat-en-bfc\/#primaryimage"},"thumbnailUrl":"https:\/\/www.ubfc.fr\/wp-content\/uploads\/2021\/11\/P1260081-min-1024x683.jpg","articleSection":["Recherche","UBFC"],"inLanguage":"en-US","potentialAction":[{"@type":"CommentAction","name":"Comment","target":["https:\/\/www.ubfc.fr\/medaille-cnrs-2021-un-laureat-en-bfc\/#respond"]}]},{"@type":"WebPage","@id":"https:\/\/www.ubfc.fr\/medaille-cnrs-2021-un-laureat-en-bfc\/","url":"https:\/\/www.ubfc.fr\/medaille-cnrs-2021-un-laureat-en-bfc\/","name":"M\u00e9dailles CNRS 2021 : un laur\u00e9at en Bourgogne-Franche-Comt\u00e9 - COMUE Universit\u00e9 Bourgogne-Franche-Comt\u00e9","isPartOf":{"@id":"https:\/\/www.ubfc.fr\/#website"},"primaryImageOfPage":{"@id":"https:\/\/www.ubfc.fr\/medaille-cnrs-2021-un-laureat-en-bfc\/#primaryimage"},"image":{"@id":"https:\/\/www.ubfc.fr\/medaille-cnrs-2021-un-laureat-en-bfc\/#primaryimage"},"thumbnailUrl":"https:\/\/www.ubfc.fr\/wp-content\/uploads\/2021\/11\/P1260081-min-1024x683.jpg","datePublished":"2021-11-02T13:06:31+00:00","dateModified":"2021-11-05T14:50:00+00:00","breadcrumb":{"@id":"https:\/\/www.ubfc.fr\/medaille-cnrs-2021-un-laureat-en-bfc\/#breadcrumb"},"inLanguage":"en-US","potentialAction":[{"@type":"ReadAction","target":["https:\/\/www.ubfc.fr\/medaille-cnrs-2021-un-laureat-en-bfc\/"]}]},{"@type":"ImageObject","inLanguage":"en-US","@id":"https:\/\/www.ubfc.fr\/medaille-cnrs-2021-un-laureat-en-bfc\/#primaryimage","url":"https:\/\/www.ubfc.fr\/wp-content\/uploads\/2021\/11\/P1260081-min-1024x683.jpg","contentUrl":"https:\/\/www.ubfc.fr\/wp-content\/uploads\/2021\/11\/P1260081-min-1024x683.jpg"},{"@type":"BreadcrumbList","@id":"https:\/\/www.ubfc.fr\/medaille-cnrs-2021-un-laureat-en-bfc\/#breadcrumb","itemListElement":[{"@type":"ListItem","position":1,"name":"Accueil","item":"https:\/\/www.ubfc.fr\/en\/"},{"@type":"ListItem","position":2,"name":"M\u00e9dailles CNRS 2021 : un laur\u00e9at en Bourgogne-Franche-Comt\u00e9"}]},{"@type":"WebSite","@id":"https:\/\/www.ubfc.fr\/#website","url":"https:\/\/www.ubfc.fr\/","name":"COMUE Universit\u00e9 Bourgogne-Franche-Comt\u00e9","description":"","publisher":{"@id":"https:\/\/www.ubfc.fr\/#organization"},"potentialAction":[{"@type":"SearchAction","target":{"@type":"EntryPoint","urlTemplate":"https:\/\/www.ubfc.fr\/?s={search_term_string}"},"query-input":{"@type":"PropertyValueSpecification","valueRequired":true,"valueName":"search_term_string"}}],"inLanguage":"en-US"},{"@type":"Organization","@id":"https:\/\/www.ubfc.fr\/#organization","name":"Universit\u00e9 Bourgogne-Franche-Comt\u00e9","url":"https:\/\/www.ubfc.fr\/","logo":{"@type":"ImageObject","inLanguage":"en-US","@id":"https:\/\/www.ubfc.fr\/#\/schema\/logo\/image\/","url":"https:\/\/www.ubfc.fr\/wp-content\/uploads\/2022\/03\/vagueUBFC_favicon.png","contentUrl":"https:\/\/www.ubfc.fr\/wp-content\/uploads\/2022\/03\/vagueUBFC_favicon.png","width":512,"height":512,"caption":"Universit\u00e9 Bourgogne-Franche-Comt\u00e9"},"image":{"@id":"https:\/\/www.ubfc.fr\/#\/schema\/logo\/image\/"},"sameAs":["https:\/\/www.facebook.com\/UnivBFC\/","https:\/\/x.com\/univ_bfc","https:\/\/www.linkedin.com\/school\/universitebourgognefranchecomte\/mycompany\/"]},{"@type":"Person","@id":"https:\/\/www.ubfc.fr\/#\/schema\/person\/692829a283f52bc4a247708371ee307a","name":"Fanny Ajak"}]}},"_links":{"self":[{"href":"https:\/\/www.ubfc.fr\/en\/wp-json\/wp\/v2\/posts\/56252","targetHints":{"allow":["GET"]}}],"collection":[{"href":"https:\/\/www.ubfc.fr\/en\/wp-json\/wp\/v2\/posts"}],"about":[{"href":"https:\/\/www.ubfc.fr\/en\/wp-json\/wp\/v2\/types\/post"}],"author":[{"embeddable":true,"href":"https:\/\/www.ubfc.fr\/en\/wp-json\/wp\/v2\/users\/60"}],"replies":[{"embeddable":true,"href":"https:\/\/www.ubfc.fr\/en\/wp-json\/wp\/v2\/comments?post=56252"}],"version-history":[{"count":0,"href":"https:\/\/www.ubfc.fr\/en\/wp-json\/wp\/v2\/posts\/56252\/revisions"}],"wp:attachment":[{"href":"https:\/\/www.ubfc.fr\/en\/wp-json\/wp\/v2\/media?parent=56252"}],"wp:term":[{"taxonomy":"category","embeddable":true,"href":"https:\/\/www.ubfc.fr\/en\/wp-json\/wp\/v2\/categories?post=56252"}],"curies":[{"name":"wp","href":"https:\/\/api.w.org\/{rel}","templated":true}]}}