{"id":55538,"date":"2021-09-22T16:00:28","date_gmt":"2021-09-22T14:00:28","guid":{"rendered":"https:\/\/www.ubfc.fr\/?p=55538"},"modified":"2021-09-23T09:16:48","modified_gmt":"2021-09-23T07:16:48","slug":"pubprivlands-usages-et-perception-des-espaces-verts-vs-bien-etre-et-sante","status":"publish","type":"post","link":"https:\/\/www.ubfc.fr\/en\/pubprivlands-usages-et-perception-des-espaces-verts-vs-bien-etre-et-sante\/","title":{"rendered":"PubPrivLands : usages et perception des espaces verts vs bien-\u00eatre et sant\u00e9"},"content":{"rendered":"\t\t<div data-elementor-type=\"wp-post\" data-elementor-id=\"55538\" class=\"elementor elementor-55538\" data-elementor-post-type=\"post\">\n\t\t\t\t\t\t<section class=\"elementor-section elementor-top-section elementor-element elementor-element-3cd9cd7 elementor-section-boxed elementor-section-height-default elementor-section-height-default\" data-id=\"3cd9cd7\" data-element_type=\"section\" data-e-type=\"section\">\n\t\t\t\t\t\t<div class=\"elementor-container elementor-column-gap-default\">\n\t\t\t\t\t<div class=\"elementor-column elementor-col-100 elementor-top-column elementor-element elementor-element-998b56d\" data-id=\"998b56d\" data-element_type=\"column\" data-e-type=\"column\">\n\t\t\t<div class=\"elementor-widget-wrap elementor-element-populated\">\n\t\t\t\t\t\t<div class=\"elementor-element elementor-element-32377ce elementor-widget elementor-widget-text-editor\" data-id=\"32377ce\" data-element_type=\"widget\" data-e-type=\"widget\" data-widget_type=\"text-editor.default\">\n\t\t\t\t<div class=\"elementor-widget-container\">\n\t\t\t\t\t\t\t\t\t<h2>Et si nos usages et notre perception des espaces verts avaient un impact sur notre sant\u00e9 ?<\/h2>\t\t\t\t\t\t\t\t<\/div>\n\t\t\t\t<\/div>\n\t\t\t\t\t<\/div>\n\t\t<\/div>\n\t\t\t\t\t<\/div>\n\t\t<\/section>\n\t\t\t\t<section class=\"elementor-section elementor-top-section elementor-element elementor-element-a32c085 elementor-section-boxed elementor-section-height-default elementor-section-height-default\" data-id=\"a32c085\" data-element_type=\"section\" data-e-type=\"section\">\n\t\t\t\t\t\t<div class=\"elementor-container elementor-column-gap-default\">\n\t\t\t\t\t<div class=\"elementor-column elementor-col-100 elementor-top-column elementor-element elementor-element-bf993e3\" data-id=\"bf993e3\" data-element_type=\"column\" data-e-type=\"column\">\n\t\t\t<div class=\"elementor-widget-wrap elementor-element-populated\">\n\t\t\t\t\t\t<div class=\"elementor-element elementor-element-7d76ca3 elementor-widget elementor-widget-text-editor\" data-id=\"7d76ca3\" data-element_type=\"widget\" data-e-type=\"widget\" data-widget_type=\"text-editor.default\">\n\t\t\t\t<div class=\"elementor-widget-container\">\n\t\t\t\t\t\t\t\t\t<h5>C&#8217;est \u00e0 cette question que des chercheurs des laboratoires Th\u00e9MA et Chrono-environnement, en association avec le CHU de Besan\u00e7on, vont tenter de r\u00e9pondre. <br \/>Comment ? Au travers d&#8217;une enqu\u00eate \u00e0 laquelle les citoyens de Dijon et de Besan\u00e7on sont invit\u00e9s \u00e0 r\u00e9pondre.<\/h5>\t\t\t\t\t\t\t\t<\/div>\n\t\t\t\t<\/div>\n\t\t\t\t\t<\/div>\n\t\t<\/div>\n\t\t\t\t\t<\/div>\n\t\t<\/section>\n\t\t\t\t<section class=\"elementor-section elementor-top-section elementor-element elementor-element-201cddb elementor-section-boxed elementor-section-height-default elementor-section-height-default\" data-id=\"201cddb\" data-element_type=\"section\" data-e-type=\"section\">\n\t\t\t\t\t\t<div class=\"elementor-container elementor-column-gap-default\">\n\t\t\t\t\t<div class=\"elementor-column elementor-col-100 elementor-top-column elementor-element elementor-element-03b45aa\" data-id=\"03b45aa\" data-element_type=\"column\" data-e-type=\"column\">\n\t\t\t<div class=\"elementor-widget-wrap elementor-element-populated\">\n\t\t\t\t\t\t<div class=\"elementor-element elementor-element-c636c5d elementor-widget elementor-widget-spacer\" data-id=\"c636c5d\" data-element_type=\"widget\" data-e-type=\"widget\" data-widget_type=\"spacer.default\">\n\t\t\t\t<div class=\"elementor-widget-container\">\n\t\t\t\t\t\t\t<div class=\"elementor-spacer\">\n\t\t\t<div class=\"elementor-spacer-inner\"><\/div>\n\t\t<\/div>\n\t\t\t\t\t\t<\/div>\n\t\t\t\t<\/div>\n\t\t\t\t\t<\/div>\n\t\t<\/div>\n\t\t\t\t\t<\/div>\n\t\t<\/section>\n\t\t\t\t<section class=\"elementor-section elementor-top-section elementor-element elementor-element-e1edf51 elementor-section-boxed elementor-section-height-default elementor-section-height-default\" data-id=\"e1edf51\" data-element_type=\"section\" data-e-type=\"section\">\n\t\t\t\t\t\t<div class=\"elementor-container elementor-column-gap-default\">\n\t\t\t\t\t<div class=\"elementor-column elementor-col-100 elementor-top-column elementor-element elementor-element-90e2100\" data-id=\"90e2100\" data-element_type=\"column\" data-e-type=\"column\">\n\t\t\t<div class=\"elementor-widget-wrap elementor-element-populated\">\n\t\t\t\t\t\t<div class=\"elementor-element elementor-element-54bea3d elementor-widget elementor-widget-text-editor\" data-id=\"54bea3d\" data-element_type=\"widget\" data-e-type=\"widget\" data-widget_type=\"text-editor.default\">\n\t\t\t\t<div class=\"elementor-widget-container\">\n\t\t\t\t\t\t\t\t\t<h5>Mieux comprendre l&#8217;usage et la perception des espaces verts<\/h5>\t\t\t\t\t\t\t\t<\/div>\n\t\t\t\t<\/div>\n\t\t\t\t\t<\/div>\n\t\t<\/div>\n\t\t\t\t\t<\/div>\n\t\t<\/section>\n\t\t\t\t<section class=\"elementor-section elementor-top-section elementor-element elementor-element-903c18d elementor-section-boxed elementor-section-height-default elementor-section-height-default\" data-id=\"903c18d\" data-element_type=\"section\" data-e-type=\"section\">\n\t\t\t\t\t\t<div class=\"elementor-container elementor-column-gap-default\">\n\t\t\t\t\t<div class=\"elementor-column elementor-col-100 elementor-top-column elementor-element elementor-element-f7496a5\" data-id=\"f7496a5\" data-element_type=\"column\" data-e-type=\"column\">\n\t\t\t<div class=\"elementor-widget-wrap elementor-element-populated\">\n\t\t\t\t\t\t<div class=\"elementor-element elementor-element-7fe98f8 elementor-widget elementor-widget-text-editor\" data-id=\"7fe98f8\" data-element_type=\"widget\" data-e-type=\"widget\" data-widget_type=\"text-editor.default\">\n\t\t\t\t<div class=\"elementor-widget-container\">\n\t\t\t\t\t\t\t\t\t<p>A quelle fr\u00e9quence vous rendez-vous dans des parcs ? Que pr\u00e9f\u00e9rez-vous y faire ? Y allez-vous avec ou sans animal de compagnie ?&#8230; Voici quelques exemples de questions que des enqu\u00eateurs de terrain seront amen\u00e9s \u00e0 poser aux habitants dijonnais et bisontins, d\u00e8s la fin du mois de septembre, dans divers espaces publics.<\/p><p>Ce premier questionnaire vise \u00e0 d\u00e9crire la fr\u00e9quentation, les usages et la perception des espaces verts, aussi bien publics (parcs, squares, places arbor\u00e9es, for\u00eats, voies vertes, etc.), que priv\u00e9s (jardins, cours d\u2019immeubles) ou encore sur la vue depuis le domicile des participants. Il sera \u00e9galement possible d&#8217;y r\u00e9pondre en ligne.<\/p>\t\t\t\t\t\t\t\t<\/div>\n\t\t\t\t<\/div>\n\t\t\t\t\t<\/div>\n\t\t<\/div>\n\t\t\t\t\t<\/div>\n\t\t<\/section>\n\t\t\t\t<section class=\"elementor-section elementor-top-section elementor-element elementor-element-f7144cb elementor-section-boxed elementor-section-height-default elementor-section-height-default\" data-id=\"f7144cb\" data-element_type=\"section\" data-e-type=\"section\">\n\t\t\t\t\t\t<div class=\"elementor-container elementor-column-gap-default\">\n\t\t\t\t\t<div class=\"elementor-column elementor-col-100 elementor-top-column elementor-element elementor-element-d199ee7\" data-id=\"d199ee7\" data-element_type=\"column\" data-e-type=\"column\">\n\t\t\t<div class=\"elementor-widget-wrap elementor-element-populated\">\n\t\t\t\t\t\t<div class=\"elementor-element elementor-element-f954649 elementor-widget elementor-widget-text-editor\" data-id=\"f954649\" data-element_type=\"widget\" data-e-type=\"widget\" data-widget_type=\"text-editor.default\">\n\t\t\t\t<div class=\"elementor-widget-container\">\n\t\t\t\t\t\t\t\t\t<h5>\u2026 puis \u00e9tablir un lien avec le bien-\u00eatre et la sant\u00e9<\/h5>\t\t\t\t\t\t\t\t<\/div>\n\t\t\t\t<\/div>\n\t\t\t\t\t<\/div>\n\t\t<\/div>\n\t\t\t\t\t<\/div>\n\t\t<\/section>\n\t\t\t\t<section class=\"elementor-section elementor-top-section elementor-element elementor-element-c3d3418 elementor-section-boxed elementor-section-height-default elementor-section-height-default\" data-id=\"c3d3418\" data-element_type=\"section\" data-e-type=\"section\">\n\t\t\t\t\t\t<div class=\"elementor-container elementor-column-gap-default\">\n\t\t\t\t\t<div class=\"elementor-column elementor-col-100 elementor-top-column elementor-element elementor-element-b98a321\" data-id=\"b98a321\" data-element_type=\"column\" data-e-type=\"column\">\n\t\t\t<div class=\"elementor-widget-wrap elementor-element-populated\">\n\t\t\t\t\t\t<div class=\"elementor-element elementor-element-784de09 elementor-widget elementor-widget-text-editor\" data-id=\"784de09\" data-element_type=\"widget\" data-e-type=\"widget\" data-widget_type=\"text-editor.default\">\n\t\t\t\t<div class=\"elementor-widget-container\">\n\t\t\t\t\t\t\t\t\t<p>Les r\u00e9pondants seront invit\u00e9s \u00e0 r\u00e9pondre \u00e0 un second questionnaire en ligne.<\/p><p>L&#8217;objectif est de mesurer les effets des usages et de la perception des espaces verts renseign\u00e9s pr\u00e9c\u00e9demment sur la sant\u00e9 et le bien-\u00eatre (qualit\u00e9 de vie, pratique d\u2019activit\u00e9 physique, g\u00eane, troubles du sommeil, anxi\u00e9t\u00e9, <em>etc.<\/em>).<\/p>\t\t\t\t\t\t\t\t<\/div>\n\t\t\t\t<\/div>\n\t\t\t\t\t<\/div>\n\t\t<\/div>\n\t\t\t\t\t<\/div>\n\t\t<\/section>\n\t\t\t\t<section class=\"elementor-section elementor-top-section elementor-element elementor-element-7cd7948 elementor-section-boxed elementor-section-height-default elementor-section-height-default\" data-id=\"7cd7948\" data-element_type=\"section\" data-e-type=\"section\">\n\t\t\t\t\t\t<div class=\"elementor-container elementor-column-gap-default\">\n\t\t\t\t\t<div class=\"elementor-column elementor-col-100 elementor-top-column elementor-element elementor-element-efba016\" data-id=\"efba016\" data-element_type=\"column\" data-e-type=\"column\">\n\t\t\t<div class=\"elementor-widget-wrap elementor-element-populated\">\n\t\t\t\t\t\t<div class=\"elementor-element elementor-element-e054602 elementor-widget-divider--view-line elementor-widget elementor-widget-divider\" data-id=\"e054602\" data-element_type=\"widget\" data-e-type=\"widget\" data-widget_type=\"divider.default\">\n\t\t\t\t<div class=\"elementor-widget-container\">\n\t\t\t\t\t\t\t<div class=\"elementor-divider\">\n\t\t\t<span class=\"elementor-divider-separator\">\n\t\t\t\t\t\t<\/span>\n\t\t<\/div>\n\t\t\t\t\t\t<\/div>\n\t\t\t\t<\/div>\n\t\t\t\t\t<\/div>\n\t\t<\/div>\n\t\t\t\t\t<\/div>\n\t\t<\/section>\n\t\t\t\t<section class=\"elementor-section elementor-top-section elementor-element elementor-element-b27608c elementor-section-boxed elementor-section-height-default elementor-section-height-default\" data-id=\"b27608c\" data-element_type=\"section\" data-e-type=\"section\">\n\t\t\t\t\t\t<div class=\"elementor-container elementor-column-gap-default\">\n\t\t\t\t\t<div class=\"elementor-column elementor-col-100 elementor-top-column elementor-element elementor-element-0346f00\" data-id=\"0346f00\" data-element_type=\"column\" data-e-type=\"column\">\n\t\t\t<div class=\"elementor-widget-wrap elementor-element-populated\">\n\t\t\t\t\t\t<div class=\"elementor-element elementor-element-ac76ff1 elementor-widget elementor-widget-text-editor\" data-id=\"ac76ff1\" data-element_type=\"widget\" data-e-type=\"widget\" data-widget_type=\"text-editor.default\">\n\t\t\t\t<div class=\"elementor-widget-container\">\n\t\t\t\t\t\t\t\t\t<h3 style=\"text-align: center\">Comment participer \u00e0 cette \u00e9tude ?<\/h3>\t\t\t\t\t\t\t\t<\/div>\n\t\t\t\t<\/div>\n\t\t\t\t\t<\/div>\n\t\t<\/div>\n\t\t\t\t\t<\/div>\n\t\t<\/section>\n\t\t\t\t<section class=\"elementor-section elementor-top-section elementor-element elementor-element-73c3a02 elementor-section-boxed elementor-section-height-default elementor-section-height-default\" data-id=\"73c3a02\" data-element_type=\"section\" data-e-type=\"section\">\n\t\t\t\t\t\t<div class=\"elementor-container elementor-column-gap-default\">\n\t\t\t\t\t<div class=\"elementor-column elementor-col-100 elementor-top-column elementor-element elementor-element-db42cac\" data-id=\"db42cac\" data-element_type=\"column\" data-e-type=\"column\">\n\t\t\t<div class=\"elementor-widget-wrap elementor-element-populated\">\n\t\t\t\t\t\t<div class=\"elementor-element elementor-element-3ad6e79 elementor-widget elementor-widget-text-editor\" data-id=\"3ad6e79\" data-element_type=\"widget\" data-e-type=\"widget\" data-widget_type=\"text-editor.default\">\n\t\t\t\t<div class=\"elementor-widget-container\">\n\t\t\t\t\t\t\t\t\t<p>Chaque habitant de Dijon ou de Besan\u00e7on \u00e2g\u00e9 de plus de 18 ans peut r\u00e9pondre \u00e0 cette enqu\u00eate :<\/p><ul><li>soit aupr\u00e8s des enqu\u00eateurs dans les espaces publics de ces deux villes<\/li><li>soit en ligne : <a href=\"https:\/\/thema.univ-fcomte.fr\/enquete\/index.php\/917599?lang=fr\">https:\/\/thema.univ-fcomte.fr\/enquete\/index.php\/917599?lang=fr<\/a><\/li><\/ul><p>Par la suite, les participants seront amen\u00e9s \u00e0 r\u00e9pondre au questionnaire sant\u00e9 en ligne, via un lien qui leur sera adress\u00e9 par mail.<\/p><p>Cette \u00e9tude sera conduite aupr\u00e8s de 1 000 personnes, le temps de recueil de toutes les donn\u00e9es est estim\u00e9 \u00e0 3 mois.<\/p><p>Tous les participants doivent lire attentivement le document ci-dessous :<br \/>&gt; <a href=\"https:\/\/www.ubfc.fr\/wp-content\/uploads\/2021\/09\/Formulaire-non-opposion-PubPrivLands1.pdf\">Note d&#8217;information et de non-opposition<\/a><\/p>\t\t\t\t\t\t\t\t<\/div>\n\t\t\t\t<\/div>\n\t\t\t\t\t<\/div>\n\t\t<\/div>\n\t\t\t\t\t<\/div>\n\t\t<\/section>\n\t\t\t\t<section class=\"elementor-section elementor-top-section elementor-element elementor-element-da92a6c elementor-section-boxed elementor-section-height-default elementor-section-height-default\" data-id=\"da92a6c\" data-element_type=\"section\" data-e-type=\"section\">\n\t\t\t\t\t\t<div class=\"elementor-container elementor-column-gap-default\">\n\t\t\t\t\t<div class=\"elementor-column elementor-col-100 elementor-top-column elementor-element elementor-element-ab9bdf1\" data-id=\"ab9bdf1\" data-element_type=\"column\" data-e-type=\"column\">\n\t\t\t<div class=\"elementor-widget-wrap elementor-element-populated\">\n\t\t\t\t\t\t<div class=\"elementor-element elementor-element-9cca78a elementor-widget-divider--view-line elementor-widget elementor-widget-divider\" data-id=\"9cca78a\" data-element_type=\"widget\" data-e-type=\"widget\" data-widget_type=\"divider.default\">\n\t\t\t\t<div class=\"elementor-widget-container\">\n\t\t\t\t\t\t\t<div class=\"elementor-divider\">\n\t\t\t<span class=\"elementor-divider-separator\">\n\t\t\t\t\t\t<\/span>\n\t\t<\/div>\n\t\t\t\t\t\t<\/div>\n\t\t\t\t<\/div>\n\t\t\t\t\t<\/div>\n\t\t<\/div>\n\t\t\t\t\t<\/div>\n\t\t<\/section>\n\t\t\t\t<section class=\"elementor-section elementor-top-section elementor-element elementor-element-ee7e99b elementor-section-boxed elementor-section-height-default elementor-section-height-default\" data-id=\"ee7e99b\" data-element_type=\"section\" data-e-type=\"section\">\n\t\t\t\t\t\t<div class=\"elementor-container elementor-column-gap-default\">\n\t\t\t\t\t<div class=\"elementor-column elementor-col-100 elementor-top-column elementor-element elementor-element-a07e335\" data-id=\"a07e335\" data-element_type=\"column\" data-e-type=\"column\">\n\t\t\t<div class=\"elementor-widget-wrap elementor-element-populated\">\n\t\t\t\t\t\t<div class=\"elementor-element elementor-element-4b0260d elementor-widget elementor-widget-text-editor\" data-id=\"4b0260d\" data-element_type=\"widget\" data-e-type=\"widget\" data-widget_type=\"text-editor.default\">\n\t\t\t\t<div class=\"elementor-widget-container\">\n\t\t\t\t\t\t\t\t\t<p>Cette recherche s\u2019inscrit dans le cadre du projet PubPrivLands, financ\u00e9 par la R\u00e9gion Bourgogne-Franche-Comt\u00e9 et le Programme Investissements d&#8217;Avenir Initiatives Science Innovation Territoires\u00a0 Economie Bourgogne Franche-Comt\u00e9 (ISITE-BFC). <br \/><br \/>Ce programme r\u00e9unit les chercheurs de six laboratoires pour r\u00e9fl\u00e9chir \u00e0 l\u2019\u00e9chelle du territoire \u00e0 la gestion des espaces publics et priv\u00e9s et \u00e0 ses cons\u00e9quences \u00e9cologiques, \u00e9conomiques, environnementales, sociales et sanitaires.<\/p><p><strong>+ d&#8217;infos<\/strong> :\u00a0<a href=\"https:\/\/www.ubfc.fr\/isite-bfc\/projets-integres\/pubprivlands\/\">https:\/\/www.ubfc.fr\/isite-bfc\/projets-integres\/pubprivlands\/<\/a><\/p>\t\t\t\t\t\t\t\t<\/div>\n\t\t\t\t<\/div>\n\t\t\t\t\t<\/div>\n\t\t<\/div>\n\t\t\t\t\t<\/div>\n\t\t<\/section>\n\t\t\t\t<\/div>\n\t\t","protected":false},"excerpt":{"rendered":"<p>Et si nos usages et notre perception des espaces verts avaient un impact sur notre sant\u00e9 ? C&#8217;est \u00e0 cette question que des chercheurs des laboratoires Th\u00e9MA et Chrono-environnement, en association avec le CHU de Besan\u00e7on, vont tenter de r\u00e9pondre. Comment ? Au travers d&#8217;une enqu\u00eate \u00e0 laquelle les citoyens de Dijon et de Besan\u00e7on &hellip; <a href=\"https:\/\/www.ubfc.fr\/en\/pubprivlands-usages-et-perception-des-espaces-verts-vs-bien-etre-et-sante\/\">Continued<\/a><\/p>\n","protected":false},"author":60,"featured_media":0,"comment_status":"open","ping_status":"closed","sticky":false,"template":"","format":"standard","meta":{"_acf_changed":false,"footnotes":""},"categories":[2049,14],"class_list":["post-55538","post","type-post","status-publish","format-standard","hentry","category-recherche","category-ubfc"],"acf":[],"yoast_head":"<!-- This site is optimized with the Yoast SEO plugin v27.4 - https:\/\/yoast.com\/product\/yoast-seo-wordpress\/ -->\n<title>PubPrivLands : usages et perception des espaces verts vs bien-\u00eatre et sant\u00e9 - COMUE Universit\u00e9 Bourgogne-Franche-Comt\u00e9<\/title>\n<meta name=\"robots\" content=\"index, follow, max-snippet:-1, max-image-preview:large, max-video-preview:-1\" \/>\n<link rel=\"canonical\" href=\"https:\/\/www.ubfc.fr\/pubprivlands-usages-et-perception-des-espaces-verts-vs-bien-etre-et-sante\/\" \/>\n<meta property=\"og:locale\" content=\"en_US\" \/>\n<meta property=\"og:type\" content=\"article\" \/>\n<meta property=\"og:title\" content=\"PubPrivLands : usages et perception des espaces verts vs bien-\u00eatre et sant\u00e9 - COMUE Universit\u00e9 Bourgogne-Franche-Comt\u00e9\" \/>\n<meta property=\"og:description\" content=\"Et si nos usages et notre perception des espaces verts avaient un impact sur notre sant\u00e9 ? C&#8217;est \u00e0 cette question que des chercheurs des laboratoires Th\u00e9MA et Chrono-environnement, en association avec le CHU de Besan\u00e7on, vont tenter de r\u00e9pondre. Comment ? Au travers d&#8217;une enqu\u00eate \u00e0 laquelle les citoyens de Dijon et de Besan\u00e7on &hellip; Continued\" \/>\n<meta property=\"og:url\" content=\"https:\/\/www.ubfc.fr\/pubprivlands-usages-et-perception-des-espaces-verts-vs-bien-etre-et-sante\/\" \/>\n<meta property=\"og:site_name\" content=\"COMUE Universit\u00e9 Bourgogne-Franche-Comt\u00e9\" \/>\n<meta property=\"article:publisher\" content=\"https:\/\/www.facebook.com\/UnivBFC\/\" \/>\n<meta property=\"article:published_time\" content=\"2021-09-22T14:00:28+00:00\" \/>\n<meta property=\"article:modified_time\" content=\"2021-09-23T07:16:48+00:00\" \/>\n<meta name=\"author\" content=\"Fanny Ajak\" \/>\n<meta name=\"twitter:card\" content=\"summary_large_image\" \/>\n<meta name=\"twitter:creator\" content=\"@univ_bfc\" \/>\n<meta name=\"twitter:site\" content=\"@univ_bfc\" \/>\n<meta name=\"twitter:label1\" content=\"Written by\" \/>\n\t<meta name=\"twitter:data1\" content=\"Fanny Ajak\" \/>\n\t<meta name=\"twitter:label2\" content=\"Est. reading time\" \/>\n\t<meta name=\"twitter:data2\" content=\"2 minutes\" \/>\n<script type=\"application\/ld+json\" class=\"yoast-schema-graph\">{\"@context\":\"https:\\\/\\\/schema.org\",\"@graph\":[{\"@type\":\"Article\",\"@id\":\"https:\\\/\\\/www.ubfc.fr\\\/pubprivlands-usages-et-perception-des-espaces-verts-vs-bien-etre-et-sante\\\/#article\",\"isPartOf\":{\"@id\":\"https:\\\/\\\/www.ubfc.fr\\\/pubprivlands-usages-et-perception-des-espaces-verts-vs-bien-etre-et-sante\\\/\"},\"author\":{\"name\":\"Fanny Ajak\",\"@id\":\"https:\\\/\\\/www.ubfc.fr\\\/#\\\/schema\\\/person\\\/692829a283f52bc4a247708371ee307a\"},\"headline\":\"PubPrivLands : usages et perception des espaces verts vs bien-\u00eatre et sant\u00e9\",\"datePublished\":\"2021-09-22T14:00:28+00:00\",\"dateModified\":\"2021-09-23T07:16:48+00:00\",\"mainEntityOfPage\":{\"@id\":\"https:\\\/\\\/www.ubfc.fr\\\/pubprivlands-usages-et-perception-des-espaces-verts-vs-bien-etre-et-sante\\\/\"},\"wordCount\":447,\"commentCount\":0,\"publisher\":{\"@id\":\"https:\\\/\\\/www.ubfc.fr\\\/#organization\"},\"articleSection\":[\"Recherche\",\"UBFC\"],\"inLanguage\":\"en-US\",\"potentialAction\":[{\"@type\":\"CommentAction\",\"name\":\"Comment\",\"target\":[\"https:\\\/\\\/www.ubfc.fr\\\/pubprivlands-usages-et-perception-des-espaces-verts-vs-bien-etre-et-sante\\\/#respond\"]}]},{\"@type\":\"WebPage\",\"@id\":\"https:\\\/\\\/www.ubfc.fr\\\/pubprivlands-usages-et-perception-des-espaces-verts-vs-bien-etre-et-sante\\\/\",\"url\":\"https:\\\/\\\/www.ubfc.fr\\\/pubprivlands-usages-et-perception-des-espaces-verts-vs-bien-etre-et-sante\\\/\",\"name\":\"PubPrivLands : usages et perception des espaces verts vs bien-\u00eatre et sant\u00e9 - COMUE Universit\u00e9 Bourgogne-Franche-Comt\u00e9\",\"isPartOf\":{\"@id\":\"https:\\\/\\\/www.ubfc.fr\\\/#website\"},\"datePublished\":\"2021-09-22T14:00:28+00:00\",\"dateModified\":\"2021-09-23T07:16:48+00:00\",\"breadcrumb\":{\"@id\":\"https:\\\/\\\/www.ubfc.fr\\\/pubprivlands-usages-et-perception-des-espaces-verts-vs-bien-etre-et-sante\\\/#breadcrumb\"},\"inLanguage\":\"en-US\",\"potentialAction\":[{\"@type\":\"ReadAction\",\"target\":[\"https:\\\/\\\/www.ubfc.fr\\\/pubprivlands-usages-et-perception-des-espaces-verts-vs-bien-etre-et-sante\\\/\"]}]},{\"@type\":\"BreadcrumbList\",\"@id\":\"https:\\\/\\\/www.ubfc.fr\\\/pubprivlands-usages-et-perception-des-espaces-verts-vs-bien-etre-et-sante\\\/#breadcrumb\",\"itemListElement\":[{\"@type\":\"ListItem\",\"position\":1,\"name\":\"Accueil\",\"item\":\"https:\\\/\\\/www.ubfc.fr\\\/en\\\/\"},{\"@type\":\"ListItem\",\"position\":2,\"name\":\"PubPrivLands : usages et perception des espaces verts vs bien-\u00eatre et sant\u00e9\"}]},{\"@type\":\"WebSite\",\"@id\":\"https:\\\/\\\/www.ubfc.fr\\\/#website\",\"url\":\"https:\\\/\\\/www.ubfc.fr\\\/\",\"name\":\"COMUE Universit\u00e9 Bourgogne-Franche-Comt\u00e9\",\"description\":\"\",\"publisher\":{\"@id\":\"https:\\\/\\\/www.ubfc.fr\\\/#organization\"},\"potentialAction\":[{\"@type\":\"SearchAction\",\"target\":{\"@type\":\"EntryPoint\",\"urlTemplate\":\"https:\\\/\\\/www.ubfc.fr\\\/?s={search_term_string}\"},\"query-input\":{\"@type\":\"PropertyValueSpecification\",\"valueRequired\":true,\"valueName\":\"search_term_string\"}}],\"inLanguage\":\"en-US\"},{\"@type\":\"Organization\",\"@id\":\"https:\\\/\\\/www.ubfc.fr\\\/#organization\",\"name\":\"Universit\u00e9 Bourgogne-Franche-Comt\u00e9\",\"url\":\"https:\\\/\\\/www.ubfc.fr\\\/\",\"logo\":{\"@type\":\"ImageObject\",\"inLanguage\":\"en-US\",\"@id\":\"https:\\\/\\\/www.ubfc.fr\\\/#\\\/schema\\\/logo\\\/image\\\/\",\"url\":\"https:\\\/\\\/www.ubfc.fr\\\/wp-content\\\/uploads\\\/2022\\\/03\\\/vagueUBFC_favicon.png\",\"contentUrl\":\"https:\\\/\\\/www.ubfc.fr\\\/wp-content\\\/uploads\\\/2022\\\/03\\\/vagueUBFC_favicon.png\",\"width\":512,\"height\":512,\"caption\":\"Universit\u00e9 Bourgogne-Franche-Comt\u00e9\"},\"image\":{\"@id\":\"https:\\\/\\\/www.ubfc.fr\\\/#\\\/schema\\\/logo\\\/image\\\/\"},\"sameAs\":[\"https:\\\/\\\/www.facebook.com\\\/UnivBFC\\\/\",\"https:\\\/\\\/x.com\\\/univ_bfc\",\"https:\\\/\\\/www.linkedin.com\\\/school\\\/universitebourgognefranchecomte\\\/mycompany\\\/\"]},{\"@type\":\"Person\",\"@id\":\"https:\\\/\\\/www.ubfc.fr\\\/#\\\/schema\\\/person\\\/692829a283f52bc4a247708371ee307a\",\"name\":\"Fanny Ajak\"}]}<\/script>\n<!-- \/ Yoast SEO plugin. -->","yoast_head_json":{"title":"PubPrivLands : usages et perception des espaces verts vs bien-\u00eatre et sant\u00e9 - COMUE Universit\u00e9 Bourgogne-Franche-Comt\u00e9","robots":{"index":"index","follow":"follow","max-snippet":"max-snippet:-1","max-image-preview":"max-image-preview:large","max-video-preview":"max-video-preview:-1"},"canonical":"https:\/\/www.ubfc.fr\/pubprivlands-usages-et-perception-des-espaces-verts-vs-bien-etre-et-sante\/","og_locale":"en_US","og_type":"article","og_title":"PubPrivLands : usages et perception des espaces verts vs bien-\u00eatre et sant\u00e9 - COMUE Universit\u00e9 Bourgogne-Franche-Comt\u00e9","og_description":"Et si nos usages et notre perception des espaces verts avaient un impact sur notre sant\u00e9 ? C&#8217;est \u00e0 cette question que des chercheurs des laboratoires Th\u00e9MA et Chrono-environnement, en association avec le CHU de Besan\u00e7on, vont tenter de r\u00e9pondre. Comment ? Au travers d&#8217;une enqu\u00eate \u00e0 laquelle les citoyens de Dijon et de Besan\u00e7on &hellip; Continued","og_url":"https:\/\/www.ubfc.fr\/pubprivlands-usages-et-perception-des-espaces-verts-vs-bien-etre-et-sante\/","og_site_name":"COMUE Universit\u00e9 Bourgogne-Franche-Comt\u00e9","article_publisher":"https:\/\/www.facebook.com\/UnivBFC\/","article_published_time":"2021-09-22T14:00:28+00:00","article_modified_time":"2021-09-23T07:16:48+00:00","author":"Fanny Ajak","twitter_card":"summary_large_image","twitter_creator":"@univ_bfc","twitter_site":"@univ_bfc","twitter_misc":{"Written by":"Fanny Ajak","Est. reading time":"2 minutes"},"schema":{"@context":"https:\/\/schema.org","@graph":[{"@type":"Article","@id":"https:\/\/www.ubfc.fr\/pubprivlands-usages-et-perception-des-espaces-verts-vs-bien-etre-et-sante\/#article","isPartOf":{"@id":"https:\/\/www.ubfc.fr\/pubprivlands-usages-et-perception-des-espaces-verts-vs-bien-etre-et-sante\/"},"author":{"name":"Fanny Ajak","@id":"https:\/\/www.ubfc.fr\/#\/schema\/person\/692829a283f52bc4a247708371ee307a"},"headline":"PubPrivLands : usages et perception des espaces verts vs bien-\u00eatre et sant\u00e9","datePublished":"2021-09-22T14:00:28+00:00","dateModified":"2021-09-23T07:16:48+00:00","mainEntityOfPage":{"@id":"https:\/\/www.ubfc.fr\/pubprivlands-usages-et-perception-des-espaces-verts-vs-bien-etre-et-sante\/"},"wordCount":447,"commentCount":0,"publisher":{"@id":"https:\/\/www.ubfc.fr\/#organization"},"articleSection":["Recherche","UBFC"],"inLanguage":"en-US","potentialAction":[{"@type":"CommentAction","name":"Comment","target":["https:\/\/www.ubfc.fr\/pubprivlands-usages-et-perception-des-espaces-verts-vs-bien-etre-et-sante\/#respond"]}]},{"@type":"WebPage","@id":"https:\/\/www.ubfc.fr\/pubprivlands-usages-et-perception-des-espaces-verts-vs-bien-etre-et-sante\/","url":"https:\/\/www.ubfc.fr\/pubprivlands-usages-et-perception-des-espaces-verts-vs-bien-etre-et-sante\/","name":"PubPrivLands : usages et perception des espaces verts vs bien-\u00eatre et sant\u00e9 - COMUE Universit\u00e9 Bourgogne-Franche-Comt\u00e9","isPartOf":{"@id":"https:\/\/www.ubfc.fr\/#website"},"datePublished":"2021-09-22T14:00:28+00:00","dateModified":"2021-09-23T07:16:48+00:00","breadcrumb":{"@id":"https:\/\/www.ubfc.fr\/pubprivlands-usages-et-perception-des-espaces-verts-vs-bien-etre-et-sante\/#breadcrumb"},"inLanguage":"en-US","potentialAction":[{"@type":"ReadAction","target":["https:\/\/www.ubfc.fr\/pubprivlands-usages-et-perception-des-espaces-verts-vs-bien-etre-et-sante\/"]}]},{"@type":"BreadcrumbList","@id":"https:\/\/www.ubfc.fr\/pubprivlands-usages-et-perception-des-espaces-verts-vs-bien-etre-et-sante\/#breadcrumb","itemListElement":[{"@type":"ListItem","position":1,"name":"Accueil","item":"https:\/\/www.ubfc.fr\/en\/"},{"@type":"ListItem","position":2,"name":"PubPrivLands : usages et perception des espaces verts vs bien-\u00eatre et sant\u00e9"}]},{"@type":"WebSite","@id":"https:\/\/www.ubfc.fr\/#website","url":"https:\/\/www.ubfc.fr\/","name":"COMUE Universit\u00e9 Bourgogne-Franche-Comt\u00e9","description":"","publisher":{"@id":"https:\/\/www.ubfc.fr\/#organization"},"potentialAction":[{"@type":"SearchAction","target":{"@type":"EntryPoint","urlTemplate":"https:\/\/www.ubfc.fr\/?s={search_term_string}"},"query-input":{"@type":"PropertyValueSpecification","valueRequired":true,"valueName":"search_term_string"}}],"inLanguage":"en-US"},{"@type":"Organization","@id":"https:\/\/www.ubfc.fr\/#organization","name":"Universit\u00e9 Bourgogne-Franche-Comt\u00e9","url":"https:\/\/www.ubfc.fr\/","logo":{"@type":"ImageObject","inLanguage":"en-US","@id":"https:\/\/www.ubfc.fr\/#\/schema\/logo\/image\/","url":"https:\/\/www.ubfc.fr\/wp-content\/uploads\/2022\/03\/vagueUBFC_favicon.png","contentUrl":"https:\/\/www.ubfc.fr\/wp-content\/uploads\/2022\/03\/vagueUBFC_favicon.png","width":512,"height":512,"caption":"Universit\u00e9 Bourgogne-Franche-Comt\u00e9"},"image":{"@id":"https:\/\/www.ubfc.fr\/#\/schema\/logo\/image\/"},"sameAs":["https:\/\/www.facebook.com\/UnivBFC\/","https:\/\/x.com\/univ_bfc","https:\/\/www.linkedin.com\/school\/universitebourgognefranchecomte\/mycompany\/"]},{"@type":"Person","@id":"https:\/\/www.ubfc.fr\/#\/schema\/person\/692829a283f52bc4a247708371ee307a","name":"Fanny Ajak"}]}},"_links":{"self":[{"href":"https:\/\/www.ubfc.fr\/en\/wp-json\/wp\/v2\/posts\/55538","targetHints":{"allow":["GET"]}}],"collection":[{"href":"https:\/\/www.ubfc.fr\/en\/wp-json\/wp\/v2\/posts"}],"about":[{"href":"https:\/\/www.ubfc.fr\/en\/wp-json\/wp\/v2\/types\/post"}],"author":[{"embeddable":true,"href":"https:\/\/www.ubfc.fr\/en\/wp-json\/wp\/v2\/users\/60"}],"replies":[{"embeddable":true,"href":"https:\/\/www.ubfc.fr\/en\/wp-json\/wp\/v2\/comments?post=55538"}],"version-history":[{"count":0,"href":"https:\/\/www.ubfc.fr\/en\/wp-json\/wp\/v2\/posts\/55538\/revisions"}],"wp:attachment":[{"href":"https:\/\/www.ubfc.fr\/en\/wp-json\/wp\/v2\/media?parent=55538"}],"wp:term":[{"taxonomy":"category","embeddable":true,"href":"https:\/\/www.ubfc.fr\/en\/wp-json\/wp\/v2\/categories?post=55538"}],"curies":[{"name":"wp","href":"https:\/\/api.w.org\/{rel}","templated":true}]}}