{"id":53732,"date":"2021-05-06T09:51:50","date_gmt":"2021-05-06T07:51:50","guid":{"rendered":"https:\/\/www.ubfc.fr\/?p=53732"},"modified":"2021-05-06T09:53:20","modified_gmt":"2021-05-06T07:53:20","slug":"bourses-dexcellence-eiffel-trois-etudiants-ubfc-laureats","status":"publish","type":"post","link":"https:\/\/www.ubfc.fr\/en\/bourses-dexcellence-eiffel-trois-etudiants-ubfc-laureats\/","title":{"rendered":"Bourses d\u2019excellence Eiffel : trois \u00e9tudiants UBFC laur\u00e9ats"},"content":{"rendered":"\t\t<div data-elementor-type=\"wp-post\" data-elementor-id=\"53732\" class=\"elementor elementor-53732\" data-elementor-post-type=\"post\">\n\t\t\t\t\t\t<section class=\"elementor-section elementor-top-section elementor-element elementor-element-8fdc2cc elementor-section-boxed elementor-section-height-default elementor-section-height-default\" data-id=\"8fdc2cc\" data-element_type=\"section\" data-e-type=\"section\">\n\t\t\t\t\t\t<div class=\"elementor-container elementor-column-gap-default\">\n\t\t\t\t\t<div class=\"elementor-column elementor-col-100 elementor-top-column elementor-element elementor-element-ba1fce9\" data-id=\"ba1fce9\" data-element_type=\"column\" data-e-type=\"column\">\n\t\t\t<div class=\"elementor-widget-wrap elementor-element-populated\">\n\t\t\t\t\t\t<div class=\"elementor-element elementor-element-4dce200 elementor-widget elementor-widget-text-editor\" data-id=\"4dce200\" data-element_type=\"widget\" data-e-type=\"widget\" data-widget_type=\"text-editor.default\">\n\t\t\t\t<div class=\"elementor-widget-container\">\n\t\t\t\t\t\t\t\t\t<p><span style=\"font-size: 8pt\">[Publi\u00e9 le 06\/05\/2021]<\/span><\/p><h5><strong>Deux \u00e9tudiants de master UBFC et un doctorant d\u2019UBFC en sont laur\u00e9ats\u00a0: ils b\u00e9n\u00e9ficieront de ce programme d\u00e8s la rentr\u00e9e 2021.<\/strong><\/h5><p>Le programme de bourses d\u2019excellence EIFFEL, port\u00e9 par le minist\u00e8re de l&#8217;Europe et des Affaires \u00e9trang\u00e8res, est un programme national qui r\u00e9compense les \u00e9tudiants internationaux aux profils d\u2019excellence.<\/p><p>Les crit\u00e8res de s\u00e9lection sont sp\u00e9cifiques et portent sur\u00a0:<\/p><ul><li><strong>la nationalit\u00e9 <\/strong>: seuls les \u00e9tudiants internationaux peuvent candidater\u00a0;<\/li><li><strong>le parcours acad\u00e9mique <\/strong>: les r\u00e9sultats universitaires sont examin\u00e9s sur les 3 ann\u00e9es pr\u00e9c\u00e9dant la demande et doivent correspondre \u00e0 un niveau d\u2019excellence\u00a0;<\/li><li><strong>le domaine d\u2019\u00e9tudes <\/strong>: les \u00e9tudes effectu\u00e9es par le candidat doivent figurer parmi les 4 domaines ci-dessous :<ul><li>Le droit<\/li><li>L\u2019\u00e9conomie et la gestion<\/li><li>Les sciences de l\u2019ing\u00e9nieur pour le niveau master, les sciences au sens large pour le niveau doctorat (sciences de l\u2019ing\u00e9nieur ; sciences exactes : math\u00e9matiques, physique, chimie et sciences de la vie, nano et biotechnologies, sciences de la terre, de l\u2019univers et de l\u2019environnement, sciences et technologies de l\u2019information et de la communication)<\/li><li>Les sciences politiques.<\/li><\/ul><\/li><\/ul><p>La s\u00e9lection est importante\u00a0: cette ann\u00e9e, sur les 1\u00a0478 candidatures d\u00e9pos\u00e9es au niveau national, seules 347 ont \u00e9t\u00e9 retenues. Ces laur\u00e9ats pourront ainsi financer leurs \u00e9tudes gr\u00e2ce \u00e0 une <strong>allocation mensuelle d\u2019un montant de 1 181 euros pour les \u00e9tudiants de master et de 1 700 euros pour les doctorants.<\/strong><\/p><p>Trois \u00e9tudiants d\u2019UBFC sont laur\u00e9ats pour la rentr\u00e9e prochaine :<\/p><ul><li><strong>Nabeel Ahmad JADOON<\/strong>, de nationalit\u00e9 pakistanaise, dipl\u00f4m\u00e9 d\u2019un b<em>achelor of Science<\/em> en ing\u00e9nierie m\u00e9catronique de l\u2019universit\u00e9 d&#8217;Ing\u00e9nierie et de Technologie de Peshawar (Pakistan). La bourse sera vers\u00e9e sur 24 mois, ce qui lui permettra de r\u00e9aliser int\u00e9gralement son parcours au sein du master UBFC <em>Control for Green Mechatronics <\/em>(GreeM).<\/li><\/ul><ul><li><strong>Shahkar SHAHID<\/strong>, de nationalit\u00e9 pakistanaise, dipl\u00f4m\u00e9 d\u2019un master de Philosophie en \u00c9conomie \u00e0 l\u2019universit\u00e9 de Peshawar (Pakistan), actuellement \u00e9tudiant en premi\u00e8re ann\u00e9e au sein du master UBFC <em>Data Analyst for Spatial and Environmental Economics<\/em> (DASEE). Il b\u00e9n\u00e9ficiera de la bourse EIFFEL pour sa seconde ann\u00e9e de master.<\/li><\/ul><ul><li><strong>Nasr ABDELKHALEK<\/strong>, de nationalit\u00e9 \u00e9gyptienne, dipl\u00f4m\u00e9 d\u2019un master en Droit international public de l\u2019universit\u00e9 Lyon 3 Jean Moulin et actuellement doctorant au sein du laboratoire CREDIMI (CNRS-UBFC). La bourse, vers\u00e9e sur une dur\u00e9e de 12 mois, contribuera \u00e0 ses travaux de recherche qui portent sur \u00ab\u00a0les relations entre l&#8217;\u00c9tat et ses \u00e9manations\u00a0devant l&#8217;arbitre international\u00a0\u00bb.<\/li><\/ul><p>Depuis 2017, UBFC candidate tous les ans \u00e0 ce programme d\u2019excellence et a permis, chaque ann\u00e9e, \u00e0 des \u00e9tudiants d\u2019obtenir une bourse. Cette aide permet ainsi \u00e0 des \u00e9tudiants internationaux de pouvoir b\u00e9n\u00e9ficier des formations et des atouts de la recherche UBFC.<\/p><p>Plus d&#8217;infos : <a href=\"https:\/\/www.campusfrance.org\/fr\/les-laureats-2021-du-programme-de-bourses-eiffel\">https:\/\/www.campusfrance.org\/fr\/les-laureats-2021-du-programme-de-bourses-eiffel<\/a><\/p>\t\t\t\t\t\t\t\t<\/div>\n\t\t\t\t<\/div>\n\t\t\t\t\t<\/div>\n\t\t<\/div>\n\t\t\t\t\t<\/div>\n\t\t<\/section>\n\t\t\t\t<\/div>\n\t\t","protected":false},"excerpt":{"rendered":"<p>[Publi\u00e9 le 06\/05\/2021] Deux \u00e9tudiants de master UBFC et un doctorant d\u2019UBFC en sont laur\u00e9ats\u00a0: ils b\u00e9n\u00e9ficieront de ce programme d\u00e8s la rentr\u00e9e 2021. Le programme de bourses d\u2019excellence EIFFEL, port\u00e9 par le minist\u00e8re de l&#8217;Europe et des Affaires \u00e9trang\u00e8res, est un programme national qui r\u00e9compense les \u00e9tudiants internationaux aux profils d\u2019excellence. Les crit\u00e8res de &hellip; <a href=\"https:\/\/www.ubfc.fr\/en\/bourses-dexcellence-eiffel-trois-etudiants-ubfc-laureats\/\">Continued<\/a><\/p>\n","protected":false},"author":18,"featured_media":53738,"comment_status":"open","ping_status":"closed","sticky":false,"template":"","format":"standard","meta":{"_acf_changed":false,"footnotes":""},"categories":[12,2060,14],"class_list":["post-53732","post","type-post","status-publish","format-standard","has-post-thumbnail","hentry","category-excellence","category-international","category-ubfc"],"acf":[],"yoast_head":"<!-- This site is optimized with the Yoast SEO plugin v27.5 - https:\/\/yoast.com\/product\/yoast-seo-wordpress\/ -->\n<title>Bourses d\u2019excellence Eiffel : trois \u00e9tudiants UBFC laur\u00e9ats - COMUE Universit\u00e9 Bourgogne-Franche-Comt\u00e9<\/title>\n<meta name=\"robots\" content=\"index, follow, max-snippet:-1, max-image-preview:large, max-video-preview:-1\" \/>\n<link rel=\"canonical\" href=\"https:\/\/www.ubfc.fr\/en\/bourses-dexcellence-eiffel-trois-etudiants-ubfc-laureats\/\" \/>\n<meta property=\"og:locale\" content=\"en_US\" \/>\n<meta property=\"og:type\" content=\"article\" \/>\n<meta property=\"og:title\" content=\"Bourses d\u2019excellence Eiffel : trois \u00e9tudiants UBFC laur\u00e9ats - COMUE Universit\u00e9 Bourgogne-Franche-Comt\u00e9\" \/>\n<meta property=\"og:description\" content=\"[Publi\u00e9 le 06\/05\/2021] Deux \u00e9tudiants de master UBFC et un doctorant d\u2019UBFC en sont laur\u00e9ats\u00a0: ils b\u00e9n\u00e9ficieront de ce programme d\u00e8s la rentr\u00e9e 2021. Le programme de bourses d\u2019excellence EIFFEL, port\u00e9 par le minist\u00e8re de l&#8217;Europe et des Affaires \u00e9trang\u00e8res, est un programme national qui r\u00e9compense les \u00e9tudiants internationaux aux profils d\u2019excellence. Les crit\u00e8res de &hellip; Continued\" \/>\n<meta property=\"og:url\" content=\"https:\/\/www.ubfc.fr\/en\/bourses-dexcellence-eiffel-trois-etudiants-ubfc-laureats\/\" \/>\n<meta property=\"og:site_name\" content=\"COMUE Universit\u00e9 Bourgogne-Franche-Comt\u00e9\" \/>\n<meta property=\"article:publisher\" content=\"https:\/\/www.facebook.com\/UnivBFC\/\" \/>\n<meta property=\"article:published_time\" content=\"2021-05-06T07:51:50+00:00\" \/>\n<meta property=\"article:modified_time\" content=\"2021-05-06T07:53:20+00:00\" \/>\n<meta property=\"og:image\" content=\"https:\/\/www.ubfc.fr\/wp-content\/uploads\/2021\/05\/logoEiffel.png\" \/>\n\t<meta property=\"og:image:width\" content=\"400\" \/>\n\t<meta property=\"og:image:height\" content=\"354\" \/>\n\t<meta property=\"og:image:type\" content=\"image\/png\" \/>\n<meta name=\"author\" content=\"Service Communication\" \/>\n<meta name=\"twitter:card\" content=\"summary_large_image\" \/>\n<meta name=\"twitter:creator\" content=\"@univ_bfc\" \/>\n<meta name=\"twitter:site\" content=\"@univ_bfc\" \/>\n<meta name=\"twitter:label1\" content=\"Written by\" \/>\n\t<meta name=\"twitter:data1\" content=\"Service Communication\" \/>\n\t<meta name=\"twitter:label2\" content=\"Est. reading time\" \/>\n\t<meta name=\"twitter:data2\" content=\"2 minutes\" \/>\n<script type=\"application\/ld+json\" class=\"yoast-schema-graph\">{\"@context\":\"https:\\\/\\\/schema.org\",\"@graph\":[{\"@type\":\"Article\",\"@id\":\"https:\\\/\\\/www.ubfc.fr\\\/en\\\/bourses-dexcellence-eiffel-trois-etudiants-ubfc-laureats\\\/#article\",\"isPartOf\":{\"@id\":\"https:\\\/\\\/www.ubfc.fr\\\/en\\\/bourses-dexcellence-eiffel-trois-etudiants-ubfc-laureats\\\/\"},\"author\":{\"name\":\"Service Communication\",\"@id\":\"https:\\\/\\\/www.ubfc.fr\\\/#\\\/schema\\\/person\\\/3ef561973c06a7d92e306aff97468ee9\"},\"headline\":\"Bourses d\u2019excellence Eiffel : trois \u00e9tudiants UBFC laur\u00e9ats\",\"datePublished\":\"2021-05-06T07:51:50+00:00\",\"dateModified\":\"2021-05-06T07:53:20+00:00\",\"mainEntityOfPage\":{\"@id\":\"https:\\\/\\\/www.ubfc.fr\\\/en\\\/bourses-dexcellence-eiffel-trois-etudiants-ubfc-laureats\\\/\"},\"wordCount\":490,\"commentCount\":0,\"publisher\":{\"@id\":\"https:\\\/\\\/www.ubfc.fr\\\/#organization\"},\"image\":{\"@id\":\"https:\\\/\\\/www.ubfc.fr\\\/en\\\/bourses-dexcellence-eiffel-trois-etudiants-ubfc-laureats\\\/#primaryimage\"},\"thumbnailUrl\":\"https:\\\/\\\/www.ubfc.fr\\\/wp-content\\\/uploads\\\/2021\\\/05\\\/logoEiffel.png\",\"articleSection\":[\"Excellence\",\"International\",\"UBFC\"],\"inLanguage\":\"en-US\",\"potentialAction\":[{\"@type\":\"CommentAction\",\"name\":\"Comment\",\"target\":[\"https:\\\/\\\/www.ubfc.fr\\\/en\\\/bourses-dexcellence-eiffel-trois-etudiants-ubfc-laureats\\\/#respond\"]}]},{\"@type\":\"WebPage\",\"@id\":\"https:\\\/\\\/www.ubfc.fr\\\/en\\\/bourses-dexcellence-eiffel-trois-etudiants-ubfc-laureats\\\/\",\"url\":\"https:\\\/\\\/www.ubfc.fr\\\/en\\\/bourses-dexcellence-eiffel-trois-etudiants-ubfc-laureats\\\/\",\"name\":\"Bourses d\u2019excellence Eiffel : trois \u00e9tudiants UBFC laur\u00e9ats - COMUE Universit\u00e9 Bourgogne-Franche-Comt\u00e9\",\"isPartOf\":{\"@id\":\"https:\\\/\\\/www.ubfc.fr\\\/#website\"},\"primaryImageOfPage\":{\"@id\":\"https:\\\/\\\/www.ubfc.fr\\\/en\\\/bourses-dexcellence-eiffel-trois-etudiants-ubfc-laureats\\\/#primaryimage\"},\"image\":{\"@id\":\"https:\\\/\\\/www.ubfc.fr\\\/en\\\/bourses-dexcellence-eiffel-trois-etudiants-ubfc-laureats\\\/#primaryimage\"},\"thumbnailUrl\":\"https:\\\/\\\/www.ubfc.fr\\\/wp-content\\\/uploads\\\/2021\\\/05\\\/logoEiffel.png\",\"datePublished\":\"2021-05-06T07:51:50+00:00\",\"dateModified\":\"2021-05-06T07:53:20+00:00\",\"breadcrumb\":{\"@id\":\"https:\\\/\\\/www.ubfc.fr\\\/en\\\/bourses-dexcellence-eiffel-trois-etudiants-ubfc-laureats\\\/#breadcrumb\"},\"inLanguage\":\"en-US\",\"potentialAction\":[{\"@type\":\"ReadAction\",\"target\":[\"https:\\\/\\\/www.ubfc.fr\\\/en\\\/bourses-dexcellence-eiffel-trois-etudiants-ubfc-laureats\\\/\"]}]},{\"@type\":\"ImageObject\",\"inLanguage\":\"en-US\",\"@id\":\"https:\\\/\\\/www.ubfc.fr\\\/en\\\/bourses-dexcellence-eiffel-trois-etudiants-ubfc-laureats\\\/#primaryimage\",\"url\":\"https:\\\/\\\/www.ubfc.fr\\\/wp-content\\\/uploads\\\/2021\\\/05\\\/logoEiffel.png\",\"contentUrl\":\"https:\\\/\\\/www.ubfc.fr\\\/wp-content\\\/uploads\\\/2021\\\/05\\\/logoEiffel.png\",\"width\":400,\"height\":354,\"caption\":\"Photo issue de https:\\\/\\\/www.campusfrance.org\\\/fr\\\/les-laureats-2021-du-programme-de-bourses-eiffel\"},{\"@type\":\"BreadcrumbList\",\"@id\":\"https:\\\/\\\/www.ubfc.fr\\\/en\\\/bourses-dexcellence-eiffel-trois-etudiants-ubfc-laureats\\\/#breadcrumb\",\"itemListElement\":[{\"@type\":\"ListItem\",\"position\":1,\"name\":\"Accueil\",\"item\":\"https:\\\/\\\/www.ubfc.fr\\\/en\\\/\"},{\"@type\":\"ListItem\",\"position\":2,\"name\":\"Bourses d\u2019excellence Eiffel : trois \u00e9tudiants UBFC laur\u00e9ats\"}]},{\"@type\":\"WebSite\",\"@id\":\"https:\\\/\\\/www.ubfc.fr\\\/#website\",\"url\":\"https:\\\/\\\/www.ubfc.fr\\\/\",\"name\":\"COMUE Universit\u00e9 Bourgogne-Franche-Comt\u00e9\",\"description\":\"\",\"publisher\":{\"@id\":\"https:\\\/\\\/www.ubfc.fr\\\/#organization\"},\"potentialAction\":[{\"@type\":\"SearchAction\",\"target\":{\"@type\":\"EntryPoint\",\"urlTemplate\":\"https:\\\/\\\/www.ubfc.fr\\\/?s={search_term_string}\"},\"query-input\":{\"@type\":\"PropertyValueSpecification\",\"valueRequired\":true,\"valueName\":\"search_term_string\"}}],\"inLanguage\":\"en-US\"},{\"@type\":\"Organization\",\"@id\":\"https:\\\/\\\/www.ubfc.fr\\\/#organization\",\"name\":\"Universit\u00e9 Bourgogne-Franche-Comt\u00e9\",\"url\":\"https:\\\/\\\/www.ubfc.fr\\\/\",\"logo\":{\"@type\":\"ImageObject\",\"inLanguage\":\"en-US\",\"@id\":\"https:\\\/\\\/www.ubfc.fr\\\/#\\\/schema\\\/logo\\\/image\\\/\",\"url\":\"https:\\\/\\\/www.ubfc.fr\\\/wp-content\\\/uploads\\\/2022\\\/03\\\/vagueUBFC_favicon.png\",\"contentUrl\":\"https:\\\/\\\/www.ubfc.fr\\\/wp-content\\\/uploads\\\/2022\\\/03\\\/vagueUBFC_favicon.png\",\"width\":512,\"height\":512,\"caption\":\"Universit\u00e9 Bourgogne-Franche-Comt\u00e9\"},\"image\":{\"@id\":\"https:\\\/\\\/www.ubfc.fr\\\/#\\\/schema\\\/logo\\\/image\\\/\"},\"sameAs\":[\"https:\\\/\\\/www.facebook.com\\\/UnivBFC\\\/\",\"https:\\\/\\\/x.com\\\/univ_bfc\",\"https:\\\/\\\/www.linkedin.com\\\/school\\\/universitebourgognefranchecomte\\\/mycompany\\\/\"]},{\"@type\":\"Person\",\"@id\":\"https:\\\/\\\/www.ubfc.fr\\\/#\\\/schema\\\/person\\\/3ef561973c06a7d92e306aff97468ee9\",\"name\":\"Service Communication\"}]}<\/script>\n<!-- \/ Yoast SEO plugin. -->","yoast_head_json":{"title":"Bourses d\u2019excellence Eiffel : trois \u00e9tudiants UBFC laur\u00e9ats - COMUE Universit\u00e9 Bourgogne-Franche-Comt\u00e9","robots":{"index":"index","follow":"follow","max-snippet":"max-snippet:-1","max-image-preview":"max-image-preview:large","max-video-preview":"max-video-preview:-1"},"canonical":"https:\/\/www.ubfc.fr\/en\/bourses-dexcellence-eiffel-trois-etudiants-ubfc-laureats\/","og_locale":"en_US","og_type":"article","og_title":"Bourses d\u2019excellence Eiffel : trois \u00e9tudiants UBFC laur\u00e9ats - COMUE Universit\u00e9 Bourgogne-Franche-Comt\u00e9","og_description":"[Publi\u00e9 le 06\/05\/2021] Deux \u00e9tudiants de master UBFC et un doctorant d\u2019UBFC en sont laur\u00e9ats\u00a0: ils b\u00e9n\u00e9ficieront de ce programme d\u00e8s la rentr\u00e9e 2021. Le programme de bourses d\u2019excellence EIFFEL, port\u00e9 par le minist\u00e8re de l&#8217;Europe et des Affaires \u00e9trang\u00e8res, est un programme national qui r\u00e9compense les \u00e9tudiants internationaux aux profils d\u2019excellence. Les crit\u00e8res de &hellip; Continued","og_url":"https:\/\/www.ubfc.fr\/en\/bourses-dexcellence-eiffel-trois-etudiants-ubfc-laureats\/","og_site_name":"COMUE Universit\u00e9 Bourgogne-Franche-Comt\u00e9","article_publisher":"https:\/\/www.facebook.com\/UnivBFC\/","article_published_time":"2021-05-06T07:51:50+00:00","article_modified_time":"2021-05-06T07:53:20+00:00","og_image":[{"width":400,"height":354,"url":"https:\/\/www.ubfc.fr\/wp-content\/uploads\/2021\/05\/logoEiffel.png","type":"image\/png"}],"author":"Service Communication","twitter_card":"summary_large_image","twitter_creator":"@univ_bfc","twitter_site":"@univ_bfc","twitter_misc":{"Written by":"Service Communication","Est. reading time":"2 minutes"},"schema":{"@context":"https:\/\/schema.org","@graph":[{"@type":"Article","@id":"https:\/\/www.ubfc.fr\/en\/bourses-dexcellence-eiffel-trois-etudiants-ubfc-laureats\/#article","isPartOf":{"@id":"https:\/\/www.ubfc.fr\/en\/bourses-dexcellence-eiffel-trois-etudiants-ubfc-laureats\/"},"author":{"name":"Service Communication","@id":"https:\/\/www.ubfc.fr\/#\/schema\/person\/3ef561973c06a7d92e306aff97468ee9"},"headline":"Bourses d\u2019excellence Eiffel : trois \u00e9tudiants UBFC laur\u00e9ats","datePublished":"2021-05-06T07:51:50+00:00","dateModified":"2021-05-06T07:53:20+00:00","mainEntityOfPage":{"@id":"https:\/\/www.ubfc.fr\/en\/bourses-dexcellence-eiffel-trois-etudiants-ubfc-laureats\/"},"wordCount":490,"commentCount":0,"publisher":{"@id":"https:\/\/www.ubfc.fr\/#organization"},"image":{"@id":"https:\/\/www.ubfc.fr\/en\/bourses-dexcellence-eiffel-trois-etudiants-ubfc-laureats\/#primaryimage"},"thumbnailUrl":"https:\/\/www.ubfc.fr\/wp-content\/uploads\/2021\/05\/logoEiffel.png","articleSection":["Excellence","International","UBFC"],"inLanguage":"en-US","potentialAction":[{"@type":"CommentAction","name":"Comment","target":["https:\/\/www.ubfc.fr\/en\/bourses-dexcellence-eiffel-trois-etudiants-ubfc-laureats\/#respond"]}]},{"@type":"WebPage","@id":"https:\/\/www.ubfc.fr\/en\/bourses-dexcellence-eiffel-trois-etudiants-ubfc-laureats\/","url":"https:\/\/www.ubfc.fr\/en\/bourses-dexcellence-eiffel-trois-etudiants-ubfc-laureats\/","name":"Bourses d\u2019excellence Eiffel : trois \u00e9tudiants UBFC laur\u00e9ats - COMUE Universit\u00e9 Bourgogne-Franche-Comt\u00e9","isPartOf":{"@id":"https:\/\/www.ubfc.fr\/#website"},"primaryImageOfPage":{"@id":"https:\/\/www.ubfc.fr\/en\/bourses-dexcellence-eiffel-trois-etudiants-ubfc-laureats\/#primaryimage"},"image":{"@id":"https:\/\/www.ubfc.fr\/en\/bourses-dexcellence-eiffel-trois-etudiants-ubfc-laureats\/#primaryimage"},"thumbnailUrl":"https:\/\/www.ubfc.fr\/wp-content\/uploads\/2021\/05\/logoEiffel.png","datePublished":"2021-05-06T07:51:50+00:00","dateModified":"2021-05-06T07:53:20+00:00","breadcrumb":{"@id":"https:\/\/www.ubfc.fr\/en\/bourses-dexcellence-eiffel-trois-etudiants-ubfc-laureats\/#breadcrumb"},"inLanguage":"en-US","potentialAction":[{"@type":"ReadAction","target":["https:\/\/www.ubfc.fr\/en\/bourses-dexcellence-eiffel-trois-etudiants-ubfc-laureats\/"]}]},{"@type":"ImageObject","inLanguage":"en-US","@id":"https:\/\/www.ubfc.fr\/en\/bourses-dexcellence-eiffel-trois-etudiants-ubfc-laureats\/#primaryimage","url":"https:\/\/www.ubfc.fr\/wp-content\/uploads\/2021\/05\/logoEiffel.png","contentUrl":"https:\/\/www.ubfc.fr\/wp-content\/uploads\/2021\/05\/logoEiffel.png","width":400,"height":354,"caption":"Photo issue de https:\/\/www.campusfrance.org\/fr\/les-laureats-2021-du-programme-de-bourses-eiffel"},{"@type":"BreadcrumbList","@id":"https:\/\/www.ubfc.fr\/en\/bourses-dexcellence-eiffel-trois-etudiants-ubfc-laureats\/#breadcrumb","itemListElement":[{"@type":"ListItem","position":1,"name":"Accueil","item":"https:\/\/www.ubfc.fr\/en\/"},{"@type":"ListItem","position":2,"name":"Bourses d\u2019excellence Eiffel : trois \u00e9tudiants UBFC laur\u00e9ats"}]},{"@type":"WebSite","@id":"https:\/\/www.ubfc.fr\/#website","url":"https:\/\/www.ubfc.fr\/","name":"COMUE Universit\u00e9 Bourgogne-Franche-Comt\u00e9","description":"","publisher":{"@id":"https:\/\/www.ubfc.fr\/#organization"},"potentialAction":[{"@type":"SearchAction","target":{"@type":"EntryPoint","urlTemplate":"https:\/\/www.ubfc.fr\/?s={search_term_string}"},"query-input":{"@type":"PropertyValueSpecification","valueRequired":true,"valueName":"search_term_string"}}],"inLanguage":"en-US"},{"@type":"Organization","@id":"https:\/\/www.ubfc.fr\/#organization","name":"Universit\u00e9 Bourgogne-Franche-Comt\u00e9","url":"https:\/\/www.ubfc.fr\/","logo":{"@type":"ImageObject","inLanguage":"en-US","@id":"https:\/\/www.ubfc.fr\/#\/schema\/logo\/image\/","url":"https:\/\/www.ubfc.fr\/wp-content\/uploads\/2022\/03\/vagueUBFC_favicon.png","contentUrl":"https:\/\/www.ubfc.fr\/wp-content\/uploads\/2022\/03\/vagueUBFC_favicon.png","width":512,"height":512,"caption":"Universit\u00e9 Bourgogne-Franche-Comt\u00e9"},"image":{"@id":"https:\/\/www.ubfc.fr\/#\/schema\/logo\/image\/"},"sameAs":["https:\/\/www.facebook.com\/UnivBFC\/","https:\/\/x.com\/univ_bfc","https:\/\/www.linkedin.com\/school\/universitebourgognefranchecomte\/mycompany\/"]},{"@type":"Person","@id":"https:\/\/www.ubfc.fr\/#\/schema\/person\/3ef561973c06a7d92e306aff97468ee9","name":"Service Communication"}]}},"_links":{"self":[{"href":"https:\/\/www.ubfc.fr\/en\/wp-json\/wp\/v2\/posts\/53732","targetHints":{"allow":["GET"]}}],"collection":[{"href":"https:\/\/www.ubfc.fr\/en\/wp-json\/wp\/v2\/posts"}],"about":[{"href":"https:\/\/www.ubfc.fr\/en\/wp-json\/wp\/v2\/types\/post"}],"author":[{"embeddable":true,"href":"https:\/\/www.ubfc.fr\/en\/wp-json\/wp\/v2\/users\/18"}],"replies":[{"embeddable":true,"href":"https:\/\/www.ubfc.fr\/en\/wp-json\/wp\/v2\/comments?post=53732"}],"version-history":[{"count":0,"href":"https:\/\/www.ubfc.fr\/en\/wp-json\/wp\/v2\/posts\/53732\/revisions"}],"wp:featuredmedia":[{"embeddable":true,"href":"https:\/\/www.ubfc.fr\/en\/wp-json\/wp\/v2\/media\/53738"}],"wp:attachment":[{"href":"https:\/\/www.ubfc.fr\/en\/wp-json\/wp\/v2\/media?parent=53732"}],"wp:term":[{"taxonomy":"category","embeddable":true,"href":"https:\/\/www.ubfc.fr\/en\/wp-json\/wp\/v2\/categories?post=53732"}],"curies":[{"name":"wp","href":"https:\/\/api.w.org\/{rel}","templated":true}]}}