{"id":51728,"date":"2021-03-02T17:48:24","date_gmt":"2021-03-02T16:48:24","guid":{"rendered":"https:\/\/www.ubfc.fr\/?p=51728"},"modified":"2021-03-04T10:06:03","modified_gmt":"2021-03-04T09:06:03","slug":"finale-regionale-mt-180-s-le-23-mars-2021-votez-pour-le-prix-des-internautes","status":"publish","type":"post","link":"https:\/\/www.ubfc.fr\/en\/finale-regionale-mt-180-s-le-23-mars-2021-votez-pour-le-prix-des-internautes\/","title":{"rendered":"Finale r\u00e9gionale MT 180 s : le 23 mars 2021, votez pour le prix des internautes !"},"content":{"rendered":"\t\t<div data-elementor-type=\"wp-post\" data-elementor-id=\"51728\" class=\"elementor elementor-51728\" data-elementor-post-type=\"post\">\n\t\t\t\t\t\t<section class=\"elementor-section elementor-top-section elementor-element elementor-element-841ccbf elementor-section-boxed elementor-section-height-default elementor-section-height-default\" data-id=\"841ccbf\" data-element_type=\"section\" data-e-type=\"section\">\n\t\t\t\t\t\t<div class=\"elementor-container elementor-column-gap-default\">\n\t\t\t\t\t<div class=\"elementor-column elementor-col-100 elementor-top-column elementor-element elementor-element-ff545cd\" data-id=\"ff545cd\" data-element_type=\"column\" data-e-type=\"column\">\n\t\t\t<div class=\"elementor-widget-wrap elementor-element-populated\">\n\t\t\t\t\t\t<div class=\"elementor-element elementor-element-8320e0c elementor-widget elementor-widget-text-editor\" data-id=\"8320e0c\" data-element_type=\"widget\" data-e-type=\"widget\" data-widget_type=\"text-editor.default\">\n\t\t\t\t<div class=\"elementor-widget-container\">\n\t\t\t\t\t\t\t\t\t<p><span style=\"font-size: 14pt\">Compte-tenu du contexte sanitaire actuel, c\u2019est \u00e0 huis clos que les 10 doctorant\u00b7e\u00b7s d\u2019Universit\u00e9 Bourgogne &#8211; Franche-Comt\u00e9 (UBFC) s\u00e9lectionn\u00e9\u00b7e\u00b7s pour la finale r\u00e9gionale pr\u00e9senteront leur sujet de th\u00e8se en 180 secondes, <strong>le 23 mars 2021 \u00e0 14h00.<\/strong><\/span><\/p><p>Pour ce concours, toutes les disciplines sont confondues\u00a0: les sujets de recherche pr\u00e9sent\u00e9s seront donc issus de domaines vari\u00e9s tels que les sciences humaines et sociales, les sciences pour l\u2019ing\u00e9nieur ou encore la biologie.<\/p><p>Chaque doctorant\u00b7e devra effectuer un expos\u00e9 clair, concis et convaincant de son projet de recherche, en trois minutes chrono, le tout avec l\u2019appui d\u2019une seule diapositive.<\/p><p>Les deux candidat\u00b7e\u00b7s qui rel\u00e8veront au mieux le d\u00e9fi de cette finale r\u00e9gionale se verront remettre le 1<sup>er<\/sup> et 2<sup>nd<\/sup> Prix du jury, qui leur permettront d\u2019acc\u00e9der \u00e0 la finale nationale.<\/p><p>Un prix des internautes sera \u00e9galement remis. Celui-ci sera d\u00e9cern\u00e9 par le public qui visionnera la finale en direct sur <a href=\"https:\/\/www.youtube.com\/channel\/UCE1eeKLhNl8cUHEyuEqgurw\">Youtube<\/a> et pourra voter pour son\u00b7a candidat\u00b7e pr\u00e9f\u00e9r\u00e9\u00b7e.<\/p><p><strong>Attention<\/strong>, pour pouvoir voter en direct le jour J pour le prix des internautes, une inscription est obligatoire \u00e0 l\u2019adresse suivante\u00a0: <a href=\"https:\/\/www.eventbrite.fr\/e\/billets-edition-2021-mt180-finale-regionale-bfc-142899758023\">https:\/\/www.eventbrite.fr\/e\/billets-edition-2021-mt180-finale-regionale-bfc<\/a><\/p>\t\t\t\t\t\t\t\t<\/div>\n\t\t\t\t<\/div>\n\t\t\t\t\t<\/div>\n\t\t<\/div>\n\t\t\t\t\t<\/div>\n\t\t<\/section>\n\t\t\t\t<\/div>\n\t\t","protected":false},"excerpt":{"rendered":"<p>Compte-tenu du contexte sanitaire actuel, c\u2019est \u00e0 huis clos que les 10 doctorant\u00b7e\u00b7s d\u2019Universit\u00e9 Bourgogne &#8211; Franche-Comt\u00e9 (UBFC) s\u00e9lectionn\u00e9\u00b7e\u00b7s pour la finale r\u00e9gionale pr\u00e9senteront leur sujet de th\u00e8se en 180 secondes, le 23 mars 2021 \u00e0 14h00. Pour ce concours, toutes les disciplines sont confondues\u00a0: les sujets de recherche pr\u00e9sent\u00e9s seront donc issus de domaines &hellip; <a href=\"https:\/\/www.ubfc.fr\/en\/finale-regionale-mt-180-s-le-23-mars-2021-votez-pour-le-prix-des-internautes\/\">Continued<\/a><\/p>\n","protected":false},"author":18,"featured_media":51781,"comment_status":"open","ping_status":"closed","sticky":false,"template":"","format":"standard","meta":{"_acf_changed":false,"footnotes":""},"categories":[2071,2049,14],"class_list":["post-51728","post","type-post","status-publish","format-standard","has-post-thumbnail","hentry","category-doctorat","category-recherche","category-ubfc"],"acf":[],"yoast_head":"<!-- This site is optimized with the Yoast SEO plugin v27.5 - https:\/\/yoast.com\/product\/yoast-seo-wordpress\/ -->\n<title>Finale r\u00e9gionale MT 180 s : le 23 mars 2021, votez pour le prix des internautes ! - COMUE Universit\u00e9 Bourgogne-Franche-Comt\u00e9<\/title>\n<meta name=\"robots\" content=\"index, follow, max-snippet:-1, max-image-preview:large, max-video-preview:-1\" \/>\n<link rel=\"canonical\" href=\"https:\/\/www.ubfc.fr\/finale-regionale-mt-180-s-le-23-mars-2021-votez-pour-le-prix-des-internautes\/\" \/>\n<meta property=\"og:locale\" content=\"en_US\" \/>\n<meta property=\"og:type\" content=\"article\" \/>\n<meta property=\"og:title\" content=\"Finale r\u00e9gionale MT 180 s : le 23 mars 2021, votez pour le prix des internautes ! - COMUE Universit\u00e9 Bourgogne-Franche-Comt\u00e9\" \/>\n<meta property=\"og:description\" content=\"Compte-tenu du contexte sanitaire actuel, c\u2019est \u00e0 huis clos que les 10 doctorant\u00b7e\u00b7s d\u2019Universit\u00e9 Bourgogne &#8211; Franche-Comt\u00e9 (UBFC) s\u00e9lectionn\u00e9\u00b7e\u00b7s pour la finale r\u00e9gionale pr\u00e9senteront leur sujet de th\u00e8se en 180 secondes, le 23 mars 2021 \u00e0 14h00. Pour ce concours, toutes les disciplines sont confondues\u00a0: les sujets de recherche pr\u00e9sent\u00e9s seront donc issus de domaines &hellip; Continued\" \/>\n<meta property=\"og:url\" content=\"https:\/\/www.ubfc.fr\/finale-regionale-mt-180-s-le-23-mars-2021-votez-pour-le-prix-des-internautes\/\" \/>\n<meta property=\"og:site_name\" content=\"COMUE Universit\u00e9 Bourgogne-Franche-Comt\u00e9\" \/>\n<meta property=\"article:publisher\" content=\"https:\/\/www.facebook.com\/UnivBFC\/\" \/>\n<meta property=\"article:published_time\" content=\"2021-03-02T16:48:24+00:00\" \/>\n<meta property=\"article:modified_time\" content=\"2021-03-04T09:06:03+00:00\" \/>\n<meta property=\"og:image\" content=\"https:\/\/www.ubfc.fr\/wp-content\/uploads\/2021\/03\/Affiche_MT180_2021_VF-01.jpg\" \/>\n\t<meta property=\"og:image:width\" content=\"1383\" \/>\n\t<meta property=\"og:image:height\" content=\"1969\" \/>\n\t<meta property=\"og:image:type\" content=\"image\/jpeg\" \/>\n<meta name=\"author\" content=\"Service Communication\" \/>\n<meta name=\"twitter:card\" content=\"summary_large_image\" \/>\n<meta name=\"twitter:creator\" content=\"@univ_bfc\" \/>\n<meta name=\"twitter:site\" content=\"@univ_bfc\" \/>\n<meta name=\"twitter:label1\" content=\"Written by\" \/>\n\t<meta name=\"twitter:data1\" content=\"Service Communication\" \/>\n\t<meta name=\"twitter:label2\" content=\"Est. reading time\" \/>\n\t<meta name=\"twitter:data2\" content=\"1 minute\" \/>\n<script type=\"application\/ld+json\" class=\"yoast-schema-graph\">{\"@context\":\"https:\\\/\\\/schema.org\",\"@graph\":[{\"@type\":\"Article\",\"@id\":\"https:\\\/\\\/www.ubfc.fr\\\/finale-regionale-mt-180-s-le-23-mars-2021-votez-pour-le-prix-des-internautes\\\/#article\",\"isPartOf\":{\"@id\":\"https:\\\/\\\/www.ubfc.fr\\\/finale-regionale-mt-180-s-le-23-mars-2021-votez-pour-le-prix-des-internautes\\\/\"},\"author\":{\"name\":\"Service Communication\",\"@id\":\"https:\\\/\\\/www.ubfc.fr\\\/#\\\/schema\\\/person\\\/3ef561973c06a7d92e306aff97468ee9\"},\"headline\":\"Finale r\u00e9gionale MT 180 s : le 23 mars 2021, votez pour le prix des internautes !\",\"datePublished\":\"2021-03-02T16:48:24+00:00\",\"dateModified\":\"2021-03-04T09:06:03+00:00\",\"mainEntityOfPage\":{\"@id\":\"https:\\\/\\\/www.ubfc.fr\\\/finale-regionale-mt-180-s-le-23-mars-2021-votez-pour-le-prix-des-internautes\\\/\"},\"wordCount\":222,\"commentCount\":0,\"publisher\":{\"@id\":\"https:\\\/\\\/www.ubfc.fr\\\/#organization\"},\"image\":{\"@id\":\"https:\\\/\\\/www.ubfc.fr\\\/finale-regionale-mt-180-s-le-23-mars-2021-votez-pour-le-prix-des-internautes\\\/#primaryimage\"},\"thumbnailUrl\":\"https:\\\/\\\/www.ubfc.fr\\\/wp-content\\\/uploads\\\/2021\\\/03\\\/Affiche_MT180_2021_VF-01.jpg\",\"articleSection\":[\"Doctorat\",\"Recherche\",\"UBFC\"],\"inLanguage\":\"en-US\",\"potentialAction\":[{\"@type\":\"CommentAction\",\"name\":\"Comment\",\"target\":[\"https:\\\/\\\/www.ubfc.fr\\\/finale-regionale-mt-180-s-le-23-mars-2021-votez-pour-le-prix-des-internautes\\\/#respond\"]}]},{\"@type\":\"WebPage\",\"@id\":\"https:\\\/\\\/www.ubfc.fr\\\/finale-regionale-mt-180-s-le-23-mars-2021-votez-pour-le-prix-des-internautes\\\/\",\"url\":\"https:\\\/\\\/www.ubfc.fr\\\/finale-regionale-mt-180-s-le-23-mars-2021-votez-pour-le-prix-des-internautes\\\/\",\"name\":\"Finale r\u00e9gionale MT 180 s : le 23 mars 2021, votez pour le prix des internautes ! - COMUE Universit\u00e9 Bourgogne-Franche-Comt\u00e9\",\"isPartOf\":{\"@id\":\"https:\\\/\\\/www.ubfc.fr\\\/#website\"},\"primaryImageOfPage\":{\"@id\":\"https:\\\/\\\/www.ubfc.fr\\\/finale-regionale-mt-180-s-le-23-mars-2021-votez-pour-le-prix-des-internautes\\\/#primaryimage\"},\"image\":{\"@id\":\"https:\\\/\\\/www.ubfc.fr\\\/finale-regionale-mt-180-s-le-23-mars-2021-votez-pour-le-prix-des-internautes\\\/#primaryimage\"},\"thumbnailUrl\":\"https:\\\/\\\/www.ubfc.fr\\\/wp-content\\\/uploads\\\/2021\\\/03\\\/Affiche_MT180_2021_VF-01.jpg\",\"datePublished\":\"2021-03-02T16:48:24+00:00\",\"dateModified\":\"2021-03-04T09:06:03+00:00\",\"breadcrumb\":{\"@id\":\"https:\\\/\\\/www.ubfc.fr\\\/finale-regionale-mt-180-s-le-23-mars-2021-votez-pour-le-prix-des-internautes\\\/#breadcrumb\"},\"inLanguage\":\"en-US\",\"potentialAction\":[{\"@type\":\"ReadAction\",\"target\":[\"https:\\\/\\\/www.ubfc.fr\\\/finale-regionale-mt-180-s-le-23-mars-2021-votez-pour-le-prix-des-internautes\\\/\"]}]},{\"@type\":\"ImageObject\",\"inLanguage\":\"en-US\",\"@id\":\"https:\\\/\\\/www.ubfc.fr\\\/finale-regionale-mt-180-s-le-23-mars-2021-votez-pour-le-prix-des-internautes\\\/#primaryimage\",\"url\":\"https:\\\/\\\/www.ubfc.fr\\\/wp-content\\\/uploads\\\/2021\\\/03\\\/Affiche_MT180_2021_VF-01.jpg\",\"contentUrl\":\"https:\\\/\\\/www.ubfc.fr\\\/wp-content\\\/uploads\\\/2021\\\/03\\\/Affiche_MT180_2021_VF-01.jpg\",\"width\":1383,\"height\":1969},{\"@type\":\"BreadcrumbList\",\"@id\":\"https:\\\/\\\/www.ubfc.fr\\\/finale-regionale-mt-180-s-le-23-mars-2021-votez-pour-le-prix-des-internautes\\\/#breadcrumb\",\"itemListElement\":[{\"@type\":\"ListItem\",\"position\":1,\"name\":\"Accueil\",\"item\":\"https:\\\/\\\/www.ubfc.fr\\\/en\\\/\"},{\"@type\":\"ListItem\",\"position\":2,\"name\":\"Finale r\u00e9gionale MT 180 s : le 23 mars 2021, votez pour le prix des internautes !\"}]},{\"@type\":\"WebSite\",\"@id\":\"https:\\\/\\\/www.ubfc.fr\\\/#website\",\"url\":\"https:\\\/\\\/www.ubfc.fr\\\/\",\"name\":\"COMUE Universit\u00e9 Bourgogne-Franche-Comt\u00e9\",\"description\":\"\",\"publisher\":{\"@id\":\"https:\\\/\\\/www.ubfc.fr\\\/#organization\"},\"potentialAction\":[{\"@type\":\"SearchAction\",\"target\":{\"@type\":\"EntryPoint\",\"urlTemplate\":\"https:\\\/\\\/www.ubfc.fr\\\/?s={search_term_string}\"},\"query-input\":{\"@type\":\"PropertyValueSpecification\",\"valueRequired\":true,\"valueName\":\"search_term_string\"}}],\"inLanguage\":\"en-US\"},{\"@type\":\"Organization\",\"@id\":\"https:\\\/\\\/www.ubfc.fr\\\/#organization\",\"name\":\"Universit\u00e9 Bourgogne-Franche-Comt\u00e9\",\"url\":\"https:\\\/\\\/www.ubfc.fr\\\/\",\"logo\":{\"@type\":\"ImageObject\",\"inLanguage\":\"en-US\",\"@id\":\"https:\\\/\\\/www.ubfc.fr\\\/#\\\/schema\\\/logo\\\/image\\\/\",\"url\":\"https:\\\/\\\/www.ubfc.fr\\\/wp-content\\\/uploads\\\/2022\\\/03\\\/vagueUBFC_favicon.png\",\"contentUrl\":\"https:\\\/\\\/www.ubfc.fr\\\/wp-content\\\/uploads\\\/2022\\\/03\\\/vagueUBFC_favicon.png\",\"width\":512,\"height\":512,\"caption\":\"Universit\u00e9 Bourgogne-Franche-Comt\u00e9\"},\"image\":{\"@id\":\"https:\\\/\\\/www.ubfc.fr\\\/#\\\/schema\\\/logo\\\/image\\\/\"},\"sameAs\":[\"https:\\\/\\\/www.facebook.com\\\/UnivBFC\\\/\",\"https:\\\/\\\/x.com\\\/univ_bfc\",\"https:\\\/\\\/www.linkedin.com\\\/school\\\/universitebourgognefranchecomte\\\/mycompany\\\/\"]},{\"@type\":\"Person\",\"@id\":\"https:\\\/\\\/www.ubfc.fr\\\/#\\\/schema\\\/person\\\/3ef561973c06a7d92e306aff97468ee9\",\"name\":\"Service Communication\"}]}<\/script>\n<!-- \/ Yoast SEO plugin. -->","yoast_head_json":{"title":"Finale r\u00e9gionale MT 180 s : le 23 mars 2021, votez pour le prix des internautes ! - COMUE Universit\u00e9 Bourgogne-Franche-Comt\u00e9","robots":{"index":"index","follow":"follow","max-snippet":"max-snippet:-1","max-image-preview":"max-image-preview:large","max-video-preview":"max-video-preview:-1"},"canonical":"https:\/\/www.ubfc.fr\/finale-regionale-mt-180-s-le-23-mars-2021-votez-pour-le-prix-des-internautes\/","og_locale":"en_US","og_type":"article","og_title":"Finale r\u00e9gionale MT 180 s : le 23 mars 2021, votez pour le prix des internautes ! - COMUE Universit\u00e9 Bourgogne-Franche-Comt\u00e9","og_description":"Compte-tenu du contexte sanitaire actuel, c\u2019est \u00e0 huis clos que les 10 doctorant\u00b7e\u00b7s d\u2019Universit\u00e9 Bourgogne &#8211; Franche-Comt\u00e9 (UBFC) s\u00e9lectionn\u00e9\u00b7e\u00b7s pour la finale r\u00e9gionale pr\u00e9senteront leur sujet de th\u00e8se en 180 secondes, le 23 mars 2021 \u00e0 14h00. Pour ce concours, toutes les disciplines sont confondues\u00a0: les sujets de recherche pr\u00e9sent\u00e9s seront donc issus de domaines &hellip; Continued","og_url":"https:\/\/www.ubfc.fr\/finale-regionale-mt-180-s-le-23-mars-2021-votez-pour-le-prix-des-internautes\/","og_site_name":"COMUE Universit\u00e9 Bourgogne-Franche-Comt\u00e9","article_publisher":"https:\/\/www.facebook.com\/UnivBFC\/","article_published_time":"2021-03-02T16:48:24+00:00","article_modified_time":"2021-03-04T09:06:03+00:00","og_image":[{"width":1383,"height":1969,"url":"https:\/\/www.ubfc.fr\/wp-content\/uploads\/2021\/03\/Affiche_MT180_2021_VF-01.jpg","type":"image\/jpeg"}],"author":"Service Communication","twitter_card":"summary_large_image","twitter_creator":"@univ_bfc","twitter_site":"@univ_bfc","twitter_misc":{"Written by":"Service Communication","Est. reading time":"1 minute"},"schema":{"@context":"https:\/\/schema.org","@graph":[{"@type":"Article","@id":"https:\/\/www.ubfc.fr\/finale-regionale-mt-180-s-le-23-mars-2021-votez-pour-le-prix-des-internautes\/#article","isPartOf":{"@id":"https:\/\/www.ubfc.fr\/finale-regionale-mt-180-s-le-23-mars-2021-votez-pour-le-prix-des-internautes\/"},"author":{"name":"Service Communication","@id":"https:\/\/www.ubfc.fr\/#\/schema\/person\/3ef561973c06a7d92e306aff97468ee9"},"headline":"Finale r\u00e9gionale MT 180 s : le 23 mars 2021, votez pour le prix des internautes !","datePublished":"2021-03-02T16:48:24+00:00","dateModified":"2021-03-04T09:06:03+00:00","mainEntityOfPage":{"@id":"https:\/\/www.ubfc.fr\/finale-regionale-mt-180-s-le-23-mars-2021-votez-pour-le-prix-des-internautes\/"},"wordCount":222,"commentCount":0,"publisher":{"@id":"https:\/\/www.ubfc.fr\/#organization"},"image":{"@id":"https:\/\/www.ubfc.fr\/finale-regionale-mt-180-s-le-23-mars-2021-votez-pour-le-prix-des-internautes\/#primaryimage"},"thumbnailUrl":"https:\/\/www.ubfc.fr\/wp-content\/uploads\/2021\/03\/Affiche_MT180_2021_VF-01.jpg","articleSection":["Doctorat","Recherche","UBFC"],"inLanguage":"en-US","potentialAction":[{"@type":"CommentAction","name":"Comment","target":["https:\/\/www.ubfc.fr\/finale-regionale-mt-180-s-le-23-mars-2021-votez-pour-le-prix-des-internautes\/#respond"]}]},{"@type":"WebPage","@id":"https:\/\/www.ubfc.fr\/finale-regionale-mt-180-s-le-23-mars-2021-votez-pour-le-prix-des-internautes\/","url":"https:\/\/www.ubfc.fr\/finale-regionale-mt-180-s-le-23-mars-2021-votez-pour-le-prix-des-internautes\/","name":"Finale r\u00e9gionale MT 180 s : le 23 mars 2021, votez pour le prix des internautes ! - COMUE Universit\u00e9 Bourgogne-Franche-Comt\u00e9","isPartOf":{"@id":"https:\/\/www.ubfc.fr\/#website"},"primaryImageOfPage":{"@id":"https:\/\/www.ubfc.fr\/finale-regionale-mt-180-s-le-23-mars-2021-votez-pour-le-prix-des-internautes\/#primaryimage"},"image":{"@id":"https:\/\/www.ubfc.fr\/finale-regionale-mt-180-s-le-23-mars-2021-votez-pour-le-prix-des-internautes\/#primaryimage"},"thumbnailUrl":"https:\/\/www.ubfc.fr\/wp-content\/uploads\/2021\/03\/Affiche_MT180_2021_VF-01.jpg","datePublished":"2021-03-02T16:48:24+00:00","dateModified":"2021-03-04T09:06:03+00:00","breadcrumb":{"@id":"https:\/\/www.ubfc.fr\/finale-regionale-mt-180-s-le-23-mars-2021-votez-pour-le-prix-des-internautes\/#breadcrumb"},"inLanguage":"en-US","potentialAction":[{"@type":"ReadAction","target":["https:\/\/www.ubfc.fr\/finale-regionale-mt-180-s-le-23-mars-2021-votez-pour-le-prix-des-internautes\/"]}]},{"@type":"ImageObject","inLanguage":"en-US","@id":"https:\/\/www.ubfc.fr\/finale-regionale-mt-180-s-le-23-mars-2021-votez-pour-le-prix-des-internautes\/#primaryimage","url":"https:\/\/www.ubfc.fr\/wp-content\/uploads\/2021\/03\/Affiche_MT180_2021_VF-01.jpg","contentUrl":"https:\/\/www.ubfc.fr\/wp-content\/uploads\/2021\/03\/Affiche_MT180_2021_VF-01.jpg","width":1383,"height":1969},{"@type":"BreadcrumbList","@id":"https:\/\/www.ubfc.fr\/finale-regionale-mt-180-s-le-23-mars-2021-votez-pour-le-prix-des-internautes\/#breadcrumb","itemListElement":[{"@type":"ListItem","position":1,"name":"Accueil","item":"https:\/\/www.ubfc.fr\/en\/"},{"@type":"ListItem","position":2,"name":"Finale r\u00e9gionale MT 180 s : le 23 mars 2021, votez pour le prix des internautes !"}]},{"@type":"WebSite","@id":"https:\/\/www.ubfc.fr\/#website","url":"https:\/\/www.ubfc.fr\/","name":"COMUE Universit\u00e9 Bourgogne-Franche-Comt\u00e9","description":"","publisher":{"@id":"https:\/\/www.ubfc.fr\/#organization"},"potentialAction":[{"@type":"SearchAction","target":{"@type":"EntryPoint","urlTemplate":"https:\/\/www.ubfc.fr\/?s={search_term_string}"},"query-input":{"@type":"PropertyValueSpecification","valueRequired":true,"valueName":"search_term_string"}}],"inLanguage":"en-US"},{"@type":"Organization","@id":"https:\/\/www.ubfc.fr\/#organization","name":"Universit\u00e9 Bourgogne-Franche-Comt\u00e9","url":"https:\/\/www.ubfc.fr\/","logo":{"@type":"ImageObject","inLanguage":"en-US","@id":"https:\/\/www.ubfc.fr\/#\/schema\/logo\/image\/","url":"https:\/\/www.ubfc.fr\/wp-content\/uploads\/2022\/03\/vagueUBFC_favicon.png","contentUrl":"https:\/\/www.ubfc.fr\/wp-content\/uploads\/2022\/03\/vagueUBFC_favicon.png","width":512,"height":512,"caption":"Universit\u00e9 Bourgogne-Franche-Comt\u00e9"},"image":{"@id":"https:\/\/www.ubfc.fr\/#\/schema\/logo\/image\/"},"sameAs":["https:\/\/www.facebook.com\/UnivBFC\/","https:\/\/x.com\/univ_bfc","https:\/\/www.linkedin.com\/school\/universitebourgognefranchecomte\/mycompany\/"]},{"@type":"Person","@id":"https:\/\/www.ubfc.fr\/#\/schema\/person\/3ef561973c06a7d92e306aff97468ee9","name":"Service Communication"}]}},"_links":{"self":[{"href":"https:\/\/www.ubfc.fr\/en\/wp-json\/wp\/v2\/posts\/51728","targetHints":{"allow":["GET"]}}],"collection":[{"href":"https:\/\/www.ubfc.fr\/en\/wp-json\/wp\/v2\/posts"}],"about":[{"href":"https:\/\/www.ubfc.fr\/en\/wp-json\/wp\/v2\/types\/post"}],"author":[{"embeddable":true,"href":"https:\/\/www.ubfc.fr\/en\/wp-json\/wp\/v2\/users\/18"}],"replies":[{"embeddable":true,"href":"https:\/\/www.ubfc.fr\/en\/wp-json\/wp\/v2\/comments?post=51728"}],"version-history":[{"count":0,"href":"https:\/\/www.ubfc.fr\/en\/wp-json\/wp\/v2\/posts\/51728\/revisions"}],"wp:featuredmedia":[{"embeddable":true,"href":"https:\/\/www.ubfc.fr\/en\/wp-json\/wp\/v2\/media\/51781"}],"wp:attachment":[{"href":"https:\/\/www.ubfc.fr\/en\/wp-json\/wp\/v2\/media?parent=51728"}],"wp:term":[{"taxonomy":"category","embeddable":true,"href":"https:\/\/www.ubfc.fr\/en\/wp-json\/wp\/v2\/categories?post=51728"}],"curies":[{"name":"wp","href":"https:\/\/api.w.org\/{rel}","templated":true}]}}