{"id":44890,"date":"2020-07-07T12:12:40","date_gmt":"2020-07-07T10:12:40","guid":{"rendered":"https:\/\/www.ubfc.fr\/?p=44890"},"modified":"2020-09-29T11:00:02","modified_gmt":"2020-09-29T09:00:02","slug":"ubfc-ouvre-son-international-graduate-institute","status":"publish","type":"post","link":"https:\/\/www.ubfc.fr\/en\/ubfc-ouvre-son-international-graduate-institute\/","title":{"rendered":"Laur\u00e9ate des appels \u00e0 projets SFRI et ID\u00e9ES, UBFC ouvre son International Graduate Institute"},"content":{"rendered":"<p><strong>Universit\u00e9 Bourgogne Franche-Comt\u00e9 (UBFC) franchit une nouvelle \u00e9tape dans la structuration de ses formations par la recherche en remportant deux appels \u00e0 projets (AAP) dans le cadre du 3<sup>e<\/sup> Programme d\u2019Investissements d\u2019Avenir (PIA) : SFRI et ID\u00e9ES.<\/strong><\/p>\n<p><span style=\"color: #aaaaaa\"><strong>\u00ab Structuration de la Formation par la Recherche dans les Initiatives d\u2019excellences (SFRI) \u00bb marque la naissance de l\u2019<em>International Graduate Institute <\/em>intitul\u00e9 <em>UBFC Integrate<\/em> et \u00ab Int\u00e9gration et d\u00e9veloppement des IdEx et des I-SITE (ID\u00e9ES) \u00bb soutient le projet IDISITE-BFC. Avec des dotations respectives de 12 millions d\u2019euros et de 4,4 millions d\u2019euros, SFRI et ID\u00e9ES permettent \u00e0 UBFC d\u2019actionner de nouveaux leviers.<\/strong><\/span><\/p>\n<p>L\u2019AAP SFRI permet de concr\u00e9tiser un projet pluridisciplinaire d\u2019envergure internationale : la cr\u00e9ation de l\u2019institut <em>UBFC Integrate<\/em>. Adoss\u00e9 \u00e0 la mission doctorale et aux masters UBFC, cet institut ambitionne de d\u00e9ployer des <em>graduate programs<\/em> (parcours int\u00e9gr\u00e9s de master-doctorat) au sein de trois <em>graduate schools<\/em> inh\u00e9rentes aux domaines scientifiques phares du programme ISITE-BFC :<\/p>\n<ul>\n<li>La <em>graduate school<\/em> EIPHI-BFC, op\u00e9rationnelle depuis 2018, propose des formations dans le domaine des sciences de l\u2019ing\u00e9nieur en lien avec l\u2019axe 1 \u00ab mat\u00e9riaux avanc\u00e9s, ondes et syst\u00e8mes intelligents \u00bb ;<\/li>\n<li>La <em>graduate school<\/em> TRANSBIO (changes towards sustainable production and biodiversity) est li\u00e9e \u00e0 l\u2019axe 2 \u00ab territoires, environnement et aliments \u00bb ;<\/li>\n<li>La <em>graduate school<\/em> INTHERAPI (INnovative THERApies, Pharmaco-imaging and multimodal Imaging) s\u2019appuie sur l\u2019axe 3 \u00ab soins int\u00e9gr\u00e9s et individualis\u00e9s \u00bb.<\/li>\n<\/ul>\n<p><em>UBFC Integrate<\/em> ambitionne de d\u00e9velopper des interactions fortes avec des partenaires socio-\u00e9conomiques pour r\u00e9pondre aux enjeux du monde actuel en termes d\u2019innovation industrielle et soci\u00e9tale et d\u2019entrepreneuriat. De fait, l\u2019institut garantit l\u2019employabilit\u00e9 de ses \u00e9tudiants. La naissance d\u2019<em>UBFC Integrate <\/em>permet ainsi d\u2019associer \u00e9troitement, et ce au meilleur niveau, formation et recherche, en rassemblant dans une m\u00eame dynamique universit\u00e9s, \u00e9coles, organismes de recherche (CNRS, INSERM, INRAE) et \u00e9tablissements de sant\u00e9.<\/p>\n<p>L\u2019institut offre des parcours de formation personnalis\u00e9s bas\u00e9s sur :<\/p>\n<ul>\n<li>des domaines de recherche \u00e0 reconnaissance internationale avec une forte implication des laboratoires et des chercheurs dans la construction et la mise en \u0153uvre de l\u2019offre de formation ;<\/li>\n<li>des bourses pour des \u00e9tudiants talentueux, une immersion d\u00e8s la 1<sup>\u00e8re<\/sup> ann\u00e9e de master au sein des laboratoires, un accompagnement par un mentor, un acc\u00e8s aux stages de recherche et une pr\u00e9paration au doctorat ;<\/li>\n<li>le d\u00e9veloppement d\u2019une p\u00e9dagogie par projet, bas\u00e9e sur le r\u00e9seau des <em>openlabs<\/em>, favorisant l\u2019innovation, la cr\u00e9ativit\u00e9 et l\u2019interdisciplinarit\u00e9 (notamment en lien avec le Nouveau Cursus Universitaire RITM-BFC).<\/li>\n<\/ul>\n<p>Les parcours comprennent obligatoirement des projets en laboratoire, la r\u00e9alisation d\u2019un stage, d\u2019un s\u00e9jour ou encore d\u2019un double-dipl\u00f4me \u00e0 l\u2019\u00e9tranger. De plus, \u00e9tant compatibles avec les standards internationaux, ces formations sont ouvertes aux \u00e9tudiants de masters et doctorats de toutes nationalit\u00e9s.<br \/>\nL\u2019AAP ID\u00e9ES a pour objectif de permettre aux universit\u00e9s de b\u00e9n\u00e9ficier d\u2019un accompagnement dans leurs efforts de transformation et d\u2019int\u00e9gration, afin de renforcer leur attractivit\u00e9 internationale et de d\u00e9velopper leurs relations avec leurs partenaires acad\u00e9miques et socio-\u00e9conomiques.<\/p>\n<p>Le projet IDISITE-BFC, laur\u00e9at de l\u2019AAP ID\u00e9ES, permet non seulement de d\u00e9velopper l\u2019internationalisation d\u2019UBFC mais constitue \u00e9galement un v\u00e9ritable soutien au projet <em>UBFC Integrate<\/em>. Il d\u00e9ploie des actions \u00e0 travers 4 champs principaux : (1) le d\u00e9ploiement d\u2019un r\u00e9seau d&#8217;Alumni int\u00e9gr\u00e9 \u00e0 l&#8217;\u00e9chelle UBFC, (2) la diss\u00e9mination de l&#8217;image d&#8217;excellence scientifique unifi\u00e9e \u00e0 l&#8217;\u00e9chelle d&#8217;UBFC, (3) la convergence des bases de donn\u00e9es et des logiciels de gestion des membres d\u2019UBFC et (4) les services pour \u00e9tudiants internationaux int\u00e9gr\u00e9s au niveau d&#8217;UBFC.<\/p>\n<p>La compl\u00e9mentarit\u00e9 des projets <em>UBFC Integrate<\/em> et IDISITE-BFC est refl\u00e9t\u00e9e \u00e0 travers une gouvernance et une gestion unifi\u00e9es des op\u00e9rations PIA en Bourgogne-Franche-Comt\u00e9.<\/p>\n<p>UBFC a b\u00e9n\u00e9fici\u00e9 du soutien de la r\u00e9gion BFC dans le montage du projet UBFC Integrate.<\/p>\n<p><img decoding=\"async\" class=\"alignnone size-full wp-image-32944\" src=\"https:\/\/www.ubfc.fr\/wp-content\/uploads\/2019\/02\/logo-r\u00e9gion.png\" alt=\"\" width=\"95\" height=\"72\" \/><\/p>\n","protected":false},"excerpt":{"rendered":"<p>Universit\u00e9 Bourgogne Franche-Comt\u00e9 (UBFC) franchit une nouvelle \u00e9tape dans la structuration de ses formations par la recherche en remportant deux appels \u00e0 projets (AAP) dans le cadre du 3e Programme d\u2019Investissements d\u2019Avenir (PIA) : SFRI et ID\u00e9ES. \u00ab Structuration de la Formation par la Recherche dans les Initiatives d\u2019excellences (SFRI) \u00bb marque la naissance de &hellip; <a href=\"https:\/\/www.ubfc.fr\/en\/ubfc-ouvre-son-international-graduate-institute\/\">Continued<\/a><\/p>\n","protected":false},"author":18,"featured_media":0,"comment_status":"open","ping_status":"closed","sticky":false,"template":"","format":"standard","meta":{"_acf_changed":false,"footnotes":""},"categories":[14],"class_list":["post-44890","post","type-post","status-publish","format-standard","hentry","category-ubfc"],"acf":[],"yoast_head":"<!-- This site is optimized with the Yoast SEO plugin v27.5 - https:\/\/yoast.com\/product\/yoast-seo-wordpress\/ -->\n<title>Laur\u00e9ate des appels \u00e0 projets SFRI et ID\u00e9ES, UBFC ouvre son International Graduate Institute - COMUE Universit\u00e9 Bourgogne-Franche-Comt\u00e9<\/title>\n<meta name=\"robots\" content=\"index, follow, max-snippet:-1, max-image-preview:large, max-video-preview:-1\" \/>\n<link rel=\"canonical\" href=\"https:\/\/www.ubfc.fr\/ubfc-ouvre-son-international-graduate-institute\/\" \/>\n<meta property=\"og:locale\" content=\"en_US\" \/>\n<meta property=\"og:type\" content=\"article\" \/>\n<meta property=\"og:title\" content=\"Laur\u00e9ate des appels \u00e0 projets SFRI et ID\u00e9ES, UBFC ouvre son International Graduate Institute - COMUE Universit\u00e9 Bourgogne-Franche-Comt\u00e9\" \/>\n<meta property=\"og:description\" content=\"Universit\u00e9 Bourgogne Franche-Comt\u00e9 (UBFC) franchit une nouvelle \u00e9tape dans la structuration de ses formations par la recherche en remportant deux appels \u00e0 projets (AAP) dans le cadre du 3e Programme d\u2019Investissements d\u2019Avenir (PIA) : SFRI et ID\u00e9ES. \u00ab Structuration de la Formation par la Recherche dans les Initiatives d\u2019excellences (SFRI) \u00bb marque la naissance de &hellip; Continued\" \/>\n<meta property=\"og:url\" content=\"https:\/\/www.ubfc.fr\/ubfc-ouvre-son-international-graduate-institute\/\" \/>\n<meta property=\"og:site_name\" content=\"COMUE Universit\u00e9 Bourgogne-Franche-Comt\u00e9\" \/>\n<meta property=\"article:publisher\" content=\"https:\/\/www.facebook.com\/UnivBFC\/\" \/>\n<meta property=\"article:published_time\" content=\"2020-07-07T10:12:40+00:00\" \/>\n<meta property=\"article:modified_time\" content=\"2020-09-29T09:00:02+00:00\" \/>\n<meta name=\"author\" content=\"Service Communication\" \/>\n<meta name=\"twitter:card\" content=\"summary_large_image\" \/>\n<meta name=\"twitter:creator\" content=\"@univ_bfc\" \/>\n<meta name=\"twitter:site\" content=\"@univ_bfc\" \/>\n<meta name=\"twitter:label1\" content=\"Written by\" \/>\n\t<meta name=\"twitter:data1\" content=\"Service Communication\" \/>\n\t<meta name=\"twitter:label2\" content=\"Est. reading time\" \/>\n\t<meta name=\"twitter:data2\" content=\"3 minutes\" \/>\n<script type=\"application\/ld+json\" class=\"yoast-schema-graph\">{\"@context\":\"https:\\\/\\\/schema.org\",\"@graph\":[{\"@type\":\"Article\",\"@id\":\"https:\\\/\\\/www.ubfc.fr\\\/ubfc-ouvre-son-international-graduate-institute\\\/#article\",\"isPartOf\":{\"@id\":\"https:\\\/\\\/www.ubfc.fr\\\/ubfc-ouvre-son-international-graduate-institute\\\/\"},\"author\":{\"name\":\"Service Communication\",\"@id\":\"https:\\\/\\\/www.ubfc.fr\\\/#\\\/schema\\\/person\\\/3ef561973c06a7d92e306aff97468ee9\"},\"headline\":\"Laur\u00e9ate des appels \u00e0 projets SFRI et ID\u00e9ES, UBFC ouvre son International Graduate Institute\",\"datePublished\":\"2020-07-07T10:12:40+00:00\",\"dateModified\":\"2020-09-29T09:00:02+00:00\",\"mainEntityOfPage\":{\"@id\":\"https:\\\/\\\/www.ubfc.fr\\\/ubfc-ouvre-son-international-graduate-institute\\\/\"},\"wordCount\":684,\"commentCount\":0,\"publisher\":{\"@id\":\"https:\\\/\\\/www.ubfc.fr\\\/#organization\"},\"articleSection\":[\"UBFC\"],\"inLanguage\":\"en-US\",\"potentialAction\":[{\"@type\":\"CommentAction\",\"name\":\"Comment\",\"target\":[\"https:\\\/\\\/www.ubfc.fr\\\/ubfc-ouvre-son-international-graduate-institute\\\/#respond\"]}]},{\"@type\":\"WebPage\",\"@id\":\"https:\\\/\\\/www.ubfc.fr\\\/ubfc-ouvre-son-international-graduate-institute\\\/\",\"url\":\"https:\\\/\\\/www.ubfc.fr\\\/ubfc-ouvre-son-international-graduate-institute\\\/\",\"name\":\"Laur\u00e9ate des appels \u00e0 projets SFRI et ID\u00e9ES, UBFC ouvre son International Graduate Institute - COMUE Universit\u00e9 Bourgogne-Franche-Comt\u00e9\",\"isPartOf\":{\"@id\":\"https:\\\/\\\/www.ubfc.fr\\\/#website\"},\"datePublished\":\"2020-07-07T10:12:40+00:00\",\"dateModified\":\"2020-09-29T09:00:02+00:00\",\"breadcrumb\":{\"@id\":\"https:\\\/\\\/www.ubfc.fr\\\/ubfc-ouvre-son-international-graduate-institute\\\/#breadcrumb\"},\"inLanguage\":\"en-US\",\"potentialAction\":[{\"@type\":\"ReadAction\",\"target\":[\"https:\\\/\\\/www.ubfc.fr\\\/ubfc-ouvre-son-international-graduate-institute\\\/\"]}]},{\"@type\":\"BreadcrumbList\",\"@id\":\"https:\\\/\\\/www.ubfc.fr\\\/ubfc-ouvre-son-international-graduate-institute\\\/#breadcrumb\",\"itemListElement\":[{\"@type\":\"ListItem\",\"position\":1,\"name\":\"Accueil\",\"item\":\"https:\\\/\\\/www.ubfc.fr\\\/en\\\/\"},{\"@type\":\"ListItem\",\"position\":2,\"name\":\"Laur\u00e9ate des appels \u00e0 projets SFRI et ID\u00e9ES, UBFC ouvre son International Graduate Institute\"}]},{\"@type\":\"WebSite\",\"@id\":\"https:\\\/\\\/www.ubfc.fr\\\/#website\",\"url\":\"https:\\\/\\\/www.ubfc.fr\\\/\",\"name\":\"COMUE Universit\u00e9 Bourgogne-Franche-Comt\u00e9\",\"description\":\"\",\"publisher\":{\"@id\":\"https:\\\/\\\/www.ubfc.fr\\\/#organization\"},\"potentialAction\":[{\"@type\":\"SearchAction\",\"target\":{\"@type\":\"EntryPoint\",\"urlTemplate\":\"https:\\\/\\\/www.ubfc.fr\\\/?s={search_term_string}\"},\"query-input\":{\"@type\":\"PropertyValueSpecification\",\"valueRequired\":true,\"valueName\":\"search_term_string\"}}],\"inLanguage\":\"en-US\"},{\"@type\":\"Organization\",\"@id\":\"https:\\\/\\\/www.ubfc.fr\\\/#organization\",\"name\":\"Universit\u00e9 Bourgogne-Franche-Comt\u00e9\",\"url\":\"https:\\\/\\\/www.ubfc.fr\\\/\",\"logo\":{\"@type\":\"ImageObject\",\"inLanguage\":\"en-US\",\"@id\":\"https:\\\/\\\/www.ubfc.fr\\\/#\\\/schema\\\/logo\\\/image\\\/\",\"url\":\"https:\\\/\\\/www.ubfc.fr\\\/wp-content\\\/uploads\\\/2022\\\/03\\\/vagueUBFC_favicon.png\",\"contentUrl\":\"https:\\\/\\\/www.ubfc.fr\\\/wp-content\\\/uploads\\\/2022\\\/03\\\/vagueUBFC_favicon.png\",\"width\":512,\"height\":512,\"caption\":\"Universit\u00e9 Bourgogne-Franche-Comt\u00e9\"},\"image\":{\"@id\":\"https:\\\/\\\/www.ubfc.fr\\\/#\\\/schema\\\/logo\\\/image\\\/\"},\"sameAs\":[\"https:\\\/\\\/www.facebook.com\\\/UnivBFC\\\/\",\"https:\\\/\\\/x.com\\\/univ_bfc\",\"https:\\\/\\\/www.linkedin.com\\\/school\\\/universitebourgognefranchecomte\\\/mycompany\\\/\"]},{\"@type\":\"Person\",\"@id\":\"https:\\\/\\\/www.ubfc.fr\\\/#\\\/schema\\\/person\\\/3ef561973c06a7d92e306aff97468ee9\",\"name\":\"Service Communication\"}]}<\/script>\n<!-- \/ Yoast SEO plugin. -->","yoast_head_json":{"title":"Laur\u00e9ate des appels \u00e0 projets SFRI et ID\u00e9ES, UBFC ouvre son International Graduate Institute - COMUE Universit\u00e9 Bourgogne-Franche-Comt\u00e9","robots":{"index":"index","follow":"follow","max-snippet":"max-snippet:-1","max-image-preview":"max-image-preview:large","max-video-preview":"max-video-preview:-1"},"canonical":"https:\/\/www.ubfc.fr\/ubfc-ouvre-son-international-graduate-institute\/","og_locale":"en_US","og_type":"article","og_title":"Laur\u00e9ate des appels \u00e0 projets SFRI et ID\u00e9ES, UBFC ouvre son International Graduate Institute - COMUE Universit\u00e9 Bourgogne-Franche-Comt\u00e9","og_description":"Universit\u00e9 Bourgogne Franche-Comt\u00e9 (UBFC) franchit une nouvelle \u00e9tape dans la structuration de ses formations par la recherche en remportant deux appels \u00e0 projets (AAP) dans le cadre du 3e Programme d\u2019Investissements d\u2019Avenir (PIA) : SFRI et ID\u00e9ES. \u00ab Structuration de la Formation par la Recherche dans les Initiatives d\u2019excellences (SFRI) \u00bb marque la naissance de &hellip; Continued","og_url":"https:\/\/www.ubfc.fr\/ubfc-ouvre-son-international-graduate-institute\/","og_site_name":"COMUE Universit\u00e9 Bourgogne-Franche-Comt\u00e9","article_publisher":"https:\/\/www.facebook.com\/UnivBFC\/","article_published_time":"2020-07-07T10:12:40+00:00","article_modified_time":"2020-09-29T09:00:02+00:00","author":"Service Communication","twitter_card":"summary_large_image","twitter_creator":"@univ_bfc","twitter_site":"@univ_bfc","twitter_misc":{"Written by":"Service Communication","Est. reading time":"3 minutes"},"schema":{"@context":"https:\/\/schema.org","@graph":[{"@type":"Article","@id":"https:\/\/www.ubfc.fr\/ubfc-ouvre-son-international-graduate-institute\/#article","isPartOf":{"@id":"https:\/\/www.ubfc.fr\/ubfc-ouvre-son-international-graduate-institute\/"},"author":{"name":"Service Communication","@id":"https:\/\/www.ubfc.fr\/#\/schema\/person\/3ef561973c06a7d92e306aff97468ee9"},"headline":"Laur\u00e9ate des appels \u00e0 projets SFRI et ID\u00e9ES, UBFC ouvre son International Graduate Institute","datePublished":"2020-07-07T10:12:40+00:00","dateModified":"2020-09-29T09:00:02+00:00","mainEntityOfPage":{"@id":"https:\/\/www.ubfc.fr\/ubfc-ouvre-son-international-graduate-institute\/"},"wordCount":684,"commentCount":0,"publisher":{"@id":"https:\/\/www.ubfc.fr\/#organization"},"articleSection":["UBFC"],"inLanguage":"en-US","potentialAction":[{"@type":"CommentAction","name":"Comment","target":["https:\/\/www.ubfc.fr\/ubfc-ouvre-son-international-graduate-institute\/#respond"]}]},{"@type":"WebPage","@id":"https:\/\/www.ubfc.fr\/ubfc-ouvre-son-international-graduate-institute\/","url":"https:\/\/www.ubfc.fr\/ubfc-ouvre-son-international-graduate-institute\/","name":"Laur\u00e9ate des appels \u00e0 projets SFRI et ID\u00e9ES, UBFC ouvre son International Graduate Institute - COMUE Universit\u00e9 Bourgogne-Franche-Comt\u00e9","isPartOf":{"@id":"https:\/\/www.ubfc.fr\/#website"},"datePublished":"2020-07-07T10:12:40+00:00","dateModified":"2020-09-29T09:00:02+00:00","breadcrumb":{"@id":"https:\/\/www.ubfc.fr\/ubfc-ouvre-son-international-graduate-institute\/#breadcrumb"},"inLanguage":"en-US","potentialAction":[{"@type":"ReadAction","target":["https:\/\/www.ubfc.fr\/ubfc-ouvre-son-international-graduate-institute\/"]}]},{"@type":"BreadcrumbList","@id":"https:\/\/www.ubfc.fr\/ubfc-ouvre-son-international-graduate-institute\/#breadcrumb","itemListElement":[{"@type":"ListItem","position":1,"name":"Accueil","item":"https:\/\/www.ubfc.fr\/en\/"},{"@type":"ListItem","position":2,"name":"Laur\u00e9ate des appels \u00e0 projets SFRI et ID\u00e9ES, UBFC ouvre son International Graduate Institute"}]},{"@type":"WebSite","@id":"https:\/\/www.ubfc.fr\/#website","url":"https:\/\/www.ubfc.fr\/","name":"COMUE Universit\u00e9 Bourgogne-Franche-Comt\u00e9","description":"","publisher":{"@id":"https:\/\/www.ubfc.fr\/#organization"},"potentialAction":[{"@type":"SearchAction","target":{"@type":"EntryPoint","urlTemplate":"https:\/\/www.ubfc.fr\/?s={search_term_string}"},"query-input":{"@type":"PropertyValueSpecification","valueRequired":true,"valueName":"search_term_string"}}],"inLanguage":"en-US"},{"@type":"Organization","@id":"https:\/\/www.ubfc.fr\/#organization","name":"Universit\u00e9 Bourgogne-Franche-Comt\u00e9","url":"https:\/\/www.ubfc.fr\/","logo":{"@type":"ImageObject","inLanguage":"en-US","@id":"https:\/\/www.ubfc.fr\/#\/schema\/logo\/image\/","url":"https:\/\/www.ubfc.fr\/wp-content\/uploads\/2022\/03\/vagueUBFC_favicon.png","contentUrl":"https:\/\/www.ubfc.fr\/wp-content\/uploads\/2022\/03\/vagueUBFC_favicon.png","width":512,"height":512,"caption":"Universit\u00e9 Bourgogne-Franche-Comt\u00e9"},"image":{"@id":"https:\/\/www.ubfc.fr\/#\/schema\/logo\/image\/"},"sameAs":["https:\/\/www.facebook.com\/UnivBFC\/","https:\/\/x.com\/univ_bfc","https:\/\/www.linkedin.com\/school\/universitebourgognefranchecomte\/mycompany\/"]},{"@type":"Person","@id":"https:\/\/www.ubfc.fr\/#\/schema\/person\/3ef561973c06a7d92e306aff97468ee9","name":"Service Communication"}]}},"_links":{"self":[{"href":"https:\/\/www.ubfc.fr\/en\/wp-json\/wp\/v2\/posts\/44890","targetHints":{"allow":["GET"]}}],"collection":[{"href":"https:\/\/www.ubfc.fr\/en\/wp-json\/wp\/v2\/posts"}],"about":[{"href":"https:\/\/www.ubfc.fr\/en\/wp-json\/wp\/v2\/types\/post"}],"author":[{"embeddable":true,"href":"https:\/\/www.ubfc.fr\/en\/wp-json\/wp\/v2\/users\/18"}],"replies":[{"embeddable":true,"href":"https:\/\/www.ubfc.fr\/en\/wp-json\/wp\/v2\/comments?post=44890"}],"version-history":[{"count":0,"href":"https:\/\/www.ubfc.fr\/en\/wp-json\/wp\/v2\/posts\/44890\/revisions"}],"wp:attachment":[{"href":"https:\/\/www.ubfc.fr\/en\/wp-json\/wp\/v2\/media?parent=44890"}],"wp:term":[{"taxonomy":"category","embeddable":true,"href":"https:\/\/www.ubfc.fr\/en\/wp-json\/wp\/v2\/categories?post=44890"}],"curies":[{"name":"wp","href":"https:\/\/api.w.org\/{rel}","templated":true}]}}